{"id":54239,"date":"2022-11-08T23:14:32","date_gmt":"2022-11-09T02:14:32","guid":{"rendered":"https:\/\/vocesparalelas.com.ar\/sitio\/?p=54239"},"modified":"2022-11-09T23:57:57","modified_gmt":"2022-11-10T02:57:57","slug":"que-significa-39-anos-de-la-facultad-de-arquitectura-urbanismo-y-diseno-de-la-unsj","status":"publish","type":"post","link":"https:\/\/vocesparalelas.com.ar\/sitio\/que-significa-39-anos-de-la-facultad-de-arquitectura-urbanismo-y-diseno-de-la-unsj\/","title":{"rendered":"\u00bfQu\u00e9 significa 39 a\u00f1os de la Facultad de Arquitectura, Urbanismo y Dise\u00f1o de la UNSJ?"},"content":{"rendered":"<p>El Mi\u00e9rcoles, 9 de Noviembre de 2022, se conmemora 39 a\u00f1os de la Facultad de Arquitectura, Urbanismo y Dise\u00f1o de la Universidad Nacional de San Juan, que se encuentra en el CUIM, Meglioli e Ignacio de la Roza, Departamento Rivadavia, Provincia de San Juan, Rep\u00fablica Argentina.<\/p>\n<p>Por ello, Voces Paralelas desarroll\u00f3 una entrevista period\u00edstica al Decano de la FAUD de la UNSJ, Arq. Guillermo Velasco, quien lidera la gesti\u00f3n y explic\u00f3 lo que significa 39 a\u00f1os de la Unidad Acad\u00e9mica.<\/p>\n<p><iframe loading=\"lazy\" title=\"FAUD UNSJ DECANO ARQ. GUILLERMO VELASCO\" width=\"800\" height=\"450\" src=\"https:\/\/www.youtube.com\/embed\/ibC7a4U-lug?feature=oembed\" frameborder=\"0\" allow=\"accelerometer; autoplay; clipboard-write; encrypted-media; gyroscope; picture-in-picture\" allowfullscreen><\/iframe><\/p>\n<p>&nbsp;<\/p>\n<p>&nbsp;<\/p>\n<p><img loading=\"lazy\" decoding=\"async\" class=\"alignnone size-full wp-image-52042\" src=\"https:\/\/vocesparalelas.com.ar\/sitio\/wp-content\/uploads\/2022\/08\/FAUD-CUIM-07.jpg\" alt=\"\" width=\"800\" height=\"533\" srcset=\"https:\/\/vocesparalelas.com.ar\/sitio\/wp-content\/uploads\/2022\/08\/FAUD-CUIM-07.jpg 800w, https:\/\/vocesparalelas.com.ar\/sitio\/wp-content\/uploads\/2022\/08\/FAUD-CUIM-07-300x200.jpg 300w, https:\/\/vocesparalelas.com.ar\/sitio\/wp-content\/uploads\/2022\/08\/FAUD-CUIM-07-768x512.jpg 768w\" sizes=\"auto, (max-width: 800px) 100vw, 800px\" \/><\/p>\n<p>Publicado el Martes, 08 de Noviembre de 2022<\/p>\n","protected":false},"excerpt":{"rendered":"<p>El Mi\u00e9rcoles, 9 de Noviembre de 2022, se conmemora 39 a\u00f1os de la Facultad de Arquitectura, Urbanismo y Dise\u00f1o de<\/p>\n","protected":false},"author":3,"featured_media":54241,"comment_status":"closed","ping_status":"closed","sticky":false,"template":"","format":"video","meta":{"_acf_changed":false,"_seopress_robots_primary_cat":"none","_seopress_titles_title":"","_seopress_titles_desc":"","_seopress_robots_index":"","colormag_page_container_layout":"default_layout","colormag_page_sidebar_layout":"default_layout","footnotes":""},"categories":[10,7],"tags":[],"class_list":["post-54239","post","type-post","status-publish","format-video","has-post-thumbnail","hentry","category-opiniones","category-videos","post_format-post-format-video"],"acf":[],"_links":{"self":[{"href":"https:\/\/vocesparalelas.com.ar\/sitio\/wp-json\/wp\/v2\/posts\/54239","targetHints":{"allow":["GET"]}}],"collection":[{"href":"https:\/\/vocesparalelas.com.ar\/sitio\/wp-json\/wp\/v2\/posts"}],"about":[{"href":"https:\/\/vocesparalelas.com.ar\/sitio\/wp-json\/wp\/v2\/types\/post"}],"author":[{"embeddable":true,"href":"https:\/\/vocesparalelas.com.ar\/sitio\/wp-json\/wp\/v2\/users\/3"}],"replies":[{"embeddable":true,"href":"https:\/\/vocesparalelas.com.ar\/sitio\/wp-json\/wp\/v2\/comments?post=54239"}],"version-history":[{"count":1,"href":"https:\/\/vocesparalelas.com.ar\/sitio\/wp-json\/wp\/v2\/posts\/54239\/revisions"}],"predecessor-version":[{"id":54242,"href":"https:\/\/vocesparalelas.com.ar\/sitio\/wp-json\/wp\/v2\/posts\/54239\/revisions\/54242"}],"wp:featuredmedia":[{"embeddable":true,"href":"https:\/\/vocesparalelas.com.ar\/sitio\/wp-json\/wp\/v2\/media\/54241"}],"wp:attachment":[{"href":"https:\/\/vocesparalelas.com.ar\/sitio\/wp-json\/wp\/v2\/media?parent=54239"}],"wp:term":[{"taxonomy":"category","embeddable":true,"href":"https:\/\/vocesparalelas.com.ar\/sitio\/wp-json\/wp\/v2\/categories?post=54239"},{"taxonomy":"post_tag","embeddable":true,"href":"https:\/\/vocesparalelas.com.ar\/sitio\/wp-json\/wp\/v2\/tags?post=54239"}],"curies":[{"name":"wp","href":"https:\/\/api.w.org\/{rel}","templated":true}]}}