{"id":54223,"date":"2022-11-08T22:45:20","date_gmt":"2022-11-09T01:45:20","guid":{"rendered":"https:\/\/vocesparalelas.com.ar\/sitio\/?p=54223"},"modified":"2022-11-09T10:22:50","modified_gmt":"2022-11-09T13:22:50","slug":"se-desarrolla-el-1-congreso-latinoamericano-de-ciencia-tecnologia-y-sociedad-en-san-juan","status":"publish","type":"post","link":"https:\/\/vocesparalelas.com.ar\/sitio\/se-desarrolla-el-1-congreso-latinoamericano-de-ciencia-tecnologia-y-sociedad-en-san-juan\/","title":{"rendered":"Se desarrolla el 1\u00b0 Congreso Latinoamericano de Ciencia, Tecnolog\u00eda y Sociedad en San Juan"},"content":{"rendered":"<p>En el Hall Central de la Universidad Nacional de San Juan se desarroll\u00f3 la apertura del 1\u00b0 Congreso Latinoamericano de Ciencia, Tecnolog\u00eda y Sociedad, que se desarrolla del 8 al 11 de Noviembre de 2022.<\/p>\n<p>Acompa\u00f1aron el rector de la Universidad Nacional de San Juan, Ing. Tadeo Berenguer; el Gobernador de San Juan, Dr. Sergio U\u00f1ac, el secretario de Ciencia y Tecnolog\u00eda de la UNSJ, Dr. Eric Laciar, la vicerrectora de la UCCuyo, Lic. Mar\u00eda Simonazi; secretaria de Estado de Ciencia, Tecnolog\u00eda e Innovaci\u00f3n del Gobierno de San Juan, Ing. Marita Benavente; el ministro de la Corte de Justicia, Dr. Marcelo Lima, expositores, participantes y otros funcionarios.<\/p>\n<p><img loading=\"lazy\" decoding=\"async\" class=\"alignnone size-full wp-image-54226\" src=\"https:\/\/vocesparalelas.com.ar\/sitio\/wp-content\/uploads\/2022\/11\/UNSJ-CONGRESO-CIENTIFICO-02.jpg\" alt=\"\" width=\"800\" height=\"533\" srcset=\"https:\/\/vocesparalelas.com.ar\/sitio\/wp-content\/uploads\/2022\/11\/UNSJ-CONGRESO-CIENTIFICO-02.jpg 800w, https:\/\/vocesparalelas.com.ar\/sitio\/wp-content\/uploads\/2022\/11\/UNSJ-CONGRESO-CIENTIFICO-02-300x200.jpg 300w, https:\/\/vocesparalelas.com.ar\/sitio\/wp-content\/uploads\/2022\/11\/UNSJ-CONGRESO-CIENTIFICO-02-768x512.jpg 768w\" sizes=\"auto, (max-width: 800px) 100vw, 800px\" \/><\/p>\n<p>El lema del congreso es \u201cDesaf\u00edos pospandemia de la investigaci\u00f3n cient\u00edfica, del desarrollo tecnol\u00f3gico y social para la reconfiguraci\u00f3n de los escenarios pol\u00edticos, econ\u00f3micos, sociales, culturales y ambientales de nuestras naciones\u201d.<\/p>\n<p>Este nuevo espacio de debate, construcci\u00f3n colectiva y prospectiva de la investigaci\u00f3n cient\u00edfica, est\u00e1 coorganizado por la Universidad Nacional de San Juan, la Universidad Cat\u00f3lica de Cuyo, y el Gobierno de la Provincia de San Juan, a trav\u00e9s de la Secretar\u00eda de Estado de Ciencia, Tecnolog\u00eda e Innovaci\u00f3n.<\/p>\n<p>El prop\u00f3sito del congreso es brindar un espacio de actualizaci\u00f3n multidisciplinaria en las distintas \u00e1reas del conocimiento, proponiendo una amplia convocatoria y participaci\u00f3n de investigadores de las universidades nacionales de Argentina y de Latinoam\u00e9rica.<\/p>\n<p>Hay m\u00e1s de 1600 inscriptos con contribuciones en diferentes disciplinas cient\u00edficas: ciencias sociales, humanidades y artes, ingenier\u00eda, exactas, f\u00edsicas y naturales, de la salud, econ\u00f3micas, jur\u00eddicas, arquitectura-urbanismo y dise\u00f1o y de la educaci\u00f3n.<\/p>\n<div class=\"itemBody\">\n<div class=\"itemFullText\">\n<p>Participan investigadores de otras provincias y de m\u00e1s de 5 pa\u00edses de Latinoam\u00e9rica, como as\u00ed tambi\u00e9n cient\u00edficos destacados en cada disciplina.<\/p>\n<p>El Gobierno contribuye con una mesa en donde 4 pensadores de la gesti\u00f3n cient\u00edfica y tecnol\u00f3gica reconocidos nacional e internacionalmente podr\u00e1n exponer los desaf\u00edos que se vislumbran en el Siglo XXI.<\/p>\n<p>En la apertura del acto, actu\u00f3 el Coro Universitario de la UNSJ poniendo color musical Latinoamericano y fue aplaudido por los presentes.<\/p>\n<p><iframe loading=\"lazy\" title=\"UNSJ CORO UNIVERSITARIO\" width=\"800\" height=\"450\" src=\"https:\/\/www.youtube.com\/embed\/F1kTpetQGWQ?feature=oembed\" frameborder=\"0\" allow=\"accelerometer; autoplay; clipboard-write; encrypted-media; gyroscope; picture-in-picture\" allowfullscreen><\/iframe><\/p>\n<p>&nbsp;<\/p>\n<p>Luego se conform\u00f3 la Mesa acad\u00e9mica integrada por los organismos que colaboraron en la organizaci\u00f3n del 1\u00b0 Congreso Latinoamericano de Ciencia, Tecnolog\u00eda y Sociedad \u201cDesaf\u00edos pospandemia de la investigaci\u00f3n cient\u00edfica, del desarrollo tecnol\u00f3gico y social para la reconfiguraci\u00f3n de los escenarios pol\u00edticos, econ\u00f3micos, sociales, culturales y ambientales de nuestras naciones\u201d.<\/p>\n<p>Posteriormente, el el secretario de Ciencia y Tecnolog\u00eda de la UNSJ y coordinador del Congreso, Dr. Eric Laciar, quien hizo referencia a las consecuencias de la pandemia COVID-19 y sus nefastas consecuencias en todo el mundo, lo que puso al sistema de salud e investigadores a trabajar en el desaf\u00edo. \u201cEste es un claro ejemplo de c\u00f3mo el desarrollo cient\u00edfico y tecnol\u00f3gico, puesto al servicio de la sociedad, pudo salvar millones de vidas\u201d.<\/p>\n<p><iframe loading=\"lazy\" title=\"UNSJ DR ERIC LACIAR\" width=\"800\" height=\"450\" src=\"https:\/\/www.youtube.com\/embed\/ejMzyy95xy0?feature=oembed\" frameborder=\"0\" allow=\"accelerometer; autoplay; clipboard-write; encrypted-media; gyroscope; picture-in-picture\" allowfullscreen><\/iframe><\/p>\n<\/div>\n<p>Seguidamente, la secretaria de Estado de Ciencia, Tecnolog\u00eda e Innovaci\u00f3n del Gobierno de San Juan, Ing. Marita Benavente destac\u00f3 que \u00e9ste congreso tiene como objetivos lograr una apertura hacia la sociedad en materia de ciencia y tecnolog\u00eda, fundamentalmente luego de la Pandemia. \u201cDe \u00e9ste encuentro esperamos que surjan ideas para los problemas sociales que dej\u00f3 la Pandemia, que nos ayuden a innovar desde los sectores p\u00fablico y privado, que es lo que necesitamos para vivir mejor\u201d.<\/p>\n<p><iframe loading=\"lazy\" title=\"UNSJ SECITI ING MARITA BENAVENTE\" width=\"800\" height=\"450\" src=\"https:\/\/www.youtube.com\/embed\/AzNW8-_Gt8E?feature=oembed\" frameborder=\"0\" allow=\"accelerometer; autoplay; clipboard-write; encrypted-media; gyroscope; picture-in-picture\" allowfullscreen><\/iframe><\/p>\n<div class=\"itemFullText\">\n<p>Luego, a vicerrectora de la UCCuyo, Lic. Mar\u00eda Simonazi se refiri\u00f3 a vinculaci\u00f3n de las facultades con los nuevos desaf\u00edos de la pospandemia, fundamentalmente en la manera de ense\u00f1ar . \u201cLos espacios de di\u00e1logo e intercambio que se generar\u00e1n en \u00e9stas jornadas, sean beneficiosos, ya que deben generar una valiosa mirada sobre los avances cient\u00edfico acad\u00e9mico respecto de los desaf\u00edos sociales de la pospandemia\u201d.<\/p>\n<p><iframe loading=\"lazy\" title=\"UNSJ UCCUYO LIC MAR\u00cdA SIMONAZI\" width=\"800\" height=\"450\" src=\"https:\/\/www.youtube.com\/embed\/nF7GijmxN9c?feature=oembed\" frameborder=\"0\" allow=\"accelerometer; autoplay; clipboard-write; encrypted-media; gyroscope; picture-in-picture\" allowfullscreen><\/iframe><\/p>\n<p>A continuaci\u00f3n, el rector de la UNSJ, Ing. Tadeo Berenguer apost\u00f3 a la importancia del intercambio cient\u00edfico para hacer frente con eficiencia a los nuevos desaf\u00edos pospandemia. \u201cPara ello, es necesario que la ciencia y la innovaci\u00f3n sean parte de los problemas que enfrenta el mundo, para transformar la vida de los pueblos latinoamericanos\u201d.<\/p>\n<p><iframe loading=\"lazy\" title=\"UNSJ ING TADEO BERENGUER\" width=\"800\" height=\"450\" src=\"https:\/\/www.youtube.com\/embed\/AGWLSVOWI1s?feature=oembed\" frameborder=\"0\" allow=\"accelerometer; autoplay; clipboard-write; encrypted-media; gyroscope; picture-in-picture\" allowfullscreen><\/iframe><\/p>\n<p>&nbsp;<\/p>\n<p>Cerr\u00f3, el Gobernador de San Juan, Dr. Sergio U\u00f1ac, quien hizo hincapi\u00e9 en el desarrollo y crecimiento del turismo cultural y deportivo de San Juan. \u201cLa ciencia y la investigaci\u00f3n nos atraviesa, a las actividades econ\u00f3micas, en el desaf\u00edo y el desarrollo de otras actividades sociales tambi\u00e9n\u201d.<\/p>\n<p><iframe loading=\"lazy\" title=\"UNSJ DR SERGIO U\u00d1AC\" width=\"800\" height=\"450\" src=\"https:\/\/www.youtube.com\/embed\/Xfme_4KCiWc?feature=oembed\" frameborder=\"0\" allow=\"accelerometer; autoplay; clipboard-write; encrypted-media; gyroscope; picture-in-picture\" allowfullscreen><\/iframe><\/p>\n<p><img loading=\"lazy\" decoding=\"async\" class=\"alignnone size-full wp-image-54227\" src=\"https:\/\/vocesparalelas.com.ar\/sitio\/wp-content\/uploads\/2022\/11\/UNSJ-CONGRESO-CIENTIFICO-03.jpg\" alt=\"\" width=\"800\" height=\"533\" srcset=\"https:\/\/vocesparalelas.com.ar\/sitio\/wp-content\/uploads\/2022\/11\/UNSJ-CONGRESO-CIENTIFICO-03.jpg 800w, https:\/\/vocesparalelas.com.ar\/sitio\/wp-content\/uploads\/2022\/11\/UNSJ-CONGRESO-CIENTIFICO-03-300x200.jpg 300w, https:\/\/vocesparalelas.com.ar\/sitio\/wp-content\/uploads\/2022\/11\/UNSJ-CONGRESO-CIENTIFICO-03-768x512.jpg 768w\" sizes=\"auto, (max-width: 800px) 100vw, 800px\" \/><\/p>\n<\/div>\n<\/div>\n<p>&nbsp;<\/p>\n<p><a href=\"https:\/\/vocesparalelas.com.ar\/sitio\/wp-content\/uploads\/2022\/11\/UNSJ-CONFERENCIAS-MAGISTRALES.pdf\">UNSJ-CONFERENCIAS MAGISTRALES<\/a><\/p>\n<p><a href=\"https:\/\/vocesparalelas.com.ar\/sitio\/wp-content\/uploads\/2022\/11\/UNSJ-programa-general-congreso.pdf\">UNSJ-programa general congreso<\/a><\/p>\n<p><a href=\"https:\/\/vocesparalelas.com.ar\/sitio\/wp-content\/uploads\/2022\/11\/UNSJ-PONENCIAS-PROGRAMA-DEFINITIVO.pdf\">UNSJ-PONENCIAS-PROGRAMA-DEFINITIVO<\/a><\/p>\n<p><a href=\"https:\/\/vocesparalelas.com.ar\/sitio\/wp-content\/uploads\/2022\/11\/UNSJ-POSTERS-PROGRAMA-DEFINITIVO.pdf\">UNSJ-POSTERS-PROGRAMA-DEFINITIVO<\/a><\/p>\n<div class=\"itemBody\">\n<p>&nbsp;<\/p>\n<div class=\"clr\"><\/div>\n<div class=\"itemContentFooter\">\n<p><span class=\"itemDateModified\">Publicado el Martes, 08 de Noviembre de 2022<\/span><\/p>\n<div class=\"clr\"><\/div>\n<\/div>\n<\/div>\n","protected":false},"excerpt":{"rendered":"<p>En el Hall Central de la Universidad Nacional de San Juan se desarroll\u00f3 la apertura del 1\u00b0 Congreso Latinoamericano de<\/p>\n","protected":false},"author":3,"featured_media":54225,"comment_status":"closed","ping_status":"closed","sticky":false,"template":"","format":"video","meta":{"_acf_changed":false,"_seopress_robots_primary_cat":"none","_seopress_titles_title":"","_seopress_titles_desc":"","_seopress_robots_index":"","colormag_page_container_layout":"default_layout","colormag_page_sidebar_layout":"default_layout","footnotes":""},"categories":[1,7],"tags":[],"class_list":["post-54223","post","type-post","status-publish","format-video","has-post-thumbnail","hentry","category-destacadas","category-videos","post_format-post-format-video"],"acf":[],"_links":{"self":[{"href":"https:\/\/vocesparalelas.com.ar\/sitio\/wp-json\/wp\/v2\/posts\/54223","targetHints":{"allow":["GET"]}}],"collection":[{"href":"https:\/\/vocesparalelas.com.ar\/sitio\/wp-json\/wp\/v2\/posts"}],"about":[{"href":"https:\/\/vocesparalelas.com.ar\/sitio\/wp-json\/wp\/v2\/types\/post"}],"author":[{"embeddable":true,"href":"https:\/\/vocesparalelas.com.ar\/sitio\/wp-json\/wp\/v2\/users\/3"}],"replies":[{"embeddable":true,"href":"https:\/\/vocesparalelas.com.ar\/sitio\/wp-json\/wp\/v2\/comments?post=54223"}],"version-history":[{"count":8,"href":"https:\/\/vocesparalelas.com.ar\/sitio\/wp-json\/wp\/v2\/posts\/54223\/revisions"}],"predecessor-version":[{"id":54248,"href":"https:\/\/vocesparalelas.com.ar\/sitio\/wp-json\/wp\/v2\/posts\/54223\/revisions\/54248"}],"wp:featuredmedia":[{"embeddable":true,"href":"https:\/\/vocesparalelas.com.ar\/sitio\/wp-json\/wp\/v2\/media\/54225"}],"wp:attachment":[{"href":"https:\/\/vocesparalelas.com.ar\/sitio\/wp-json\/wp\/v2\/media?parent=54223"}],"wp:term":[{"taxonomy":"category","embeddable":true,"href":"https:\/\/vocesparalelas.com.ar\/sitio\/wp-json\/wp\/v2\/categories?post=54223"},{"taxonomy":"post_tag","embeddable":true,"href":"https:\/\/vocesparalelas.com.ar\/sitio\/wp-json\/wp\/v2\/tags?post=54223"}],"curies":[{"name":"wp","href":"https:\/\/api.w.org\/{rel}","templated":true}]}}