{"id":54219,"date":"2022-11-08T22:57:09","date_gmt":"2022-11-09T01:57:09","guid":{"rendered":"https:\/\/vocesparalelas.com.ar\/sitio\/?p=54219"},"modified":"2022-11-09T16:54:02","modified_gmt":"2022-11-09T19:54:02","slug":"noches-magicas-en-el-leoncito-san-juan","status":"publish","type":"post","link":"https:\/\/vocesparalelas.com.ar\/sitio\/noches-magicas-en-el-leoncito-san-juan\/","title":{"rendered":"\u201cNoches M\u00e1gicas\u201d en el Leoncito San Juan"},"content":{"rendered":"<div class=\"itemFullText\">\n<p>Con motivo de celebrar un nuevo aniversario de los Parques Nacionales de Argentina, el Leoncito se suma a \u201cNoches M\u00e1gicas\u201d, una experiencia que permitir\u00e1 vivir un momento \u00fanico en el Complejo.<\/p>\n<p>El S\u00e1bado, 12 y el Domingo, 13 de Noviembre se puede disfrutar del mejor cielo de Sudam\u00e9rica desde los observatorios Casleo y Cesco. Una cena junto al exquisito sabor de vinos locales alrededor de un fog\u00f3n, experiencia de astroturismo, trekking con distintos niveles de dificultad por el Sendero al Cerro El Leoncito y Sendero Paisajes de Agua, coronar\u00e1n la estad\u00eda en el parque.<\/p>\n<p>La actividad es abierta al p\u00fablico, pero con cupo limitados. Los interesados pueden comunicarse al 011 15 40249914 habilitado para la reserva de Noches M\u00e1gicas.<\/p>\n<p>Hace 119 a\u00f1os, un 6 de noviembre de 1903, el cient\u00edfico y explorador Francisco P. Moreno cedi\u00f3 al Estado Argentino unas 7500 hect\u00e1reas ubicadas cerca de Laguna Fr\u00edas y Puerto Blest, al oeste del lago Nahuel Huapi, con el fin de que \u201csean consagradas como parque p\u00fablico natural\u201d.<\/p>\n<p>As\u00ed, con la creaci\u00f3n del Parque Nacional del Sur, comenz\u00f3 la historia en materia de \u00e1reas protegidas con el fin de conservar la biodiversidad. San Juan cuenta con dos reservas protegidas, San Guillermo y El Leoncito.<\/p>\n<\/div>\n<div class=\"clr\"><\/div>\n<div class=\"itemContentFooter\"><span class=\"itemDateModified\">Publicado el Martes, 08 de Noviembre de 2022\u00a0<\/span><\/div>\n","protected":false},"excerpt":{"rendered":"<p>Con motivo de celebrar un nuevo aniversario de los Parques Nacionales de Argentina, el Leoncito se suma a \u201cNoches M\u00e1gicas\u201d,<\/p>\n","protected":false},"author":3,"featured_media":54221,"comment_status":"closed","ping_status":"closed","sticky":false,"template":"","format":"standard","meta":{"_acf_changed":false,"_seopress_robots_primary_cat":"none","_seopress_titles_title":"","_seopress_titles_desc":"","_seopress_robots_index":"","colormag_page_container_layout":"default_layout","colormag_page_sidebar_layout":"default_layout","footnotes":""},"categories":[20],"tags":[],"class_list":["post-54219","post","type-post","status-publish","format-standard","has-post-thumbnail","hentry","category-cartelera"],"acf":[],"_links":{"self":[{"href":"https:\/\/vocesparalelas.com.ar\/sitio\/wp-json\/wp\/v2\/posts\/54219","targetHints":{"allow":["GET"]}}],"collection":[{"href":"https:\/\/vocesparalelas.com.ar\/sitio\/wp-json\/wp\/v2\/posts"}],"about":[{"href":"https:\/\/vocesparalelas.com.ar\/sitio\/wp-json\/wp\/v2\/types\/post"}],"author":[{"embeddable":true,"href":"https:\/\/vocesparalelas.com.ar\/sitio\/wp-json\/wp\/v2\/users\/3"}],"replies":[{"embeddable":true,"href":"https:\/\/vocesparalelas.com.ar\/sitio\/wp-json\/wp\/v2\/comments?post=54219"}],"version-history":[{"count":1,"href":"https:\/\/vocesparalelas.com.ar\/sitio\/wp-json\/wp\/v2\/posts\/54219\/revisions"}],"predecessor-version":[{"id":54222,"href":"https:\/\/vocesparalelas.com.ar\/sitio\/wp-json\/wp\/v2\/posts\/54219\/revisions\/54222"}],"wp:featuredmedia":[{"embeddable":true,"href":"https:\/\/vocesparalelas.com.ar\/sitio\/wp-json\/wp\/v2\/media\/54221"}],"wp:attachment":[{"href":"https:\/\/vocesparalelas.com.ar\/sitio\/wp-json\/wp\/v2\/media?parent=54219"}],"wp:term":[{"taxonomy":"category","embeddable":true,"href":"https:\/\/vocesparalelas.com.ar\/sitio\/wp-json\/wp\/v2\/categories?post=54219"},{"taxonomy":"post_tag","embeddable":true,"href":"https:\/\/vocesparalelas.com.ar\/sitio\/wp-json\/wp\/v2\/tags?post=54219"}],"curies":[{"name":"wp","href":"https:\/\/api.w.org\/{rel}","templated":true}]}}