{"id":54215,"date":"2022-11-08T23:00:07","date_gmt":"2022-11-09T02:00:07","guid":{"rendered":"https:\/\/vocesparalelas.com.ar\/sitio\/?p=54215"},"modified":"2022-11-09T23:58:21","modified_gmt":"2022-11-10T02:58:21","slug":"ganadores-del-concurso-literario-jorge-leonidas-escudero-edicion-2022-de-san-juan","status":"publish","type":"post","link":"https:\/\/vocesparalelas.com.ar\/sitio\/ganadores-del-concurso-literario-jorge-leonidas-escudero-edicion-2022-de-san-juan\/","title":{"rendered":"Ganadores del Concurso Literario \u201cJorge Le\u00f3nidas Escudero\u201d edici\u00f3n 2022 de San Juan"},"content":{"rendered":"<div class=\"itemFullText jbintrotext\">\n<p>El vicegobernador y presidente nato de la C\u00e1mara de Diputados, CPN Roberto Gattoni presidi\u00f3 la ceremonia de entrega de diplomas y distinci\u00f3n a los ganadores del concurso literario \u201cJorge Le\u00f3nidas Escudero\u201d edici\u00f3n 2022, en el Auditorio Emar Acosta del Anexo de la Legislatura Provincial.<\/p>\n<\/div>\n<div class=\"itemFullText\">\n<p>En la ocasi\u00f3n el titular del Poder Legislativo estuvo acompa\u00f1ado en la mesa de autoridades por el intendente municipal de la Ciudad de San Juan, Dr. Emilio Baistrochi; el vicepresidente primero del cuerpo legislativo, diputado, Eduardo Cabello; la secretaria de Cultura de la provincia, Lic. Virginia Agote; por la Universidad Nacional de San Juan, la coordinadora de la Editorial Universitaria, Lic. Paula Mateos; la directora del Instituto de Investigaciones Ling\u00fc\u00edsticas y Filol\u00f3gicas \u201cManuel Alvar\u201d (INILFI), Dra. A\u00edda Gonz\u00e1lez, y los secretarios Legislativo y Administrativo de la C\u00e1mara de Diputados, Dr. Nicol\u00e1s Alvo L\u00f3pez y Lic. Roberto Iglesias, respectivamente.<\/p>\n<p>Adem\u00e1s, asistieron las y los siguientes diputadas y diputados provinciales: Celina Ramella, Fernanda Paredes, Juan Carlos Abarca, Horacio Quiroga, Francisco Gast\u00f3n Berenguer, Rub\u00e9n Alberto Carri\u00f3n, Jos\u00e9 Luis Esteve, Mario Romero y Gustavo Rodr\u00edguez.<\/p>\n<p>En primer t\u00e9rmino, el director de Relaciones con la Comunidad, Ubaldo Hidalgo, present\u00f3 el videoclip \u201cHerederas\u201d, un homenaje a la figura de Emar Acosta, primera mujer legisladora de Am\u00e9rica Latina, pensado y realizado para plataformas y redes sociales, con el doble prop\u00f3sito de poner en valor su inmensa obra entre el p\u00fablico joven y al mismo tiempo, dar a conocer aspectos de su vida familiar, como tambi\u00e9n su sensibilidad para el piano y el canto.<\/p>\n<p>En el marco del concurso literario San Juan Escribe 2022 se hizo entrega del diploma a la participaci\u00f3n como miembro del jurado a Gustavo Romero Borri, de la provincia de San Luis, quien recibi\u00f3 en representaci\u00f3n de las destacadas personalidades que conformaron el jurado de selecci\u00f3n, quienes tuvieron la tarea de evaluar m\u00e1s de un centenar de obras de escritores residentes en los 19 departamentos de la provincia.<\/p>\n<p>Tras la entrega del Diploma, los integrantes de la mesa de autoridades destacaron la importancia de llevar a cabo el concurso desde el a\u00f1o 2015, cuyo objetivo es el de fomentar la labor literaria de todos los escritores sanjuaninos y editores regionales. Adem\u00e1s, recordaron con \u00e9nfasis la figura del escritor Jorge Le\u00f3nidas Escudero, al cual deben el nombre del premio San Juan Escribe.<\/p>\n<p>El concurso, que forma parte de la agenda cultural de la provincia, busca estimular la vocaci\u00f3n y la tarea literaria en escritoras y escritores de todos los departamentos, favoreciendo as\u00ed la multiplicidad de voces, que le imprimen su variado colorido local y su aporte a la identidad sanjuanina.<\/p>\n<p>En tanto, el titular del Poder Legislativo, CPN Roberto Gattoni destac\u00f3 la importancia del trabajo mancomunado con los departamentos que conforman nuestra provincia para poner en valor a los actores culturales locales, resaltando la participaci\u00f3n masiva en el concurso.<\/p>\n<p>Por otro lado, hizo menci\u00f3n a la conformaci\u00f3n de la Antolog\u00eda literaria del Bicentenario de la C\u00e1mara de Diputados, donde fueron incorporadas sesenta obras literarias de los concursantes que no fueron premiados pero con una alt\u00edsima calidad y que en la actualidad est\u00e1n en proceso de edici\u00f3n.<\/p>\n<p>Asimismo, recalc\u00f3 Gattoni que la Legislatura asisti\u00f3 a los autores para que puedan registrar en forma gratuita los derechos de autor y as\u00ed, de esta manera, hubo un registro de 200 obras.<\/p>\n<p>Por \u00faltimo, el titular de la C\u00e1mara de Diputados extendi\u00f3 un especial agradecimiento a todos y cada uno de los que colaboraron para la concreci\u00f3n de esta nueva edici\u00f3n del concurso, y sobre el particular, puso de manifiesto \u00a0el compromiso adquirido y formul\u00f3 una invitaci\u00f3n para seguir trabajando juntos en favor de la cultura de nuestra provincia como pol\u00edtica de Estado.<\/p>\n<p>Inmediatamente despu\u00e9s fueron entregados los diplomas a las obras galardonadas en 1\u00ba puesto, 2\u00ba puesto y menci\u00f3n especial de cada una de las categor\u00edas literarias.<\/p>\n<p><span style=\"color: #800080;\"><strong>N\u00f3mina de ganadores del Concurso Literario \u00abPremio Jorge Le\u00f3nidas Escudero &#8211; Edici\u00f3n 2022<\/strong><\/span><\/p>\n<p><span style=\"color: #800080;\"><strong>Categor\u00eda Poema<\/strong><\/span><\/p>\n<p>1\u00b0 Lugar: Mu\u00f1oz, Paolo Alexander, T\u00edtulo de la Obra \u201cEn Vilo\u201d; Departamento Capital<\/p>\n<p>2\u00b0 Lugar: Aparici Quiles, Mario Mat\u00edas, T\u00edtulo de la Obra \u201cImposici\u00f3n de la Vida\u201d, Departamento Rivadavia<\/p>\n<p>Menci\u00f3n Especial: Pin, Nora M\u00f3nica, T\u00edtulo de la Obra \u201cCivilizaci\u00f3n\u201d, Departamento Chimbas<\/p>\n<p><span style=\"color: #800080;\"><strong>Categor\u00eda Cuentos<\/strong><\/span><\/p>\n<p>1\u00b0 Lugar: Bustamante Biltes, Pablo Esteban, T\u00edtulo de la Obra \u201cPerfume de Gol\u201d, Departamento Chimbas<\/p>\n<p>2\u00b0 Lugar: Saquil\u00e1n Ruffa, Gabriel Octavio, T\u00edtulo de la Obra \u201cLa Joroba\u201d, Departamento Capital<\/p>\n<p>Menci\u00f3n Especial: Fonseca, Miriam Mabel, T\u00edtulo de la Obra \u201cKiran. El Duende de la Luna\u201d, Departamento Caucete<\/p>\n<p>Menci\u00f3n Especial: Bondanza, Alejandra In\u00e9s, T\u00edtulo de la Obra \u201cComo si me quisieras\u201d, Departamento Rawson<\/p>\n<p><span style=\"color: #800080;\"><strong>Categor\u00eda<\/strong> <strong>Relatos Breves<\/strong><\/span><\/p>\n<p>1\u00b0 Lugar: Victoria De Cara, Ana Sol, T\u00edtulo de la Obra \u201cMedianera\u201d, Departamento Capital<\/p>\n<p>2<strong>\u00b0<\/strong> Lugar: Carbajo Mereles, Camila, T\u00edtulo de la Obra \u201cDulce de Naranja\u201d Departamento Capital<\/p>\n<p>Menci\u00f3n Especial: Rubi\u00f1o, Rosana Cristina, T\u00edtulo de la Obra \u201cLa ventana del este\u201d Departamento Santa Luc\u00eda<\/p>\n<p>Menci\u00f3n Especial: Flores, Eduardo Alberto, T\u00edtulo de la Obra \u201cMi Vieja Casa\u201d, Departamento Rivadavia<\/p>\n<p><span style=\"color: #800080;\"><strong>Categor\u00eda<\/strong> <strong>Novelas<\/strong><\/span><\/p>\n<p>1\u00b0 Lugar: Rojas Mac\u00edas, Pablo Elias, T\u00edtulo de la Obra \u201cEl Sue\u00f1o de la Calandria\u201d, Departamento Capital<\/p>\n<p>2\u00b0 Lugar: Lucero, Nora Adriana, T\u00edtulo de la Obra \u201cSecreto de Sumario\u201d, Departamento Capital<\/p>\n<p>Menci\u00f3n Especial: Cataldo Loza, Axel Brian, T\u00edtulo de la Obra \u201cAlter vu: una segunda oportunidad\u201d Departamento Caucete<\/p>\n<p><span style=\"color: #800080;\"><strong>Categor\u00eda Ensayos<\/strong><\/span><\/p>\n<p>1\u00b0 Lugar: Rodr\u00edguez Gil, Francisco Eduardo, T\u00edtulo de la Obra \u201cDeolinda Correa\u201d, Departamento Capital<\/p>\n<p>2\u00b0 Lugar: Rodr\u00edguez, Aixa In\u00e9s; Albarrac\u00edn Baez, Alejandra Valeria; Gr\u00edgolo, Mar\u00eda Agostina; Tejada Flavia; Sales, Romina Giselle y Naranjo, Romina, T\u00edtulo de la Obra \u201cLo que me pas\u00f3 en el sismo\u201d, Departamento Pocito<\/p>\n<p>Menci\u00f3n Especial: S\u00e1nchez N\u00e9stor Guido, T\u00edtulo de la Obra \u201cKrons\u201d, Departamento Caucete<\/p>\n<p><span style=\"color: #800080;\"><strong>Categor\u00eda <\/strong><strong>Tesis, tesinas y trabajos de investigaci\u00f3n<\/strong><\/span><\/p>\n<p>1\u00b0 Lugar: Varese Cantoni, Daniela In\u00e9s, T\u00edtulo de la Obra \u201cBertha Pappenheim entre los estudios de g\u00e9nero y el psicoan\u00e1lisis freudiano\u201d, Departamento Capital<\/p>\n<p>2\u00b0 Lugar: Paz Trigo, Adriana Luj\u00e1n, T\u00edtulo de la Obra \u201cEl deber de no discriminaci\u00f3n e igualdad de trato como premisa para un trabaja decente. An\u00e1lisis cr\u00edtico del despido discriminatorio\u201d, Departamento Rawson<\/p>\n<p>Menci\u00f3n Especial: Villagra, Laura Elisa, T\u00edtulo de la Obra \u201cArte Sonoro en Nivel Inicial\u201d, Departamento Capital<\/p>\n<p><span style=\"color: #800080;\"><strong>Categor\u00eda Drama<\/strong><\/span><\/p>\n<p>Menci\u00f3n Especial: Gimeno, Patricia Natacha, T\u00edtulo de la Obra \u201cDe la Filosof\u00eda Vulgar\u201d, Departamento Rawson<\/p>\n<p>&nbsp;<\/p>\n<p>Publicado el Martes, 08 de Noviembre de 2022<\/p>\n<p>&nbsp;<\/p>\n<\/div>\n","protected":false},"excerpt":{"rendered":"<p>El vicegobernador y presidente nato de la C\u00e1mara de Diputados, CPN Roberto Gattoni presidi\u00f3 la ceremonia de entrega de diplomas<\/p>\n","protected":false},"author":3,"featured_media":54217,"comment_status":"closed","ping_status":"closed","sticky":false,"template":"","format":"standard","meta":{"_acf_changed":false,"_seopress_robots_primary_cat":"none","_seopress_titles_title":"","_seopress_titles_desc":"","_seopress_robots_index":"","colormag_page_container_layout":"default_layout","colormag_page_sidebar_layout":"default_layout","footnotes":""},"categories":[8],"tags":[],"class_list":["post-54215","post","type-post","status-publish","format-standard","has-post-thumbnail","hentry","category-concursos"],"acf":[],"_links":{"self":[{"href":"https:\/\/vocesparalelas.com.ar\/sitio\/wp-json\/wp\/v2\/posts\/54215","targetHints":{"allow":["GET"]}}],"collection":[{"href":"https:\/\/vocesparalelas.com.ar\/sitio\/wp-json\/wp\/v2\/posts"}],"about":[{"href":"https:\/\/vocesparalelas.com.ar\/sitio\/wp-json\/wp\/v2\/types\/post"}],"author":[{"embeddable":true,"href":"https:\/\/vocesparalelas.com.ar\/sitio\/wp-json\/wp\/v2\/users\/3"}],"replies":[{"embeddable":true,"href":"https:\/\/vocesparalelas.com.ar\/sitio\/wp-json\/wp\/v2\/comments?post=54215"}],"version-history":[{"count":1,"href":"https:\/\/vocesparalelas.com.ar\/sitio\/wp-json\/wp\/v2\/posts\/54215\/revisions"}],"predecessor-version":[{"id":54218,"href":"https:\/\/vocesparalelas.com.ar\/sitio\/wp-json\/wp\/v2\/posts\/54215\/revisions\/54218"}],"wp:featuredmedia":[{"embeddable":true,"href":"https:\/\/vocesparalelas.com.ar\/sitio\/wp-json\/wp\/v2\/media\/54217"}],"wp:attachment":[{"href":"https:\/\/vocesparalelas.com.ar\/sitio\/wp-json\/wp\/v2\/media?parent=54215"}],"wp:term":[{"taxonomy":"category","embeddable":true,"href":"https:\/\/vocesparalelas.com.ar\/sitio\/wp-json\/wp\/v2\/categories?post=54215"},{"taxonomy":"post_tag","embeddable":true,"href":"https:\/\/vocesparalelas.com.ar\/sitio\/wp-json\/wp\/v2\/tags?post=54215"}],"curies":[{"name":"wp","href":"https:\/\/api.w.org\/{rel}","templated":true}]}}