{"id":54174,"date":"2022-11-07T23:30:08","date_gmt":"2022-11-08T02:30:08","guid":{"rendered":"https:\/\/vocesparalelas.com.ar\/sitio\/?p=54174"},"modified":"2023-04-16T20:12:11","modified_gmt":"2023-04-16T23:12:11","slug":"firma-de-convenio-para-un-nodo-tecnologico-y-diplomaturas-para-el-departamento-san-martin-de-san-juan","status":"publish","type":"post","link":"https:\/\/vocesparalelas.com.ar\/sitio\/firma-de-convenio-para-un-nodo-tecnologico-y-diplomaturas-para-el-departamento-san-martin-de-san-juan\/","title":{"rendered":"Firma de convenio para un Nodo Tecnol\u00f3gico y Diplomaturas para el Departamento San Mart\u00edn de San Juan"},"content":{"rendered":"<p>El decano de la Facultad de Ciencias Exactas, F\u00edsicas y Naturales de la Universidad Nacional de San Juan, Ing.\u00a0 Rodolfo Bloch, la secretaria de Estado de Ciencia, Tecnolog\u00eda e Innovaci\u00f3n del Gobierno de San Juan, Ing. Marita Benavente y el intendente de la Municipalidad de San Mart\u00edn, CPN Cristian Andino, firmaron un convenio que permite la creaci\u00f3n del Nodo Tecnol\u00f3gico Municipal y el fortalecimiento de los puntos digitales para la formaci\u00f3n, innovaci\u00f3n, capacitaci\u00f3n y desarrollo cient\u00edfico-tecnol\u00f3gico del departamento se enmarca dentro de Proyectos Federales de Innovaci\u00f3n. El financiamiento a ese municipio alcanza los 15 millones de pesos.<\/p>\n<figure id=\"attachment_54177\" aria-describedby=\"caption-attachment-54177\" style=\"width: 800px\" class=\"wp-caption alignnone\"><img loading=\"lazy\" decoding=\"async\" class=\"size-full wp-image-54177\" src=\"https:\/\/vocesparalelas.com.ar\/sitio\/wp-content\/uploads\/2022\/11\/FCEFN-NODO-SAN-MARTIN-02.jpg\" alt=\"\" width=\"800\" height=\"533\" srcset=\"https:\/\/vocesparalelas.com.ar\/sitio\/wp-content\/uploads\/2022\/11\/FCEFN-NODO-SAN-MARTIN-02.jpg 800w, https:\/\/vocesparalelas.com.ar\/sitio\/wp-content\/uploads\/2022\/11\/FCEFN-NODO-SAN-MARTIN-02-300x200.jpg 300w, https:\/\/vocesparalelas.com.ar\/sitio\/wp-content\/uploads\/2022\/11\/FCEFN-NODO-SAN-MARTIN-02-768x512.jpg 768w\" sizes=\"auto, (max-width: 800px) 100vw, 800px\" \/><figcaption id=\"caption-attachment-54177\" class=\"wp-caption-text\">Decano de la FCEFN de la UNSJ, Ing.\u00a0 Rodolfo Bloch<\/figcaption><\/figure>\n<figure id=\"attachment_54179\" aria-describedby=\"caption-attachment-54179\" style=\"width: 800px\" class=\"wp-caption alignnone\"><img loading=\"lazy\" decoding=\"async\" class=\"size-full wp-image-54179\" src=\"https:\/\/vocesparalelas.com.ar\/sitio\/wp-content\/uploads\/2022\/11\/FCEFN-NODO-SAN-MARTIN-05.jpg\" alt=\"\" width=\"800\" height=\"533\" srcset=\"https:\/\/vocesparalelas.com.ar\/sitio\/wp-content\/uploads\/2022\/11\/FCEFN-NODO-SAN-MARTIN-05.jpg 800w, https:\/\/vocesparalelas.com.ar\/sitio\/wp-content\/uploads\/2022\/11\/FCEFN-NODO-SAN-MARTIN-05-300x200.jpg 300w, https:\/\/vocesparalelas.com.ar\/sitio\/wp-content\/uploads\/2022\/11\/FCEFN-NODO-SAN-MARTIN-05-768x512.jpg 768w\" sizes=\"auto, (max-width: 800px) 100vw, 800px\" \/><figcaption id=\"caption-attachment-54179\" class=\"wp-caption-text\">Intendente de la Municipalidad de San Mart\u00edn, CPN Cristian Andino<\/figcaption><\/figure>\n<figure id=\"attachment_54178\" aria-describedby=\"caption-attachment-54178\" style=\"width: 800px\" class=\"wp-caption alignnone\"><img loading=\"lazy\" decoding=\"async\" class=\"size-full wp-image-54178\" src=\"https:\/\/vocesparalelas.com.ar\/sitio\/wp-content\/uploads\/2022\/11\/FCEFN-NODO-SAN-MARTIN-03.jpg\" alt=\"\" width=\"800\" height=\"533\" srcset=\"https:\/\/vocesparalelas.com.ar\/sitio\/wp-content\/uploads\/2022\/11\/FCEFN-NODO-SAN-MARTIN-03.jpg 800w, https:\/\/vocesparalelas.com.ar\/sitio\/wp-content\/uploads\/2022\/11\/FCEFN-NODO-SAN-MARTIN-03-300x200.jpg 300w, https:\/\/vocesparalelas.com.ar\/sitio\/wp-content\/uploads\/2022\/11\/FCEFN-NODO-SAN-MARTIN-03-768x512.jpg 768w\" sizes=\"auto, (max-width: 800px) 100vw, 800px\" \/><figcaption id=\"caption-attachment-54178\" class=\"wp-caption-text\">Secretaria del SECITI del Gobierno de San Juan, Ing. Marita Benavente<\/figcaption><\/figure>\n<p>Esto permite fortalecer el conocimiento cient\u00edfico de los habitantes del Departamento San Mart\u00edn de la Provincia de San Juan.<\/p>\n<p>El objetivo fundamental es dar soluci\u00f3n a problemas sociales, productivos y ambientales concretos, de alcance municipal y provincial, a trav\u00e9s de proyectos de generaci\u00f3n y transferencia del conocimiento cient\u00edfico-tecnol\u00f3gico. Para ello se prev\u00e9 la interacci\u00f3n de los actores locales, p\u00fablicos y privados, con entidades pertenecientes al ecosistema cient\u00edfico tecnol\u00f3gico, quienes aportan el desarrollo innovador a las demandas planteadas.<\/p>\n<p>Desde la FCEFN de la UNSJ brinda informaci\u00f3n y capacitaciones destinadas a docentes, j\u00f3venes y ni\u00f1os. Adem\u00e1s, para los docentes del departamento se dicta las diplomaturas en competencias digitales, cursos de rob\u00f3tica para ni\u00f1os y desarrollo de la creatividad en innovaci\u00f3n.<\/p>\n<p>El Intendente del Municipio de San Mart\u00edn, Cristian Andino coment\u00f3 que \u00abqueremos que San Martin sea un polo tecnol\u00f3gico donde nuestra comunidad se pueda formar en ese campo. Venimos desarrollando diversas acciones, estamos construyendo un edificio que ser\u00e1 la sede central de este polo y tendr\u00e1 tres subsedes. Estamos anunciando hoy que gracias al apoyo del Gobierno de San Juan y a la Facultad de Ciencias Exactas, F\u00edsicas y Naturales hemos conseguido financiamiento para equipar este polo tecnol\u00f3gico\u201d.<\/p>\n<p><iframe loading=\"lazy\" title=\"SAN MART\u00cdN CPN CRISTIAN ANDINO\" width=\"800\" height=\"450\" src=\"https:\/\/www.youtube.com\/embed\/YEkDaEYTn0k?feature=oembed\" frameborder=\"0\" allow=\"accelerometer; autoplay; clipboard-write; encrypted-media; gyroscope; picture-in-picture; web-share\" allowfullscreen><\/iframe><\/p>\n<p>&nbsp;<\/p>\n<p>El Decano de la Facultad de Ciencias Exactas, F\u00edsicas y Naturales por su parte dijo que\u00a0\u201cEstamos muy complacidos de firmar este convenio. Nadie duda de la importancia de esta formaci\u00f3n en el polo tecnol\u00f3gico, en nuestro caso haremos un aporte en la formaci\u00f3n, en la capacitaci\u00f3n de docentes, por un lado, para impartir los conocimientos sobre programaci\u00f3n y rob\u00f3tica y adem\u00e1s, una capacitaci\u00f3n a ni\u00f1os y ni\u00f1as a trav\u00e9s de videojuegos. Tambi\u00e9n se sumar\u00e1 una formaci\u00f3n de tecnolog\u00edas en la virtualidad para docentes de secundaria y primaria\u00a0 y ojal\u00e1 esto redunde en pr\u00f3ximos trabajos conjuntos. Todo esto ser\u00e1 a trav\u00e9s de la colaboraci\u00f3n del Departamento de Inform\u00e1tica de nuestra Facultad\u201d.<\/p>\n<p><iframe loading=\"lazy\" title=\"FCEFN UNSJ ING RODOLFO BLOCH\" width=\"800\" height=\"450\" src=\"https:\/\/www.youtube.com\/embed\/ubtVbPr3-xE?feature=oembed\" frameborder=\"0\" allow=\"accelerometer; autoplay; clipboard-write; encrypted-media; gyroscope; picture-in-picture; web-share\" allowfullscreen><\/iframe><\/p>\n<p>Finalmente, Mar\u00eda Ver\u00f3nica Benavente coment\u00f3 que\u00a0\u201cLa Universidad siempre es un socio estrat\u00e9gico que crea y difunde conocimiento y acompa\u00f1a a las comunidades. Estoy muy contenta de trabajar en la federalizaci\u00f3n interna de nuestra provincia y que los chicos y chicas de San Martin puedan formarse y elegir quedarse en el departamento\u201d.<\/p>\n<p><iframe loading=\"lazy\" title=\"SECITI ING MARITA BENAVENTE\" width=\"800\" height=\"450\" src=\"https:\/\/www.youtube.com\/embed\/sJPyQEqRnQ0?feature=oembed\" frameborder=\"0\" allow=\"accelerometer; autoplay; clipboard-write; encrypted-media; gyroscope; picture-in-picture; web-share\" allowfullscreen><\/iframe><\/p>\n<p><img loading=\"lazy\" decoding=\"async\" class=\"alignnone size-large wp-image-26107\" src=\"https:\/\/vocesparalelas.com.ar\/sitio\/wp-content\/uploads\/2020\/01\/FCEFN-UNSJ-EDIFICIO-800x489.jpg\" alt=\"\" width=\"800\" height=\"489\" srcset=\"https:\/\/vocesparalelas.com.ar\/sitio\/wp-content\/uploads\/2020\/01\/FCEFN-UNSJ-EDIFICIO.jpg 800w, https:\/\/vocesparalelas.com.ar\/sitio\/wp-content\/uploads\/2020\/01\/FCEFN-UNSJ-EDIFICIO-300x183.jpg 300w, https:\/\/vocesparalelas.com.ar\/sitio\/wp-content\/uploads\/2020\/01\/FCEFN-UNSJ-EDIFICIO-768x469.jpg 768w\" sizes=\"auto, (max-width: 800px) 100vw, 800px\" \/><\/p>\n<p>Publicado el Lunes, 07 de Noviembre de 2022<\/p>\n","protected":false},"excerpt":{"rendered":"<p>El decano de la Facultad de Ciencias Exactas, F\u00edsicas y Naturales de la Universidad Nacional de San Juan, Ing.\u00a0 Rodolfo<\/p>\n","protected":false},"author":3,"featured_media":54176,"comment_status":"closed","ping_status":"closed","sticky":false,"template":"","format":"standard","meta":{"_acf_changed":false,"_seopress_robots_primary_cat":"none","_seopress_titles_title":"","_seopress_titles_desc":"","_seopress_robots_index":"","colormag_page_container_layout":"default_layout","colormag_page_sidebar_layout":"default_layout","footnotes":""},"categories":[15,7],"tags":[],"class_list":["post-54174","post","type-post","status-publish","format-standard","has-post-thumbnail","hentry","category-posgrados","category-videos"],"acf":[],"_links":{"self":[{"href":"https:\/\/vocesparalelas.com.ar\/sitio\/wp-json\/wp\/v2\/posts\/54174","targetHints":{"allow":["GET"]}}],"collection":[{"href":"https:\/\/vocesparalelas.com.ar\/sitio\/wp-json\/wp\/v2\/posts"}],"about":[{"href":"https:\/\/vocesparalelas.com.ar\/sitio\/wp-json\/wp\/v2\/types\/post"}],"author":[{"embeddable":true,"href":"https:\/\/vocesparalelas.com.ar\/sitio\/wp-json\/wp\/v2\/users\/3"}],"replies":[{"embeddable":true,"href":"https:\/\/vocesparalelas.com.ar\/sitio\/wp-json\/wp\/v2\/comments?post=54174"}],"version-history":[{"count":1,"href":"https:\/\/vocesparalelas.com.ar\/sitio\/wp-json\/wp\/v2\/posts\/54174\/revisions"}],"predecessor-version":[{"id":54180,"href":"https:\/\/vocesparalelas.com.ar\/sitio\/wp-json\/wp\/v2\/posts\/54174\/revisions\/54180"}],"wp:featuredmedia":[{"embeddable":true,"href":"https:\/\/vocesparalelas.com.ar\/sitio\/wp-json\/wp\/v2\/media\/54176"}],"wp:attachment":[{"href":"https:\/\/vocesparalelas.com.ar\/sitio\/wp-json\/wp\/v2\/media?parent=54174"}],"wp:term":[{"taxonomy":"category","embeddable":true,"href":"https:\/\/vocesparalelas.com.ar\/sitio\/wp-json\/wp\/v2\/categories?post=54174"},{"taxonomy":"post_tag","embeddable":true,"href":"https:\/\/vocesparalelas.com.ar\/sitio\/wp-json\/wp\/v2\/tags?post=54174"}],"curies":[{"name":"wp","href":"https:\/\/api.w.org\/{rel}","templated":true}]}}