{"id":54170,"date":"2022-11-03T23:36:26","date_gmt":"2022-11-04T02:36:26","guid":{"rendered":"https:\/\/vocesparalelas.com.ar\/sitio\/?p=54170"},"modified":"2022-11-08T01:49:11","modified_gmt":"2022-11-08T04:49:11","slug":"el-presidente-dr-alberto-fernandez-llega-a-san-juan-3","status":"publish","type":"post","link":"https:\/\/vocesparalelas.com.ar\/sitio\/el-presidente-dr-alberto-fernandez-llega-a-san-juan-3\/","title":{"rendered":"El Presidente Dr. Alberto Fern\u00e1ndez llega a San Juan"},"content":{"rendered":"<p>El Lunes, 07 de Noviembre, el Presidente Dr. Alberto Fern\u00e1ndez llega a San Juan y el Gobernador, Dr. Sergio U\u00f1ac entregan 837 viviendas de los Barrios Sierras de Marquesado e Ingeniero C\u00e9spedes, en el Departamento Rivadavia.<\/p>\n<p>Las viviendas fueron construidas en el marco del Programa Vivienda Propia que involucra al Instituto Provincial de la Vivienda, a la Secretar\u00eda de Vivienda y H\u00e1bitat y Ministerio de Obras y Servicios P\u00fablicos del Gobierno de San Juan.<\/p>\n<p>Publicado el Domingo, 06 de Noviembre de 2022<\/p>\n","protected":false},"excerpt":{"rendered":"<p>El Lunes, 07 de Noviembre, el Presidente Dr. Alberto Fern\u00e1ndez llega a San Juan y el Gobernador, Dr. Sergio U\u00f1ac<\/p>\n","protected":false},"author":3,"featured_media":34385,"comment_status":"closed","ping_status":"closed","sticky":false,"template":"","format":"standard","meta":{"_acf_changed":false,"_seopress_robots_primary_cat":"none","_seopress_titles_title":"","_seopress_titles_desc":"","_seopress_robots_index":"","colormag_page_container_layout":"default_layout","colormag_page_sidebar_layout":"default_layout","footnotes":""},"categories":[1],"tags":[],"class_list":["post-54170","post","type-post","status-publish","format-standard","has-post-thumbnail","hentry","category-destacadas"],"acf":[],"_links":{"self":[{"href":"https:\/\/vocesparalelas.com.ar\/sitio\/wp-json\/wp\/v2\/posts\/54170","targetHints":{"allow":["GET"]}}],"collection":[{"href":"https:\/\/vocesparalelas.com.ar\/sitio\/wp-json\/wp\/v2\/posts"}],"about":[{"href":"https:\/\/vocesparalelas.com.ar\/sitio\/wp-json\/wp\/v2\/types\/post"}],"author":[{"embeddable":true,"href":"https:\/\/vocesparalelas.com.ar\/sitio\/wp-json\/wp\/v2\/users\/3"}],"replies":[{"embeddable":true,"href":"https:\/\/vocesparalelas.com.ar\/sitio\/wp-json\/wp\/v2\/comments?post=54170"}],"version-history":[{"count":1,"href":"https:\/\/vocesparalelas.com.ar\/sitio\/wp-json\/wp\/v2\/posts\/54170\/revisions"}],"predecessor-version":[{"id":54172,"href":"https:\/\/vocesparalelas.com.ar\/sitio\/wp-json\/wp\/v2\/posts\/54170\/revisions\/54172"}],"wp:featuredmedia":[{"embeddable":true,"href":"https:\/\/vocesparalelas.com.ar\/sitio\/wp-json\/wp\/v2\/media\/34385"}],"wp:attachment":[{"href":"https:\/\/vocesparalelas.com.ar\/sitio\/wp-json\/wp\/v2\/media?parent=54170"}],"wp:term":[{"taxonomy":"category","embeddable":true,"href":"https:\/\/vocesparalelas.com.ar\/sitio\/wp-json\/wp\/v2\/categories?post=54170"},{"taxonomy":"post_tag","embeddable":true,"href":"https:\/\/vocesparalelas.com.ar\/sitio\/wp-json\/wp\/v2\/tags?post=54170"}],"curies":[{"name":"wp","href":"https:\/\/api.w.org\/{rel}","templated":true}]}}