{"id":54162,"date":"2022-11-04T20:34:07","date_gmt":"2022-11-04T23:34:07","guid":{"rendered":"https:\/\/vocesparalelas.com.ar\/sitio\/?p=54162"},"modified":"2022-11-05T20:34:22","modified_gmt":"2022-11-05T23:34:22","slug":"liberaron-aves-recuperadas-en-el-departamento-de-sarmiento-de-san-juan","status":"publish","type":"post","link":"https:\/\/vocesparalelas.com.ar\/sitio\/liberaron-aves-recuperadas-en-el-departamento-de-sarmiento-de-san-juan\/","title":{"rendered":"Liberaron aves recuperadas en el Departamento de Sarmiento de San Juan"},"content":{"rendered":"<div class=\"itemFullText\">\n<p>En el departamento Sarmiento, la Secretar\u00eda de Estado de Ambiente y Desarrollo Sustentable del Gobierno de San Juan realiz\u00f3 una importante liberaci\u00f3n de aves.<\/p>\n<p>En esta ocasi\u00f3n se trat\u00f3 de 164 ejemplares de aves canoras que fueron rescatadas en diferentes procedimientos que los agentes de la Direcci\u00f3n de Conservaci\u00f3n realizaron a lo largo y ancho de todo el territorio provincial.<\/p>\n<p>Despu\u00e9s de un largo proceso de recuperaci\u00f3n, volvieron a la libertad 145 diucas, 15 pepiteros, 2 comesebos y 2 viraviras. Estas aves fueron rescatadas tanto en operativos como de la v\u00eda p\u00fablica donde fueron encontradas heridas o imposibilitadas de volar, generalmente provenientes del Gran San Juan.<\/p>\n<p>Las aves, que atravesaron un proceso de rehabilitaci\u00f3n realizado por el personal veterinario y bi\u00f3logos del Faun\u00edstico- Centro para la Conservaci\u00f3n de Fauna Silvestre, lo que garantiza su adecuaci\u00f3n al \u00e1rea en la que se liberaron.<\/p>\n<p>El sitio donde se realiz\u00f3 la liberaci\u00f3n en Sarmiento fue seleccionado porque las especies liberadas se distribuyen dentro del \u00e1rea geogr\u00e1fica seleccionada, por lo que estas aves est\u00e1n siendo devueltas a su h\u00e1bitat natural, siendo esta una zona donde podr\u00e1n encontrar alimento, refugio, sitios para anidar y reproducirse.<\/p>\n<\/div>\n<div class=\"clr\">Publicado el Viernes, 04 de Noviembre de 2022<\/div>\n","protected":false},"excerpt":{"rendered":"<p>En el departamento Sarmiento, la Secretar\u00eda de Estado de Ambiente y Desarrollo Sustentable del Gobierno de San Juan realiz\u00f3 una<\/p>\n","protected":false},"author":3,"featured_media":54164,"comment_status":"closed","ping_status":"closed","sticky":false,"template":"","format":"standard","meta":{"_acf_changed":false,"_seopress_robots_primary_cat":"none","_seopress_titles_title":"","_seopress_titles_desc":"","_seopress_robots_index":"","colormag_page_container_layout":"default_layout","colormag_page_sidebar_layout":"default_layout","footnotes":""},"categories":[1],"tags":[],"class_list":["post-54162","post","type-post","status-publish","format-standard","has-post-thumbnail","hentry","category-destacadas"],"acf":[],"_links":{"self":[{"href":"https:\/\/vocesparalelas.com.ar\/sitio\/wp-json\/wp\/v2\/posts\/54162","targetHints":{"allow":["GET"]}}],"collection":[{"href":"https:\/\/vocesparalelas.com.ar\/sitio\/wp-json\/wp\/v2\/posts"}],"about":[{"href":"https:\/\/vocesparalelas.com.ar\/sitio\/wp-json\/wp\/v2\/types\/post"}],"author":[{"embeddable":true,"href":"https:\/\/vocesparalelas.com.ar\/sitio\/wp-json\/wp\/v2\/users\/3"}],"replies":[{"embeddable":true,"href":"https:\/\/vocesparalelas.com.ar\/sitio\/wp-json\/wp\/v2\/comments?post=54162"}],"version-history":[{"count":1,"href":"https:\/\/vocesparalelas.com.ar\/sitio\/wp-json\/wp\/v2\/posts\/54162\/revisions"}],"predecessor-version":[{"id":54165,"href":"https:\/\/vocesparalelas.com.ar\/sitio\/wp-json\/wp\/v2\/posts\/54162\/revisions\/54165"}],"wp:featuredmedia":[{"embeddable":true,"href":"https:\/\/vocesparalelas.com.ar\/sitio\/wp-json\/wp\/v2\/media\/54164"}],"wp:attachment":[{"href":"https:\/\/vocesparalelas.com.ar\/sitio\/wp-json\/wp\/v2\/media?parent=54162"}],"wp:term":[{"taxonomy":"category","embeddable":true,"href":"https:\/\/vocesparalelas.com.ar\/sitio\/wp-json\/wp\/v2\/categories?post=54162"},{"taxonomy":"post_tag","embeddable":true,"href":"https:\/\/vocesparalelas.com.ar\/sitio\/wp-json\/wp\/v2\/tags?post=54162"}],"curies":[{"name":"wp","href":"https:\/\/api.w.org\/{rel}","templated":true}]}}