{"id":54154,"date":"2022-11-04T18:45:19","date_gmt":"2022-11-04T21:45:19","guid":{"rendered":"https:\/\/vocesparalelas.com.ar\/sitio\/?p=54154"},"modified":"2022-11-05T19:55:35","modified_gmt":"2022-11-05T22:55:35","slug":"entregaron-televisores-a-los-centros-de-jubilados-de-san-juan","status":"publish","type":"post","link":"https:\/\/vocesparalelas.com.ar\/sitio\/entregaron-televisores-a-los-centros-de-jubilados-de-san-juan\/","title":{"rendered":"Entregaron Televisores a los Centros de Jubilados de San Juan"},"content":{"rendered":"<p>En Casa de Gobierno, el gobernador de San Juan, Dr. Sergio U\u00f1ac, el Director Ejecutivo de PAMI San Juan, Dr. Marzio Meglioli y el ministro de Desarrollo Humano y Promoci\u00f3n Social, Prof. Fabian Aballay presidieron el acto de entrega de 117 televisores a centros de jubilados, en el marco del Mundial de F\u00fatbol de Qatar 2022 con la participaci\u00f3n de gran cantidad del sector orgullosos de recibir importante regalo para compartir momentos con sus pares.<\/p>\n<p>La convocatoria se desarroll\u00f3\u00a0 y acompa\u00f1aron al primer mandatario provincial el diputado nacional Walberto Allende; el ministro de Desarrollo Humano y Promoci\u00f3n Social, Fabian Aballay; el subsecretario de Promoci\u00f3n, Protecci\u00f3n y Desarrollo Social, Marcos Andino; la directora de Pol\u00edticas para Personas Mayores, Mabel Morales; el director ejecutivo de PAMI, Marzio Meglioli; representantes de \u00e1reas del Ministerio de Desarrollo Humano y Promoci\u00f3n Social y presidentes y secretarios de los centros de jubilados.<\/p>\n<p>El Ministerio de Desarrollo Humano y Promoci\u00f3n Social, a trav\u00e9s de la Direcci\u00f3n de Pol\u00edticas para Personas Mayores, articuladamente con PAMI, entregaron televisores de 50\u201d a los distintos centros de jubilados de la provincia de San Juan, dentro del contexto del Mundial de F\u00fatbol de Qatar 2022.<\/p>\n<p>El objetivo de esta campa\u00f1a es mejorar la calidad de vida de las personas mayores, logrando que los centros de jubilados sigan siendo ese lugar de encuentro, de esparcimiento y recreaci\u00f3n para todas las personas que asistan a ellos, combatiendo la soledad y el aislamiento de este grupo etario.<\/p>\n<p>En este sentido, el Gobierno de San Juan aport\u00f3 los aparatos a las instituciones que quedaron fuera del subsidio F\u00fatbol Para Todos, otorgado por PAMI.<\/p>\n<p>El Director Ejecutivo de PAMI San Juan, Dr. Marzio Meglioli valor\u00f3 el rol de los Centros de Jubilado y rindi\u00f3 homenaje a los dirigentes y afiliados de PAMI que perdieron la vida durante la pandemia de COVID 19.<\/p>\n<p><iframe loading=\"lazy\" title=\"SAN JUAN PAMI MEGLIOLI\" width=\"800\" height=\"450\" src=\"https:\/\/www.youtube.com\/embed\/AACpEc0TVp8?feature=oembed\" frameborder=\"0\" allow=\"accelerometer; autoplay; clipboard-write; encrypted-media; gyroscope; picture-in-picture\" allowfullscreen><\/iframe><\/p>\n<p>&nbsp;<\/p>\n<p>Luego, el ministro de Desarrollo Humano y Promoci\u00f3n Social, Prof. Fabian Aballay manifest\u00f3 que \u201cvemos reflejados en sus rostros a nuestros padres y abuelos. Reconocemos y agradecemos en las personas de la tercera edad el trabajo que realizaron a lo largo de sus vidas para que hoy tengamos \u00e9sta linda provincia\u201d.<\/p>\n<p><iframe loading=\"lazy\" title=\"SAN JUAN PAMI ABALLAY\" width=\"800\" height=\"450\" src=\"https:\/\/www.youtube.com\/embed\/U0SkHHhAXNs?feature=oembed\" frameborder=\"0\" allow=\"accelerometer; autoplay; clipboard-write; encrypted-media; gyroscope; picture-in-picture\" allowfullscreen><\/iframe><\/p>\n<p>Finalmente, el Gobernador de San Juan, Dr. Sergio U\u00f1ac manifest\u00f3 que \u00abla entrega de los aparatos es un peque\u00f1o gesto, tendiente a lograr sociabilidad entre los adultos mayores. Compartir un partido de f\u00fatbol, en este caso, es por dem\u00e1s importante y buscamos las herramientas para conseguirlo para todos los centros de jubilados de la Provincia\u201d.<\/p>\n<p><iframe loading=\"lazy\" title=\"SAN JUAN PAMI DR SERGIO U\u00d1AC\" width=\"800\" height=\"450\" src=\"https:\/\/www.youtube.com\/embed\/QCdl6MgKdBY?feature=oembed\" frameborder=\"0\" allow=\"accelerometer; autoplay; clipboard-write; encrypted-media; gyroscope; picture-in-picture\" allowfullscreen><\/iframe><\/p>\n<p>&nbsp;<\/p>\n<div class=\"itemFullText\">\n<p><img loading=\"lazy\" decoding=\"async\" class=\"alignnone size-full wp-image-54157\" src=\"https:\/\/vocesparalelas.com.ar\/sitio\/wp-content\/uploads\/2022\/11\/SAN-JUAN-PAMI-02.jpg\" alt=\"\" width=\"800\" height=\"533\" srcset=\"https:\/\/vocesparalelas.com.ar\/sitio\/wp-content\/uploads\/2022\/11\/SAN-JUAN-PAMI-02.jpg 800w, https:\/\/vocesparalelas.com.ar\/sitio\/wp-content\/uploads\/2022\/11\/SAN-JUAN-PAMI-02-300x200.jpg 300w, https:\/\/vocesparalelas.com.ar\/sitio\/wp-content\/uploads\/2022\/11\/SAN-JUAN-PAMI-02-768x512.jpg 768w\" sizes=\"auto, (max-width: 800px) 100vw, 800px\" \/><\/p>\n<\/div>\n<div class=\"clr\">Para cerrar el acto las autoridades entregaron las ordenes a centros de jubilados, para que retiren su televisor para que disfruten las actividades compartidas para que tengan contenci\u00f3n.<\/div>\n<div><\/div>\n<div class=\"itemContentFooter\"><span class=\"itemDateModified\">Publicado el Viernes, 04 de Noviembre de 2022<\/span><\/div>\n","protected":false},"excerpt":{"rendered":"<p>En Casa de Gobierno, el gobernador de San Juan, Dr. Sergio U\u00f1ac, el Director Ejecutivo de PAMI San Juan, Dr.<\/p>\n","protected":false},"author":3,"featured_media":54156,"comment_status":"closed","ping_status":"closed","sticky":false,"template":"","format":"video","meta":{"_acf_changed":false,"_seopress_robots_primary_cat":"none","_seopress_titles_title":"","_seopress_titles_desc":"","_seopress_robots_index":"","colormag_page_container_layout":"default_layout","colormag_page_sidebar_layout":"default_layout","footnotes":""},"categories":[1,7],"tags":[],"class_list":["post-54154","post","type-post","status-publish","format-video","has-post-thumbnail","hentry","category-destacadas","category-videos","post_format-post-format-video"],"acf":[],"_links":{"self":[{"href":"https:\/\/vocesparalelas.com.ar\/sitio\/wp-json\/wp\/v2\/posts\/54154","targetHints":{"allow":["GET"]}}],"collection":[{"href":"https:\/\/vocesparalelas.com.ar\/sitio\/wp-json\/wp\/v2\/posts"}],"about":[{"href":"https:\/\/vocesparalelas.com.ar\/sitio\/wp-json\/wp\/v2\/types\/post"}],"author":[{"embeddable":true,"href":"https:\/\/vocesparalelas.com.ar\/sitio\/wp-json\/wp\/v2\/users\/3"}],"replies":[{"embeddable":true,"href":"https:\/\/vocesparalelas.com.ar\/sitio\/wp-json\/wp\/v2\/comments?post=54154"}],"version-history":[{"count":1,"href":"https:\/\/vocesparalelas.com.ar\/sitio\/wp-json\/wp\/v2\/posts\/54154\/revisions"}],"predecessor-version":[{"id":54158,"href":"https:\/\/vocesparalelas.com.ar\/sitio\/wp-json\/wp\/v2\/posts\/54154\/revisions\/54158"}],"wp:featuredmedia":[{"embeddable":true,"href":"https:\/\/vocesparalelas.com.ar\/sitio\/wp-json\/wp\/v2\/media\/54156"}],"wp:attachment":[{"href":"https:\/\/vocesparalelas.com.ar\/sitio\/wp-json\/wp\/v2\/media?parent=54154"}],"wp:term":[{"taxonomy":"category","embeddable":true,"href":"https:\/\/vocesparalelas.com.ar\/sitio\/wp-json\/wp\/v2\/categories?post=54154"},{"taxonomy":"post_tag","embeddable":true,"href":"https:\/\/vocesparalelas.com.ar\/sitio\/wp-json\/wp\/v2\/tags?post=54154"}],"curies":[{"name":"wp","href":"https:\/\/api.w.org\/{rel}","templated":true}]}}