{"id":54134,"date":"2022-11-04T20:26:39","date_gmt":"2022-11-04T23:26:39","guid":{"rendered":"https:\/\/vocesparalelas.com.ar\/sitio\/?p=54134"},"modified":"2022-11-08T20:37:46","modified_gmt":"2022-11-08T23:37:46","slug":"diplomado-de-extension-en-direccion-de-marketing-estrategias-y-tacticas-competitivas","status":"publish","type":"post","link":"https:\/\/vocesparalelas.com.ar\/sitio\/diplomado-de-extension-en-direccion-de-marketing-estrategias-y-tacticas-competitivas\/","title":{"rendered":"Diplomado de Extensi\u00f3n en \u00abDirecci\u00f3n de Marketing, Estrategias y T\u00e1cticas Competitivas\u201d"},"content":{"rendered":"<div class=\"itemFullText\">\n<p>El Ministerio de Producci\u00f3n y Desarrollo Econ\u00f3mico del Gobierno de San Juan inform\u00f3 que ya se encuentran habilitadas las pre-inscripciones para ser parte del Diplomado de Extensi\u00f3n en \u00abDirecci\u00f3n de Marketing, Estrategias y T\u00e1cticas Competitivas\u201d.<\/p>\n<p>Este Diplomado tiene como objetivo la formaci\u00f3n de los recursos humanos que operan dentro del sistema comercial con la finalidad de desarrollar las capacidades necesarias para comprender los principios generales que rigen el funcionamiento del mercado de consumo, las estrategias y t\u00e1cticas conducentes a la identificaci\u00f3n de necesidades del mercado objetivo y a la construcci\u00f3n de programas de marketing que entreguen valor superior para el consumidor.<\/p>\n<p>Los interesados tienen tiempo de anotarse hasta el 30 de Noviembre de 2022, para esto deben completar el siguiente formulario a trav\u00e9s de la p\u00e1gina web de la Agencia Calidad San Juan:<\/p>\n<p><a href=\"https:\/\/bit.ly\/3TWGiovDIPLOMATURAMKT\">https:\/\/bit.ly\/3TWGiovDIPLOMATURAMKT<\/a><\/p>\n<p><span style=\"color: #339966;\"><strong>Temas<\/strong><\/span><\/p>\n<ul>\n<li>Tendencias y vectores del Marketing<\/li>\n<li>Estrategias y t\u00e1cticas de Marketing.<\/li>\n<li>Investigaci\u00f3n de Mercados. Segmentaci\u00f3n.<\/li>\n<li>Posicionamiento y Marca.<\/li>\n<li>Publicidad y Plan de Medios.<\/li>\n<li>Gesti\u00f3n exitosa del punto de venta.<\/li>\n<li>Dise\u00f1o de vidrieras.<\/li>\n<li>Marketing en Internet, E-commerce.<\/li>\n<li>Log\u00edstica comercial.<\/li>\n<li>T\u00e9cnicas efectivas de ventas.<\/li>\n<li>Atenci\u00f3n y fidelizaci\u00f3n de Clientes.<\/li>\n<li>Plan de Marketing.<\/li>\n<\/ul>\n<p>El cursado comienza en Febrero de 2023. Esta iniciativa surgi\u00f3 del trabajo en conjunto realizado entre el Ministerio de Producci\u00f3n y Desarrollo Econ\u00f3mico a trav\u00e9s de la Secretar\u00eda de Industria, Comercio y Servicios con la Universidad Nacional de San Juan por intermedio de la Facultad de Ciencias Sociales y la C\u00e1mara de Comercio.<\/p>\n<\/div>\n<div class=\"clr\">Publicado el Viernes, 04 de Noviembre de 2022<\/div>\n","protected":false},"excerpt":{"rendered":"<p>El Ministerio de Producci\u00f3n y Desarrollo Econ\u00f3mico del Gobierno de San Juan inform\u00f3 que ya se encuentran habilitadas las pre-inscripciones<\/p>\n","protected":false},"author":3,"featured_media":39831,"comment_status":"closed","ping_status":"closed","sticky":false,"template":"","format":"standard","meta":{"_acf_changed":false,"_seopress_robots_primary_cat":"none","_seopress_titles_title":"","_seopress_titles_desc":"","_seopress_robots_index":"","colormag_page_container_layout":"default_layout","colormag_page_sidebar_layout":"default_layout","footnotes":""},"categories":[15],"tags":[],"class_list":["post-54134","post","type-post","status-publish","format-standard","has-post-thumbnail","hentry","category-posgrados"],"acf":[],"_links":{"self":[{"href":"https:\/\/vocesparalelas.com.ar\/sitio\/wp-json\/wp\/v2\/posts\/54134","targetHints":{"allow":["GET"]}}],"collection":[{"href":"https:\/\/vocesparalelas.com.ar\/sitio\/wp-json\/wp\/v2\/posts"}],"about":[{"href":"https:\/\/vocesparalelas.com.ar\/sitio\/wp-json\/wp\/v2\/types\/post"}],"author":[{"embeddable":true,"href":"https:\/\/vocesparalelas.com.ar\/sitio\/wp-json\/wp\/v2\/users\/3"}],"replies":[{"embeddable":true,"href":"https:\/\/vocesparalelas.com.ar\/sitio\/wp-json\/wp\/v2\/comments?post=54134"}],"version-history":[{"count":1,"href":"https:\/\/vocesparalelas.com.ar\/sitio\/wp-json\/wp\/v2\/posts\/54134\/revisions"}],"predecessor-version":[{"id":54136,"href":"https:\/\/vocesparalelas.com.ar\/sitio\/wp-json\/wp\/v2\/posts\/54134\/revisions\/54136"}],"wp:featuredmedia":[{"embeddable":true,"href":"https:\/\/vocesparalelas.com.ar\/sitio\/wp-json\/wp\/v2\/media\/39831"}],"wp:attachment":[{"href":"https:\/\/vocesparalelas.com.ar\/sitio\/wp-json\/wp\/v2\/media?parent=54134"}],"wp:term":[{"taxonomy":"category","embeddable":true,"href":"https:\/\/vocesparalelas.com.ar\/sitio\/wp-json\/wp\/v2\/categories?post=54134"},{"taxonomy":"post_tag","embeddable":true,"href":"https:\/\/vocesparalelas.com.ar\/sitio\/wp-json\/wp\/v2\/tags?post=54134"}],"curies":[{"name":"wp","href":"https:\/\/api.w.org\/{rel}","templated":true}]}}