{"id":54105,"date":"2022-11-03T23:40:05","date_gmt":"2022-11-04T02:40:05","guid":{"rendered":"https:\/\/vocesparalelas.com.ar\/sitio\/?p=54105"},"modified":"2022-11-04T00:16:19","modified_gmt":"2022-11-04T03:16:19","slug":"el-cs-de-la-unsj-aprobo-la-creacion-de-la-carrera-de-grado-licenciatura-en-psicologia-de-la-eucs","status":"publish","type":"post","link":"https:\/\/vocesparalelas.com.ar\/sitio\/el-cs-de-la-unsj-aprobo-la-creacion-de-la-carrera-de-grado-licenciatura-en-psicologia-de-la-eucs\/","title":{"rendered":"EL CS de la UNSJ aprob\u00f3 la creaci\u00f3n de la Carrera de Grado Licenciatura en Psicolog\u00eda de la EUCS"},"content":{"rendered":"<p>\u201cLa Comisi\u00f3n Acad\u00e9mica del Consejo Superior sugiere ratificar la Ordenanza N\u00b02 de 2022 del Consejo Directivo de la Escuela Universitaria de Ciencias de la Salud que aprueba el Plan de Estudios de la Carrera de Grado Licenciatura en Psicolog\u00eda y propone la creaci\u00f3n de la Carrera de Grado Licenciatura en Psicolog\u00eda de la Escuela Universitaria de Ciencias de la Salud de la Universidad Nacional de San Juan, quedando supeditado el dictado de la carrera a la obtenci\u00f3n del financiamiento\u201d.<\/p>\n<p>Tal fue la lectura del dictamen por parte de la Mg. Myriam Arrabal, decana de la Facultad de Filosof\u00eda, Humanidades y Artes de la UNSJ, Unidad acad\u00e9mica en la cual naci\u00f3 esta propuesta acad\u00e9mica por el 2018 y que se concret\u00f3 como carrera ya aprobada por el Consejo Superior en la tarde del Jueves, 3 de Noviembre de 2022.<\/p>\n<p>Hubo aplausos, abrazos y demostraciones incontenibles de alegr\u00eda. El \u00f3rgano deliberativo de esta Universidad p\u00fablica acababa de crear una carrera demandada por la comunidad sanjuanina. \u201cEl grupo de trabajo (de la FFHA) se acerc\u00f3 para que le demos curso al proyecto, pero ve\u00edamos como una dificultad la cuesti\u00f3n de c\u00f3mo ser\u00eda su implementaci\u00f3n. Est\u00e1bamos en una meseta, no pod\u00edamos avanzar, y recibimos de la FEPRA, la Federaci\u00f3n de Psic\u00f3logos de la Rep\u00fablica Argentina, una invitaci\u00f3n para conversar sobre la posibilidad de que la UNSJ abra la carrera de Psicolog\u00eda. A mediados de este a\u00f1o, con el Rector de la UNSJ, Ing. Tadeo Berenguer dijo que \u00abnos sentamos a conversar en Buenos Aires con la conducci\u00f3n de la FEPRA y, casi como por arte de magia, esas personas nos sugirieron que mir\u00e1ramos al \u00e1rea de Salud que la Universidad Nacional de San Juan tiene como el h\u00e1bitat indicado para apostar a la implementaci\u00f3n de la carrera de Psicolog\u00eda. La gente de la FEPRA se comprometi\u00f3 a presentarse en la Secretar\u00eda de Pol\u00edticas Universitarias &#8211; SPU &#8211; para solicitar el financiamiento. As\u00ed, luego seguimos avanzando y convocamos a la gesti\u00f3n de la Escuela Universitaria de Ciencias de la Salud que, muy gustosamente, acept\u00f3 ser el h\u00e1bitat de la nueva carrera. De ah\u00ed en m\u00e1s, todo lo que vino despu\u00e9s fue ponerse a trabajar\u201d, explic\u00f3, antes de aprobarse la carrera, Anal\u00eda Ponce, vicerrectora de la UNSJ. \u201cComo bien social que es la salud, creemos que la comunidad sanjuanina merece la alternativa de una formaci\u00f3n p\u00fablica y gratuita. Creemos que la comunidad sanjuanina se merece la posibilidad de una nueva perspectiva de formaci\u00f3n en el \u00e1rea de la psicolog\u00eda que apunte a la salud integral\u201d, reflexion\u00f3 momentos despu\u00e9s la Vicerrectora de la UNSJ., Dra. Anal\u00eda Ponce<\/p>\n<p>Lo que resta ahora es que la carrera aprobada por el Consejo Superior de la UNSJ sea evaluada por el Ministerio de Educaci\u00f3n de la Naci\u00f3n luego, en esa evaluaci\u00f3n seguir\u00e1 la Comisi\u00f3n Nacional de Evaluaci\u00f3n de Acreditaci\u00f3n Universitaria &#8211; CONEAU. Por supuesto, luego sigue el cap\u00edtulo del financiamiento por parte de la SPU.<\/p>\n<p><span style=\"color: #0000ff;\"><strong>Comunicado por encausamiento penal<\/strong><\/span><\/p>\n<p>En otro orden, por decisi\u00f3n tambi\u00e9n del Consejo Superior, la Universidad Nacional de San Juan emiti\u00f3 un comunicado referido a la situaci\u00f3n de estudiantes y docentes que est\u00e1n imputadas luego de situaciones sucedidas durante la marcha del 8M en San Juan, en el D\u00eda Internacional de la Mujer Trabajadora, por la reivindicaci\u00f3n de derechos humanos. El Comunicado se encuentra en archivo adjunto.<\/p>\n<p><span style=\"color: #0000ff;\"><strong>Para aplicar Ley de cupo trans-travesti<\/strong><\/span><\/p>\n<p>Por otro lado, tambi\u00e9n hubo clima de satisfacci\u00f3n porque el Consejo decidi\u00f3 aprobar la implementaci\u00f3n de manera efectiva de la Ley 27.636 de Cupo Laboral para personas Travestis, Transg\u00e9nero y Transexuales \u201cDiana Sacay\u00e1n-Lohana Berkins\u201d. La UNSJ en mayo pasado hab\u00eda adherido a esta norma. Lo que se hizo en esta sesi\u00f3n del Consejo Superior fue aprobar en t\u00e9rminos generales la propuesta de la Comisi\u00f3n para adoptarla y aplicarla, no sin antes dar mandato a personal paritario para que se ocupe de su articulado en sus partes referentes al ingreso a la UNSJ tanto de docentes como nodocentes.<\/p>\n<p><strong><span style=\"color: #0000ff;\">Documento Adjunto<\/span><\/strong><\/p>\n<p><a href=\"https:\/\/vocesparalelas.com.ar\/sitio\/wp-content\/uploads\/2022\/11\/comunicado_6642_0.docx\">comunicado_6642_0<\/a><\/p>\n<p><img loading=\"lazy\" decoding=\"async\" class=\"alignnone size-full wp-image-53945\" src=\"https:\/\/vocesparalelas.com.ar\/sitio\/wp-content\/uploads\/2022\/10\/UNSJ-LOGO-50-FINAL.jpg\" alt=\"\" width=\"800\" height=\"476\" srcset=\"https:\/\/vocesparalelas.com.ar\/sitio\/wp-content\/uploads\/2022\/10\/UNSJ-LOGO-50-FINAL.jpg 800w, https:\/\/vocesparalelas.com.ar\/sitio\/wp-content\/uploads\/2022\/10\/UNSJ-LOGO-50-FINAL-300x179.jpg 300w, https:\/\/vocesparalelas.com.ar\/sitio\/wp-content\/uploads\/2022\/10\/UNSJ-LOGO-50-FINAL-768x457.jpg 768w\" sizes=\"auto, (max-width: 800px) 100vw, 800px\" \/><\/p>\n<p><img loading=\"lazy\" decoding=\"async\" class=\"alignnone size-full wp-image-54035\" src=\"https:\/\/vocesparalelas.com.ar\/sitio\/wp-content\/uploads\/2022\/11\/UNSJ-LOGO-10.jpg\" alt=\"\" width=\"800\" height=\"533\" srcset=\"https:\/\/vocesparalelas.com.ar\/sitio\/wp-content\/uploads\/2022\/11\/UNSJ-LOGO-10.jpg 800w, https:\/\/vocesparalelas.com.ar\/sitio\/wp-content\/uploads\/2022\/11\/UNSJ-LOGO-10-300x200.jpg 300w, https:\/\/vocesparalelas.com.ar\/sitio\/wp-content\/uploads\/2022\/11\/UNSJ-LOGO-10-768x512.jpg 768w\" sizes=\"auto, (max-width: 800px) 100vw, 800px\" \/><\/p>\n<p>Publicado el Jueves, 03 de Noviembre de 2022<\/p>\n","protected":false},"excerpt":{"rendered":"<p>\u201cLa Comisi\u00f3n Acad\u00e9mica del Consejo Superior sugiere ratificar la Ordenanza N\u00b02 de 2022 del Consejo Directivo de la Escuela Universitaria<\/p>\n","protected":false},"author":3,"featured_media":54108,"comment_status":"closed","ping_status":"closed","sticky":false,"template":"","format":"standard","meta":{"_acf_changed":false,"_seopress_robots_primary_cat":"none","_seopress_titles_title":"","_seopress_titles_desc":"","_seopress_robots_index":"","colormag_page_container_layout":"default_layout","colormag_page_sidebar_layout":"default_layout","footnotes":""},"categories":[1],"tags":[],"class_list":["post-54105","post","type-post","status-publish","format-standard","has-post-thumbnail","hentry","category-destacadas"],"acf":[],"_links":{"self":[{"href":"https:\/\/vocesparalelas.com.ar\/sitio\/wp-json\/wp\/v2\/posts\/54105","targetHints":{"allow":["GET"]}}],"collection":[{"href":"https:\/\/vocesparalelas.com.ar\/sitio\/wp-json\/wp\/v2\/posts"}],"about":[{"href":"https:\/\/vocesparalelas.com.ar\/sitio\/wp-json\/wp\/v2\/types\/post"}],"author":[{"embeddable":true,"href":"https:\/\/vocesparalelas.com.ar\/sitio\/wp-json\/wp\/v2\/users\/3"}],"replies":[{"embeddable":true,"href":"https:\/\/vocesparalelas.com.ar\/sitio\/wp-json\/wp\/v2\/comments?post=54105"}],"version-history":[{"count":3,"href":"https:\/\/vocesparalelas.com.ar\/sitio\/wp-json\/wp\/v2\/posts\/54105\/revisions"}],"predecessor-version":[{"id":54111,"href":"https:\/\/vocesparalelas.com.ar\/sitio\/wp-json\/wp\/v2\/posts\/54105\/revisions\/54111"}],"wp:featuredmedia":[{"embeddable":true,"href":"https:\/\/vocesparalelas.com.ar\/sitio\/wp-json\/wp\/v2\/media\/54108"}],"wp:attachment":[{"href":"https:\/\/vocesparalelas.com.ar\/sitio\/wp-json\/wp\/v2\/media?parent=54105"}],"wp:term":[{"taxonomy":"category","embeddable":true,"href":"https:\/\/vocesparalelas.com.ar\/sitio\/wp-json\/wp\/v2\/categories?post=54105"},{"taxonomy":"post_tag","embeddable":true,"href":"https:\/\/vocesparalelas.com.ar\/sitio\/wp-json\/wp\/v2\/tags?post=54105"}],"curies":[{"name":"wp","href":"https:\/\/api.w.org\/{rel}","templated":true}]}}