{"id":54027,"date":"2022-11-01T22:54:25","date_gmt":"2022-11-02T01:54:25","guid":{"rendered":"https:\/\/vocesparalelas.com.ar\/sitio\/?p=54027"},"modified":"2022-11-01T22:54:25","modified_gmt":"2022-11-02T01:54:25","slug":"avance-de-obra-publica-en-san-juan","status":"publish","type":"post","link":"https:\/\/vocesparalelas.com.ar\/sitio\/avance-de-obra-publica-en-san-juan\/","title":{"rendered":"Avance de obra p\u00fablica en San Juan"},"content":{"rendered":"<p>El gobernador de San Juan, DR. Sergio U\u00f1ac, acompa\u00f1ado por el ministro de Obras y Servicios P\u00fablicos, Ing. Julio Ortiz Andino, se reuni\u00f3 con el ministro de Obras P\u00fablicas de la Naci\u00f3n, Ing. Gabriel Katopodis, en Buenos Aires.<\/p>\n<p>El encuentro tuvo como eje principal el repaso de los proyectos y el avance de las obras en ejecuci\u00f3n que se desarrollan en la provincia y reciben asistencia desde la cartera nacional.<\/p>\n<div class=\"itemFullText\">\n<p>El gobernador puso en valor que el 30% del presupuesto de la provincia est\u00e1 destinado a la obra p\u00fablica y la destac\u00f3 como motor de desarrollo en San Juan y generadora de empleo genuino.<\/p>\n<p>Por su parte, Katopodis puso el acento en que \u201cArgentina tiene una oportunidad hacia adelante y vamos a seguir multiplicando la infraestructura que consolida ese desarrollo federal\u201d.<\/p>\n<\/div>\n<div class=\"clr\"><\/div>\n<div class=\"itemContentFooter\"><span class=\"itemDateModified\">Publicado el Martes, 01 de Noviembre de 2022<\/span><\/div>\n","protected":false},"excerpt":{"rendered":"<p>El gobernador de San Juan, DR. Sergio U\u00f1ac, acompa\u00f1ado por el ministro de Obras y Servicios P\u00fablicos, Ing. Julio Ortiz<\/p>\n","protected":false},"author":3,"featured_media":54029,"comment_status":"closed","ping_status":"closed","sticky":false,"template":"","format":"standard","meta":{"_acf_changed":false,"_seopress_robots_primary_cat":"none","_seopress_titles_title":"","_seopress_titles_desc":"","_seopress_robots_index":"","colormag_page_container_layout":"default_layout","colormag_page_sidebar_layout":"default_layout","footnotes":""},"categories":[1],"tags":[],"class_list":["post-54027","post","type-post","status-publish","format-standard","has-post-thumbnail","hentry","category-destacadas"],"acf":[],"_links":{"self":[{"href":"https:\/\/vocesparalelas.com.ar\/sitio\/wp-json\/wp\/v2\/posts\/54027","targetHints":{"allow":["GET"]}}],"collection":[{"href":"https:\/\/vocesparalelas.com.ar\/sitio\/wp-json\/wp\/v2\/posts"}],"about":[{"href":"https:\/\/vocesparalelas.com.ar\/sitio\/wp-json\/wp\/v2\/types\/post"}],"author":[{"embeddable":true,"href":"https:\/\/vocesparalelas.com.ar\/sitio\/wp-json\/wp\/v2\/users\/3"}],"replies":[{"embeddable":true,"href":"https:\/\/vocesparalelas.com.ar\/sitio\/wp-json\/wp\/v2\/comments?post=54027"}],"version-history":[{"count":1,"href":"https:\/\/vocesparalelas.com.ar\/sitio\/wp-json\/wp\/v2\/posts\/54027\/revisions"}],"predecessor-version":[{"id":54030,"href":"https:\/\/vocesparalelas.com.ar\/sitio\/wp-json\/wp\/v2\/posts\/54027\/revisions\/54030"}],"wp:featuredmedia":[{"embeddable":true,"href":"https:\/\/vocesparalelas.com.ar\/sitio\/wp-json\/wp\/v2\/media\/54029"}],"wp:attachment":[{"href":"https:\/\/vocesparalelas.com.ar\/sitio\/wp-json\/wp\/v2\/media?parent=54027"}],"wp:term":[{"taxonomy":"category","embeddable":true,"href":"https:\/\/vocesparalelas.com.ar\/sitio\/wp-json\/wp\/v2\/categories?post=54027"},{"taxonomy":"post_tag","embeddable":true,"href":"https:\/\/vocesparalelas.com.ar\/sitio\/wp-json\/wp\/v2\/tags?post=54027"}],"curies":[{"name":"wp","href":"https:\/\/api.w.org\/{rel}","templated":true}]}}