{"id":54005,"date":"2022-11-01T01:04:51","date_gmt":"2022-11-01T04:04:51","guid":{"rendered":"https:\/\/vocesparalelas.com.ar\/sitio\/?p=54005"},"modified":"2022-11-01T01:04:51","modified_gmt":"2022-11-01T04:04:51","slug":"reunion-previa-a-la-asuncion-del-ministro-de-desarrollo-territorial-y-habitat-de-la-nacion","status":"publish","type":"post","link":"https:\/\/vocesparalelas.com.ar\/sitio\/reunion-previa-a-la-asuncion-del-ministro-de-desarrollo-territorial-y-habitat-de-la-nacion\/","title":{"rendered":"Reuni\u00f3n previa a la asunci\u00f3n del ministro de Desarrollo Territorial y H\u00e1bitat de la Naci\u00f3n"},"content":{"rendered":"<div class=\"itemFullText\">\n<div dir=\"auto\">El gobernador de San Juan, Sergio U\u00f1ac, se reuni\u00f3 el Lunes, 31 de Octubre, con el secretario de H\u00e1bitat de la Naci\u00f3n, Economista Santiago Maggiotti, quien el Martes, 01 de Noviembre, sume al frente del Ministerio de Vivienda y H\u00e1bitat.<\/div>\n<div dir=\"auto\"><\/div>\n<div dir=\"auto\">Durante la reuni\u00f3n de trabajo, en la que tambi\u00e9n participaron el ministro de Obras y Servicios P\u00fablicos, Ing. Julio Ortiz Andino y el secretario de Vivienda y H\u00e1bitat, Robert Garc\u00e9s, los funcionarios evaluaron y analizaron los avances de las distintas obras que se ejecutan en la provincia y que cuentan con el financiamiento del Gobierno nacional a trav\u00e9s de los programas Casa Propia y Reconstruir, entre otros.<\/div>\n<div dir=\"auto\"><\/div>\n<div dir=\"auto\">La reuni\u00f3n entre U\u00f1ac y Maggiotti, la primera del funcionario nacional con un gobernador en la previa a su asunci\u00f3n, marc\u00f3 adem\u00e1s la ratificaci\u00f3n de la continuidad de las pol\u00edticas habitacionales que se llevan adelante en forma conjunta entre Naci\u00f3n y Provincia en tierra sanjuanina.<\/div>\n<div dir=\"auto\"><\/div>\n<div dir=\"auto\">El secretario de H\u00e1bitat, Robert Garc\u00e9s, detall\u00f3 que la agenda de trabajo incluy\u00f3 \u00abel desarrollo de programas de viviendas y el financiamiento para obras habitacionales el pr\u00f3ximo a\u00f1o.<\/div>\n<div dir=\"auto\"><\/div>\n<div dir=\"auto\">Maggiotti, quien visit\u00f3 por \u00faltima vez San Juan en Agosto para acompa\u00f1ar al gobernador U\u00f1ac en una entrega de viviendas en Ullum, asume el Martes, como ministro de Viviendas y H\u00e1bitat en reemplazo del Ing. Jorge Ferraresi, en un acto que se desarrolla en el Sal\u00f3n Blanco de Casa de Gobierno de la Naci\u00f3n.<\/div>\n<div dir=\"auto\"><\/div>\n<div dir=\"auto\"><\/div>\n<\/div>\n<div class=\"itemContentFooter\"><span class=\"itemDateModified\">Publicado el Lunes, 31 de Octubre de 2022\u00a0<\/span><\/div>\n","protected":false},"excerpt":{"rendered":"<p>El gobernador de San Juan, Sergio U\u00f1ac, se reuni\u00f3 el Lunes, 31 de Octubre, con el secretario de H\u00e1bitat de<\/p>\n","protected":false},"author":3,"featured_media":54007,"comment_status":"closed","ping_status":"closed","sticky":false,"template":"","format":"standard","meta":{"_acf_changed":false,"_seopress_robots_primary_cat":"none","_seopress_titles_title":"","_seopress_titles_desc":"","_seopress_robots_index":"","colormag_page_container_layout":"default_layout","colormag_page_sidebar_layout":"default_layout","footnotes":""},"categories":[1],"tags":[],"class_list":["post-54005","post","type-post","status-publish","format-standard","has-post-thumbnail","hentry","category-destacadas"],"acf":[],"_links":{"self":[{"href":"https:\/\/vocesparalelas.com.ar\/sitio\/wp-json\/wp\/v2\/posts\/54005","targetHints":{"allow":["GET"]}}],"collection":[{"href":"https:\/\/vocesparalelas.com.ar\/sitio\/wp-json\/wp\/v2\/posts"}],"about":[{"href":"https:\/\/vocesparalelas.com.ar\/sitio\/wp-json\/wp\/v2\/types\/post"}],"author":[{"embeddable":true,"href":"https:\/\/vocesparalelas.com.ar\/sitio\/wp-json\/wp\/v2\/users\/3"}],"replies":[{"embeddable":true,"href":"https:\/\/vocesparalelas.com.ar\/sitio\/wp-json\/wp\/v2\/comments?post=54005"}],"version-history":[{"count":1,"href":"https:\/\/vocesparalelas.com.ar\/sitio\/wp-json\/wp\/v2\/posts\/54005\/revisions"}],"predecessor-version":[{"id":54008,"href":"https:\/\/vocesparalelas.com.ar\/sitio\/wp-json\/wp\/v2\/posts\/54005\/revisions\/54008"}],"wp:featuredmedia":[{"embeddable":true,"href":"https:\/\/vocesparalelas.com.ar\/sitio\/wp-json\/wp\/v2\/media\/54007"}],"wp:attachment":[{"href":"https:\/\/vocesparalelas.com.ar\/sitio\/wp-json\/wp\/v2\/media?parent=54005"}],"wp:term":[{"taxonomy":"category","embeddable":true,"href":"https:\/\/vocesparalelas.com.ar\/sitio\/wp-json\/wp\/v2\/categories?post=54005"},{"taxonomy":"post_tag","embeddable":true,"href":"https:\/\/vocesparalelas.com.ar\/sitio\/wp-json\/wp\/v2\/tags?post=54005"}],"curies":[{"name":"wp","href":"https:\/\/api.w.org\/{rel}","templated":true}]}}