{"id":53973,"date":"2022-10-31T20:45:33","date_gmt":"2022-10-31T23:45:33","guid":{"rendered":"https:\/\/vocesparalelas.com.ar\/sitio\/?p=53973"},"modified":"2022-10-31T20:46:44","modified_gmt":"2022-10-31T23:46:44","slug":"la-embajadora-del-reino-unido-de-gran-bretana-e-irlanda-del-norte-en-argentina-vista-san-juan","status":"publish","type":"post","link":"https:\/\/vocesparalelas.com.ar\/sitio\/la-embajadora-del-reino-unido-de-gran-bretana-e-irlanda-del-norte-en-argentina-vista-san-juan\/","title":{"rendered":"La embajadora del Reino Unido de Gran Breta\u00f1a e Irlanda del Norte en Argentina vista San Juan"},"content":{"rendered":"<div class=\"itemFullText\">\n<p>El gobernador de San Juan, Dr. Sergio U\u00f1ac recibi\u00f3 los saludos protocolares de la embajadora del Reino Unido de Gran Breta\u00f1a e Irlanda del Norte en la Rep\u00fablica Argentina, Arque\u00f3loga Kirsty Hayes.<\/p>\n<p>La recepci\u00f3n de la diplom\u00e1tica tuvo lugar en los jardines de la Casa de Gobierno, donde tambi\u00e9n estuvieron presentes el vicegobernador CPN Roberto Gattoni; los ministros de Gobierno, Dr. Alberto Hensel; de Desarrollo Humano y Promoci\u00f3n Social, Prof. Fabian Aballay; de Turismo y Cultura, Lic. Claudia Grynszpan; de Hacienda y Finanzas, Marisa L\u00f3pez; de Miner\u00eda, Carlos Astudillo; de Educaci\u00f3n, Prof. Cecilia Trincado Moncho y de Salud, Dra. Alejandra Venerando; los secretarios de Estado de Seguridad, Dr. Carlos Munisaga; de Ambiente y Desarrollo Sustentable, Francisco Guevara; de Deportes, Jorge Chica; de Ciencia, Tecnolog\u00eda e Innovaci\u00f3n, Ing. Marita Benavente; la secretaria de Gobierno, Justicia y Derechos Humanos, Dra. Nerina Eusebi y el subsecretario de la Unidad Gobernaci\u00f3n, Luis Rueda.<\/p>\n<p><iframe loading=\"lazy\" title=\"Sergio U\u00f1ac recibi\u00f3 a la embajadora del Reino Unido de Gran Breta\u00f1a e Irlanda del Norte en Argentina\" width=\"800\" height=\"450\" src=\"https:\/\/www.youtube.com\/embed\/fc0Gulyd4gw?feature=oembed\" frameborder=\"0\" allow=\"accelerometer; autoplay; clipboard-write; encrypted-media; gyroscope; picture-in-picture\" allowfullscreen><\/iframe><\/p>\n<p>La actividad comenz\u00f3 con la revista y saludo por parte de U\u00f1ac a los efectivos y Banda de M\u00fasica de la Polic\u00eda de San Juan y se entreg\u00f3 el decreto que nombr\u00f3 a a la diplom\u00e1tica Hu\u00e9sped Oficial de la Provincia.<\/p>\n<p>Adem\u00e1s, se obsequi\u00f3 a la embajadora una medalla realizada en plata por un artesano sanjuanino, con una imagen de Domingo Faustino Sarmiento y en el anverso, el escudo provincial tallado a mano.<\/p>\n<p>En el comienzo de la ceremonia, el primer mandatario dio la bienvenida a Hayes y le expres\u00f3 su agradecimiento por el tiempo dispensado para residir en San Juan.<\/p>\n<p>Seguidamente, U\u00f1ac explic\u00f3 a Hayes detalles geogr\u00e1ficos, demogr\u00e1ficos, econ\u00f3micos, sociales y culturales de San Juan y agreg\u00f3 aspectos sobre la diversificaci\u00f3n de la matriz productiva, destacando que \u201cdesde una actividad vitivin\u00edcola tradicional, nos expandimos hacia la miner\u00eda, el turismo, desarrollo de energ\u00edas renovables, producci\u00f3n del cannabis medicinal, que repercutieron favorablemente en la econom\u00eda y en el desarrollo y ampliaci\u00f3n de la frontera laboral en la provincia\u201d, dijo U\u00f1ac.<\/p>\n<p>Continuando con su detalle sobre San Juan, el gobernador hizo hincapi\u00e9 en que \u201choy solo tenemos un 3 por ciento de desocupaci\u00f3n, lo que conseguimos fruto del esfuerzo de los sanjuaninos, con una clara acci\u00f3n de hacia d\u00f3nde dirigir nuestras acciones. Estamos muy abiertos a que pa\u00edses tan desarrollados como el Reino Unido tengan para con nosotros una mirada estrat\u00e9gica, de ampliaci\u00f3n del desarrollo de los negocios, de la radicaci\u00f3n de distintas empresas, que podamos hacer que desde el sector privado se contacten, como parte de un pa\u00eds que establece relaciones internacionales\u201d, finaliz\u00f3 U\u00f1ac.<\/p>\n<p>Por su parte, Hayes puso el foco en que \u201ctenemos muchas \u00e1reas en com\u00fan para explorar y apreciamos la lucha de San Juan contra el cambio clim\u00e1tico. Quisiera fortalecer los v\u00ednculos sociales entre San Juan y el Reino Unido\u201d.<\/p>\n<p>Adem\u00e1s , la embajadora manifest\u00f3 que a los brit\u00e1nicos les satisfacen los vinos argentinos y ponder\u00f3 los sanjuaninos como de excelencia.<\/p>\n<p>\u201cYo s\u00e9 que San Juan tiene mucho m\u00e1s para ofrecer tambi\u00e9n en el plano tur\u00edstico\u201d, finaliz\u00f3 la funcionaria.<\/p>\n<p><span style=\"color: #99cc00;\"><strong>Sobre Kirsty Hayes<\/strong><\/span><\/p>\n<p>Hayes naci\u00f3 el 2 de febrero de 1977 en Aberdeen, Escocia y tiene una relaci\u00f3n lejana con el c\u00e9lebre explorador, arque\u00f3logo, diplom\u00e1tico y pol\u00edtico Sir Austen Henry Layard.<\/p>\n<p>Fue educada en Dame Alice Harpur School, una escuela independiente para ni\u00f1as en Bedford, Inglaterra.<\/p>\n<p><span style=\"color: #99cc00;\"><strong>Carrera diplom\u00e1tica<\/strong><\/span><\/p>\n<p>En septiembre de 1999, Hayes se uni\u00f3 a la Oficina de Asuntos Exteriores y de la Commonwealth &#8211; FCO &#8211; como parte de su programa de entrada Fast Stream, comenzando as\u00ed una carrera en la diplomacia .<\/p>\n<p>Su primer nombramiento fue como responsable de oficina especializada en biodiversidad en el Departamento de Pol\u00edtica Ambiental.<\/p>\n<p>En 2000, se mud\u00f3 a Hong Kong donde se desempe\u00f1\u00f3 como vicec\u00f3nsul especializada en pol\u00edtica y econom\u00eda.<\/p>\n<p>En diciembre de 2001, se mud\u00f3 a los Estados Unidos de Am\u00e9rica. Entre diciembre de 2001 y febrero de 2002, trabaj\u00f3 en Washington, DC como Segunda Secretaria interina, Ciencias Econ\u00f3micas. Luego, de 2002 a 2005, se desempe\u00f1\u00f3 como Secretaria Privada del Embajador Brit\u00e1nico en los Estados Unidos; primero Sir Christopher Meyer, y luego, desde 2003, Sir David Manning .<\/p>\n<p>En agosto de 2005, regres\u00f3 al Reino Unido para ocupar un cargo en el Departamento de Europa de la FCO. Se desempe\u00f1\u00f3 como jefa del Equipo de Instituciones\/Francia y fue miembro del Grupo de Pol\u00edtica Exterior y de Seguridad Com\u00fan.<\/p>\n<p>En 2007, se traslad\u00f3 al departamento de recursos humanos. En febrero de 2007, fue directora del Equipo de Diversidad y Desarrollo dentro del departamento. Luego, de marzo a febrero de 2008, fue subdirectora del departamento con responsabilidades de capacitaci\u00f3n, reclutamiento y desarrollo.<\/p>\n<p>Regres\u00f3 al Reino Unido a finales de 2010. Desde diciembre de 2010 hasta octubre de 2011, fue responsable del Departamento de Comunicaciones Corporativas, FCO.<\/p>\n<p>Desde noviembre de 2011, fue jefa del Departamento de Organizaciones Internacionales, FCO. En ese cargo, fue responsable de la pol\u00edtica de las Naciones Unidas , la Commonwealth , la OSCE y cuestiones internacionales como los cr\u00edmenes de guerra y las sanciones. Adem\u00e1s, fue la principal negociadora del Reino Unido en la Reuni\u00f3n de Jefes de Gobierno de la Commonwealth de 2013.<\/p>\n<\/div>\n<div class=\"clr\">Publicado el Lunes, 31 de Octubre de 2022<\/div>\n","protected":false},"excerpt":{"rendered":"<p>El gobernador de San Juan, Dr. Sergio U\u00f1ac recibi\u00f3 los saludos protocolares de la embajadora del Reino Unido de Gran<\/p>\n","protected":false},"author":3,"featured_media":53975,"comment_status":"closed","ping_status":"closed","sticky":false,"template":"","format":"video","meta":{"_acf_changed":false,"_seopress_robots_primary_cat":"none","_seopress_titles_title":"","_seopress_titles_desc":"","_seopress_robots_index":"","colormag_page_container_layout":"default_layout","colormag_page_sidebar_layout":"default_layout","footnotes":""},"categories":[1,7],"tags":[],"class_list":["post-53973","post","type-post","status-publish","format-video","has-post-thumbnail","hentry","category-destacadas","category-videos","post_format-post-format-video"],"acf":[],"_links":{"self":[{"href":"https:\/\/vocesparalelas.com.ar\/sitio\/wp-json\/wp\/v2\/posts\/53973","targetHints":{"allow":["GET"]}}],"collection":[{"href":"https:\/\/vocesparalelas.com.ar\/sitio\/wp-json\/wp\/v2\/posts"}],"about":[{"href":"https:\/\/vocesparalelas.com.ar\/sitio\/wp-json\/wp\/v2\/types\/post"}],"author":[{"embeddable":true,"href":"https:\/\/vocesparalelas.com.ar\/sitio\/wp-json\/wp\/v2\/users\/3"}],"replies":[{"embeddable":true,"href":"https:\/\/vocesparalelas.com.ar\/sitio\/wp-json\/wp\/v2\/comments?post=53973"}],"version-history":[{"count":3,"href":"https:\/\/vocesparalelas.com.ar\/sitio\/wp-json\/wp\/v2\/posts\/53973\/revisions"}],"predecessor-version":[{"id":53979,"href":"https:\/\/vocesparalelas.com.ar\/sitio\/wp-json\/wp\/v2\/posts\/53973\/revisions\/53979"}],"wp:featuredmedia":[{"embeddable":true,"href":"https:\/\/vocesparalelas.com.ar\/sitio\/wp-json\/wp\/v2\/media\/53975"}],"wp:attachment":[{"href":"https:\/\/vocesparalelas.com.ar\/sitio\/wp-json\/wp\/v2\/media?parent=53973"}],"wp:term":[{"taxonomy":"category","embeddable":true,"href":"https:\/\/vocesparalelas.com.ar\/sitio\/wp-json\/wp\/v2\/categories?post=53973"},{"taxonomy":"post_tag","embeddable":true,"href":"https:\/\/vocesparalelas.com.ar\/sitio\/wp-json\/wp\/v2\/tags?post=53973"}],"curies":[{"name":"wp","href":"https:\/\/api.w.org\/{rel}","templated":true}]}}