{"id":53962,"date":"2022-10-31T22:44:11","date_gmt":"2022-11-01T01:44:11","guid":{"rendered":"https:\/\/vocesparalelas.com.ar\/sitio\/?p=53962"},"modified":"2022-11-01T02:24:32","modified_gmt":"2022-11-01T05:24:32","slug":"emotivo-acto-de-celebracion-del-82-aniversario-del-rim-22-de-san-juan","status":"publish","type":"post","link":"https:\/\/vocesparalelas.com.ar\/sitio\/emotivo-acto-de-celebracion-del-82-aniversario-del-rim-22-de-san-juan\/","title":{"rendered":"Emotivo acto de celebraci\u00f3n del 82 aniversario del RIM 22 de San Juan"},"content":{"rendered":"<div class=\"itemFullText jbintrotext\">\n<p>En la Plaza de Armas del Regimiento de Infanter\u00eda de Monta\u00f1a 22 \u201cTeniente Coronel Juan Manuel Cabot\u201d, en la localidad de Marquesado, Departamento Rivadavia, se desarroll\u00f3 el acto de celebraci\u00f3n del 82 aniversario del RIM 22 de San Juan con un gran sentido patrio a la defensa de Argentina.<\/p>\n<p>El Jefe de la RIM 22, Coronel Mart\u00edn Guillermo Mendoza y el Comandante de la VIII Brigada de Monta\u00f1a, coronel mayor Ricardo Horacio Doz dieron la bienvenida al gobernador Dr. Sergio U\u00f1ac, al vicegobernador CPN Roberto Gattoni, al Rector de la UNSJ, Ing. Tadeo Berenguer, al presidente de la Corte de Justicia, Dr. Juan Jos\u00e9 Victoria, representantes de los 3 Poderes, de la Municipalidad de Rivadavia; de las fuerzas armadas y de seguridad; invitados especiales y p\u00fablico en general.<\/p>\n<p>El acto comenz\u00f3 la revista de tropas y saludo por parte del gobernador Dr. Sergio U\u00f1ac acompa\u00f1ado por el Comandante de la VIII Brigada de Monta\u00f1a, coronel mayor Ricardo Horacio Doz<\/p>\n<p>Posteriormente, se enton\u00f3 el Himno Nacional Argentino acompa\u00f1ado por la Banda de M\u00fasica del RIM 22 que son\u00f3 a una sola voz por los presentes.<\/p>\n<p><iframe loading=\"lazy\" title=\"RIM 22 SAN JUAN\" width=\"800\" height=\"450\" src=\"https:\/\/www.youtube.com\/embed\/RnTWlXacBPk?start=12&#038;feature=oembed\" frameborder=\"0\" allow=\"accelerometer; autoplay; clipboard-write; encrypted-media; gyroscope; picture-in-picture\" allowfullscreen><\/iframe><\/p>\n<p>Seguidamente, el capell\u00e1n del RIM 22, Padre Adolfo Cal\u00edvar desarroll\u00f3 la invocaci\u00f3n religiosa para bendecir los presentes reconocimientos.<\/p>\n<p><iframe loading=\"lazy\" title=\"RIM 22 SAN JUAN PADRE CALIVAR\" width=\"800\" height=\"450\" src=\"https:\/\/www.youtube.com\/embed\/TbnhQPQwBZ8?start=3&#038;feature=oembed\" frameborder=\"0\" allow=\"accelerometer; autoplay; clipboard-write; encrypted-media; gyroscope; picture-in-picture\" allowfullscreen><\/iframe><\/p>\n<\/div>\n<div class=\"itemFullText\">\n<p>A continuaci\u00f3n, se realiz\u00f3 el minuto de silencio para honrar a los integrantes del RIM 22 ca\u00eddos en servicio y quedar\u00e1n en la memoria de la historia de la instituci\u00f3n.<\/p>\n<p><iframe loading=\"lazy\" title=\"RIM 22 SAN JUAN\" width=\"800\" height=\"450\" src=\"https:\/\/www.youtube.com\/embed\/yVCezeab0Uc?start=20&#038;feature=oembed\" frameborder=\"0\" allow=\"accelerometer; autoplay; clipboard-write; encrypted-media; gyroscope; picture-in-picture\" allowfullscreen><\/iframe><\/p>\n<p>Luego, el jefe del RIM 22, coronel Mart\u00edn Guillermo Mendoza, manifest\u00f3 que \u201cun hecho puntual marca nuestros or\u00edgenes y es que cuatro a\u00f1os despu\u00e9s de nuestra fundaci\u00f3n formal, el trabajo en conjunto con organismos de la provincia y con toda la sociedad para mitigar los efectos del desastre natural nos enlaz\u00f3 fuertemente con la sociedad sanjuanina, en un lazo que perdura desde aquellos d\u00edas hasta nuestros tiempos\u201d.<\/p>\n<p><iframe loading=\"lazy\" title=\"RIM 22 SAN JUAN\" width=\"800\" height=\"450\" src=\"https:\/\/www.youtube.com\/embed\/a74pfsEQblg?start=51&#038;feature=oembed\" frameborder=\"0\" allow=\"accelerometer; autoplay; clipboard-write; encrypted-media; gyroscope; picture-in-picture\" allowfullscreen><\/iframe><\/p>\n<p>Seguidamente, el comandante de la VIII Brigada de Monta\u00f1a, coronel mayor Ricardo Horacio Doz, quien destac\u00f3 que \u201cpara m\u00ed hoy es un especial honor como comandante de la VII Brigada estar ac\u00e1 celebrando, estamos llegando al final de un a\u00f1o particularmente intenso. El regimiento ha tenido que enfrentar sucesivos desaf\u00edos; el principal y que hace a nuestra raz\u00f3n de ser, el poder avanzar en nuestro adiestramiento para estar prontos a cumplir con nuestra misi\u00f3n\u00bb.<\/p>\n<p><iframe loading=\"lazy\" title=\"RIM 22 SAN JUAN CNEL. MY. RICARDO DOZ\" width=\"800\" height=\"450\" src=\"https:\/\/www.youtube.com\/embed\/Lw-71xNVGtc?feature=oembed\" frameborder=\"0\" allow=\"accelerometer; autoplay; clipboard-write; encrypted-media; gyroscope; picture-in-picture\" allowfullscreen><\/iframe><\/p>\n<p>El reconocimiento al cuerpo profesional convoc\u00f3 las mirada de los presentes orgullosos de tan digna menci\u00f3n<\/p>\n<p>Distintivo \u00abC\u00f3ndor Plateado\u00bb al personal que cumpli\u00f3 con las exigencias para la obtenci\u00f3n de la aptitud de tropas de monta\u00f1a:<\/p>\n<ul>\n<li>Capit\u00e1n Olga Beatriz Ar\u00f3stica<\/li>\n<li>Teniente Jes\u00fas Miguel Romano.<\/li>\n<li>Sargento Ra\u00fal Eduardo Mereles<\/li>\n<li>Cabo Primero Nahuel Andr\u00e9s Medina.<\/li>\n<li>Cabo Primero Roger Orlando Olmedo.<\/li>\n<\/ul>\n<p>Distinci\u00f3n al \u00aboficial, suboficial destacado a\u00f1o 2022\u00bb, por su contracci\u00f3n a las tareas del servicio, esp\u00edritu de sacrificio, camarader\u00eda y profesionalismo.<\/p>\n<ul>\n<li>Subteniente Eduardo Selzler.<\/li>\n<li>Cabo Primero Alejandro Tejada.<\/li>\n<li>Premio Virtud Militar A\u00f1o 2022. RECIBE:<\/li>\n<li>Soldado Voluntario Lucas Tejada<\/li>\n<\/ul>\n<p>Entrega del legajo personal los suboficiales que en el per\u00edodo 2021 2022 pasaron revistar situaci\u00f3n de retiro.<\/p>\n<ul>\n<li>Mayor de Infanter\u00eda Rodolfo Gustavo Tejada Gerone<\/li>\n<li>Principal Conductor Motorista Fernando Roberto \u00c1lvarez<\/li>\n<\/ul>\n<p>Distinci\u00f3n por los servicios en el RIM 22<\/p>\n<ul>\n<li>Mayor M\u00e9dico Juan Luis Massman<\/li>\n<li>Teniente Coronel Bioqu\u00edmica, Estela Beatriz Aubone<\/li>\n<\/ul>\n<p>Adem\u00e1s, el Jefe del RIM 22, coronel Mart\u00edn Guillermo Mendoza recibi\u00f3 placas por parte del Gobernador Dr. Sergio U\u00f1ac, el vicegobernador CPN Roberto Gattoni, los Diputados y los concejales de la Municipalidad de Rivadavia.<\/p>\n<p><img loading=\"lazy\" decoding=\"async\" class=\"alignnone size-full wp-image-53992\" src=\"https:\/\/vocesparalelas.com.ar\/sitio\/wp-content\/uploads\/2022\/11\/RIM-22-ANIVERSARIO-01.jpg\" alt=\"\" width=\"800\" height=\"533\" srcset=\"https:\/\/vocesparalelas.com.ar\/sitio\/wp-content\/uploads\/2022\/11\/RIM-22-ANIVERSARIO-01.jpg 800w, https:\/\/vocesparalelas.com.ar\/sitio\/wp-content\/uploads\/2022\/11\/RIM-22-ANIVERSARIO-01-300x200.jpg 300w, https:\/\/vocesparalelas.com.ar\/sitio\/wp-content\/uploads\/2022\/11\/RIM-22-ANIVERSARIO-01-768x512.jpg 768w\" sizes=\"auto, (max-width: 800px) 100vw, 800px\" \/><\/p>\n<p><img loading=\"lazy\" decoding=\"async\" class=\"alignnone size-full wp-image-53993\" src=\"https:\/\/vocesparalelas.com.ar\/sitio\/wp-content\/uploads\/2022\/11\/RIM-22-ANIVERSARIO-02.jpg\" alt=\"\" width=\"800\" height=\"533\" srcset=\"https:\/\/vocesparalelas.com.ar\/sitio\/wp-content\/uploads\/2022\/11\/RIM-22-ANIVERSARIO-02.jpg 800w, https:\/\/vocesparalelas.com.ar\/sitio\/wp-content\/uploads\/2022\/11\/RIM-22-ANIVERSARIO-02-300x200.jpg 300w, https:\/\/vocesparalelas.com.ar\/sitio\/wp-content\/uploads\/2022\/11\/RIM-22-ANIVERSARIO-02-768x512.jpg 768w\" sizes=\"auto, (max-width: 800px) 100vw, 800px\" \/><\/p>\n<p><img loading=\"lazy\" decoding=\"async\" class=\"alignnone size-full wp-image-53994\" src=\"https:\/\/vocesparalelas.com.ar\/sitio\/wp-content\/uploads\/2022\/11\/RIM-22-ANIVERSARIO-03.jpg\" alt=\"\" width=\"800\" height=\"533\" srcset=\"https:\/\/vocesparalelas.com.ar\/sitio\/wp-content\/uploads\/2022\/11\/RIM-22-ANIVERSARIO-03.jpg 800w, https:\/\/vocesparalelas.com.ar\/sitio\/wp-content\/uploads\/2022\/11\/RIM-22-ANIVERSARIO-03-300x200.jpg 300w, https:\/\/vocesparalelas.com.ar\/sitio\/wp-content\/uploads\/2022\/11\/RIM-22-ANIVERSARIO-03-768x512.jpg 768w\" sizes=\"auto, (max-width: 800px) 100vw, 800px\" \/><\/p>\n<p>&nbsp;<\/p>\n<p>Para cerrar el acto en la Plaza de Armas del RIM 22 sus integrantes cantaron la Canci\u00f3n Ej\u00e9rcito Argentino acompa\u00f1ado por la Banda de M\u00fasica del RIM 22.<\/p>\n<p><iframe loading=\"lazy\" title=\"RIM 22 SAN JUAN CANCION EJ\u00c9RCITO ARGENTINO\" width=\"800\" height=\"450\" src=\"https:\/\/www.youtube.com\/embed\/mM9WHpf_K6U?feature=oembed\" frameborder=\"0\" allow=\"accelerometer; autoplay; clipboard-write; encrypted-media; gyroscope; picture-in-picture\" allowfullscreen><\/iframe><\/p>\n<p>Para unir el sentir de ser Argentino los integrantes del RIM 22 desfilaron ante la familia reunida para elevar el honor con responsabilidad de defender el suelo de la Rep\u00fablica Argentina.<\/p>\n<\/div>\n<div class=\"itemFullText\">\n<p><iframe loading=\"lazy\" title=\"RIM 22 SAN JUAN\" width=\"800\" height=\"450\" src=\"https:\/\/www.youtube.com\/embed\/FaWnQdMQvvI?start=16&#038;feature=oembed\" frameborder=\"0\" allow=\"accelerometer; autoplay; clipboard-write; encrypted-media; gyroscope; picture-in-picture\" allowfullscreen><\/iframe><\/p>\n<p>&nbsp;<\/p>\n<p>Publicado el Lunes, 31 de Octubre de 2022<\/p>\n<h3><\/h3>\n<p>&nbsp;<\/p>\n<p>&nbsp;<\/p>\n<\/div>\n","protected":false},"excerpt":{"rendered":"<p>En la Plaza de Armas del Regimiento de Infanter\u00eda de Monta\u00f1a 22 \u201cTeniente Coronel Juan Manuel Cabot\u201d, en la localidad<\/p>\n","protected":false},"author":3,"featured_media":53995,"comment_status":"closed","ping_status":"closed","sticky":false,"template":"","format":"video","meta":{"_acf_changed":false,"_seopress_robots_primary_cat":"none","_seopress_titles_title":"","_seopress_titles_desc":"","_seopress_robots_index":"","colormag_page_container_layout":"default_layout","colormag_page_sidebar_layout":"default_layout","footnotes":""},"categories":[1,7],"tags":[],"class_list":["post-53962","post","type-post","status-publish","format-video","has-post-thumbnail","hentry","category-destacadas","category-videos","post_format-post-format-video"],"acf":[],"_links":{"self":[{"href":"https:\/\/vocesparalelas.com.ar\/sitio\/wp-json\/wp\/v2\/posts\/53962","targetHints":{"allow":["GET"]}}],"collection":[{"href":"https:\/\/vocesparalelas.com.ar\/sitio\/wp-json\/wp\/v2\/posts"}],"about":[{"href":"https:\/\/vocesparalelas.com.ar\/sitio\/wp-json\/wp\/v2\/types\/post"}],"author":[{"embeddable":true,"href":"https:\/\/vocesparalelas.com.ar\/sitio\/wp-json\/wp\/v2\/users\/3"}],"replies":[{"embeddable":true,"href":"https:\/\/vocesparalelas.com.ar\/sitio\/wp-json\/wp\/v2\/comments?post=53962"}],"version-history":[{"count":4,"href":"https:\/\/vocesparalelas.com.ar\/sitio\/wp-json\/wp\/v2\/posts\/53962\/revisions"}],"predecessor-version":[{"id":54015,"href":"https:\/\/vocesparalelas.com.ar\/sitio\/wp-json\/wp\/v2\/posts\/53962\/revisions\/54015"}],"wp:featuredmedia":[{"embeddable":true,"href":"https:\/\/vocesparalelas.com.ar\/sitio\/wp-json\/wp\/v2\/media\/53995"}],"wp:attachment":[{"href":"https:\/\/vocesparalelas.com.ar\/sitio\/wp-json\/wp\/v2\/media?parent=53962"}],"wp:term":[{"taxonomy":"category","embeddable":true,"href":"https:\/\/vocesparalelas.com.ar\/sitio\/wp-json\/wp\/v2\/categories?post=53962"},{"taxonomy":"post_tag","embeddable":true,"href":"https:\/\/vocesparalelas.com.ar\/sitio\/wp-json\/wp\/v2\/tags?post=53962"}],"curies":[{"name":"wp","href":"https:\/\/api.w.org\/{rel}","templated":true}]}}