{"id":53934,"date":"2022-10-28T16:09:36","date_gmt":"2022-10-28T19:09:36","guid":{"rendered":"https:\/\/vocesparalelas.com.ar\/sitio\/?p=53934"},"modified":"2022-10-28T16:17:50","modified_gmt":"2022-10-28T19:17:50","slug":"comision-de-economia-y-defensa-al-consumidor-de-la-camara-de-diputados-de-san-juan","status":"publish","type":"post","link":"https:\/\/vocesparalelas.com.ar\/sitio\/comision-de-economia-y-defensa-al-consumidor-de-la-camara-de-diputados-de-san-juan\/","title":{"rendered":"Comisi\u00f3n de Econom\u00eda y Defensa al Consumidor de la C\u00e1mara de Diputados de San Juan"},"content":{"rendered":"<div class=\"itemFullText jbintrotext\">\n<p>Los diputados de la C\u00e1mara de Diputados de San Juan integrantes de la Comisi\u00f3n de Econom\u00eda y Defensa al Consumidor llevaron a cabo una reuni\u00f3n para abordar diversos asuntos legislativos ingresados.<\/p>\n<\/div>\n<div class=\"itemFullText\">\n<p>El encuentro tuvo lugar en la sala de situaci\u00f3n del segundo piso del edificio legislativo y estuvo presidida por el titular de la comisi\u00f3n, diputado Rub\u00e9n Carri\u00f3n. Tambi\u00e9n participaron los legisladores Rodolfo Jalife, Jos\u00e9 Luis Esteve, Gast\u00f3n Berenguer, Enrique Monta\u00f1o y Mario Romero.<\/p>\n<p>En la ocasi\u00f3n, avanzaron en el tratamiento de varios proyectos de Ley y solicitaron informes a los organismos correspondientes para su posterior estudio y an\u00e1lisis.<\/p>\n<p>Por \u00faltimo, los diputados otorgaron despacho favorable a un proyecto de resoluci\u00f3n que declara de inter\u00e9s la \u201cJornada de J\u00f3venes Administradores de Empresas 2022\u201d, creado por la Asociaci\u00f3n Civil JAE.<\/p>\n<figure id=\"attachment_37951\" aria-describedby=\"caption-attachment-37951\" style=\"width: 800px\" class=\"wp-caption alignnone\"><img loading=\"lazy\" decoding=\"async\" class=\"size-full wp-image-37951\" src=\"https:\/\/vocesparalelas.com.ar\/sitio\/wp-content\/uploads\/2021\/05\/CAMARA-EDIFICIO.jpg\" alt=\"\" width=\"800\" height=\"515\" srcset=\"https:\/\/vocesparalelas.com.ar\/sitio\/wp-content\/uploads\/2021\/05\/CAMARA-EDIFICIO.jpg 800w, https:\/\/vocesparalelas.com.ar\/sitio\/wp-content\/uploads\/2021\/05\/CAMARA-EDIFICIO-300x193.jpg 300w, https:\/\/vocesparalelas.com.ar\/sitio\/wp-content\/uploads\/2021\/05\/CAMARA-EDIFICIO-768x494.jpg 768w\" sizes=\"auto, (max-width: 800px) 100vw, 800px\" \/><figcaption id=\"caption-attachment-37951\" class=\"wp-caption-text\">Legislatura Provincial de San Juan<\/figcaption><\/figure>\n<p>Publicado el Viernes, 28 de Octubre de 2022<\/p>\n<\/div>\n","protected":false},"excerpt":{"rendered":"<p>Los diputados de la C\u00e1mara de Diputados de San Juan integrantes de la Comisi\u00f3n de Econom\u00eda y Defensa al Consumidor<\/p>\n","protected":false},"author":3,"featured_media":53936,"comment_status":"closed","ping_status":"closed","sticky":false,"template":"","format":"standard","meta":{"_acf_changed":false,"_seopress_robots_primary_cat":"none","_seopress_titles_title":"","_seopress_titles_desc":"","_seopress_robots_index":"","colormag_page_container_layout":"default_layout","colormag_page_sidebar_layout":"default_layout","footnotes":""},"categories":[1],"tags":[],"class_list":["post-53934","post","type-post","status-publish","format-standard","has-post-thumbnail","hentry","category-destacadas"],"acf":[],"_links":{"self":[{"href":"https:\/\/vocesparalelas.com.ar\/sitio\/wp-json\/wp\/v2\/posts\/53934","targetHints":{"allow":["GET"]}}],"collection":[{"href":"https:\/\/vocesparalelas.com.ar\/sitio\/wp-json\/wp\/v2\/posts"}],"about":[{"href":"https:\/\/vocesparalelas.com.ar\/sitio\/wp-json\/wp\/v2\/types\/post"}],"author":[{"embeddable":true,"href":"https:\/\/vocesparalelas.com.ar\/sitio\/wp-json\/wp\/v2\/users\/3"}],"replies":[{"embeddable":true,"href":"https:\/\/vocesparalelas.com.ar\/sitio\/wp-json\/wp\/v2\/comments?post=53934"}],"version-history":[{"count":3,"href":"https:\/\/vocesparalelas.com.ar\/sitio\/wp-json\/wp\/v2\/posts\/53934\/revisions"}],"predecessor-version":[{"id":53939,"href":"https:\/\/vocesparalelas.com.ar\/sitio\/wp-json\/wp\/v2\/posts\/53934\/revisions\/53939"}],"wp:featuredmedia":[{"embeddable":true,"href":"https:\/\/vocesparalelas.com.ar\/sitio\/wp-json\/wp\/v2\/media\/53936"}],"wp:attachment":[{"href":"https:\/\/vocesparalelas.com.ar\/sitio\/wp-json\/wp\/v2\/media?parent=53934"}],"wp:term":[{"taxonomy":"category","embeddable":true,"href":"https:\/\/vocesparalelas.com.ar\/sitio\/wp-json\/wp\/v2\/categories?post=53934"},{"taxonomy":"post_tag","embeddable":true,"href":"https:\/\/vocesparalelas.com.ar\/sitio\/wp-json\/wp\/v2\/tags?post=53934"}],"curies":[{"name":"wp","href":"https:\/\/api.w.org\/{rel}","templated":true}]}}