{"id":53896,"date":"2022-10-27T14:27:07","date_gmt":"2022-10-27T17:27:07","guid":{"rendered":"https:\/\/vocesparalelas.com.ar\/sitio\/?p=53896"},"modified":"2022-10-28T23:25:43","modified_gmt":"2022-10-29T02:25:43","slug":"conferencia-para-residentes-chilenos-en-san-juan-uniendo-fronteras-y-abriendo-el-dialogo-sobre-pensiones","status":"publish","type":"post","link":"https:\/\/vocesparalelas.com.ar\/sitio\/conferencia-para-residentes-chilenos-en-san-juan-uniendo-fronteras-y-abriendo-el-dialogo-sobre-pensiones\/","title":{"rendered":"Conferencia para residentes chilenos en San Juan uniendo fronteras y abriendo el di\u00e1logo sobre pensiones"},"content":{"rendered":"<p>Por Prof. Lic. Fernando A. Ocampo<\/p>\n<p>El Mi\u00e9rcoles, 26 de Octubre de 2022, se efectu\u00f3 en la Sala de reuniones, 2\u00b0 piso Anexo Legislatura Provincial de San Juan la muy esperada Conferencia V\u00eda Zoom desde la Casa San Juan La Serena Chile para residentes chilenos en San Juan.<\/p>\n<p>Los participantes fueron representantes del Gobierno de Coquimbo, gente del IPS &#8211; Instituto Previsi\u00f3n Social de Chile -, tanto de Coquimbo como de Santiago de Chile. C\u00f3nsul honorario de Chile en San Juan, Mario Schiavone, C\u00e1mara de Diputados de San Juan; Diputado Enrique Monta\u00f1o y Diputada Dra. Marcela Monti, por parte de Icachi, Ra\u00fal Bustamante, de la Casa de San Juan en La Serena, Enrique Valdebenito, de la Asociaci\u00f3n de Municipalidades de Coquimbo, Lic. Vanina Villegas, entre otras personalidades y residentes chilenos en San Juan.<\/p>\n<p>Este mismo fue organizado por<\/p>\n<ul>\n<li>C\u00e1mara de Diputados San Juan<\/li>\n<li>Comisi\u00f3n de Di\u00e1logo Pol\u00edtico<\/li>\n<li>Oficina de Integraci\u00f3n Municipal<\/li>\n<li>Instituto Cultural Argentino Chileno \u2013 ICACHI<\/li>\n<li>Consulado Honorario de Chile en San Juan.<\/li>\n<\/ul>\n<p><span style=\"color: #800080;\"><strong>Los temas tratados fueron<\/strong><\/span><\/p>\n<ul>\n<li>Rol de la Superintendencia en Chile y en el Extranjero (Argentina).<\/li>\n<li>R\u00e9gimen vigente en Chile, Antiguo Sistema, cajas de previsi\u00f3n y D.L. 3500 \u2013 AFP.<\/li>\n<li>Pilares que conforman Sistema previsional actual<\/li>\n<li>Modalidades de Pensi\u00f3n<\/li>\n<li>Convenio bilateral con Argentina- Formularios de correlaci\u00f3n<\/li>\n<\/ul>\n<p>Seg\u00fan el Art\u00edculo N\u00b0 19 del \u00abTratado de Maip\u00fa, se cre\u00f3 la Integraci\u00f3n y Cooperaci\u00f3n entre la Rep\u00fablica Argentina y la Rep\u00fablica de Chile\u00bb.<\/p>\n<p><span style=\"color: #800080;\"><strong>\u00bfQu\u00e9 es este tratado y que trata para ambas naciones?\u00a0<\/strong><\/span><\/p>\n<p>El Tratado de Maip\u00fa marca un hito en las relaciones chileno-argentinas, estableciendo el marco de referencia que gu\u00eda la relaci\u00f3n hacia una integraci\u00f3n real y concreta, imprimiendo un renovado impulso frente a los desaf\u00edos del siglo XXI.<\/p>\n<p>El desaf\u00edo ha sido concretar los objetivos enunciados en el Tratado de Maip\u00fa a trav\u00e9s de la implementaci\u00f3n eficaz de sus mecanismos institucionales y complementarios, el adecuado cumplimiento de sus disposiciones especiales y de lo acordado en los Protocolos Complementarios de este trascendental instrumento.<\/p>\n<p>Para ello, el trabajo bilateral ha sido intenso y permanente, con el prop\u00f3sito de mejorar y ampliar la conexi\u00f3n f\u00edsica entre los territorios de uno y otro pa\u00eds, impulsar la cooperaci\u00f3n econ\u00f3mica y comercial, intensificar la coordinaci\u00f3n pol\u00edtica y el di\u00e1logo en materia de defensa y seguridad internacional, entre otros aspectos de inter\u00e9s com\u00fan.<\/p>\n<p>La integraci\u00f3n es un fen\u00f3meno en din\u00e1mico. Los niveles de confianza alcanzada, a trav\u00e9s del di\u00e1logo bilateral, siempre franco y directo, ha permitido avanzar a paso firme, con la certeza que las relaciones de cooperaci\u00f3n y de integraci\u00f3n chileno-argentina son indispensables para el desarrollo y el bienestar de nuestros pueblos.<\/p>\n<p>En conclusi\u00f3n la conferencia, dur\u00f3 poco m\u00e1s de dos horas se abordaron temas de convenios internacionales de pensiones entre ambos pa\u00edses hermanos, destacando claramente las pensiones Chilenas, muy nutrido e informativamente correcto, hubo preguntas y respuestas muy aclaratorias al respecto.<\/p>\n<p><img loading=\"lazy\" decoding=\"async\" class=\"alignnone size-full wp-image-44316\" src=\"https:\/\/vocesparalelas.com.ar\/sitio\/wp-content\/uploads\/2021\/11\/CDSJ-ANEXO-10.jpg\" alt=\"\" width=\"736\" height=\"409\" srcset=\"https:\/\/vocesparalelas.com.ar\/sitio\/wp-content\/uploads\/2021\/11\/CDSJ-ANEXO-10.jpg 736w, https:\/\/vocesparalelas.com.ar\/sitio\/wp-content\/uploads\/2021\/11\/CDSJ-ANEXO-10-300x167.jpg 300w\" sizes=\"auto, (max-width: 736px) 100vw, 736px\" \/><\/p>\n<p>Publicado el Jueves, 27 de Octubre de 2022<\/p>\n","protected":false},"excerpt":{"rendered":"<p>Por Prof. Lic. Fernando A. Ocampo El Mi\u00e9rcoles, 26 de Octubre de 2022, se efectu\u00f3 en la Sala de reuniones,<\/p>\n","protected":false},"author":3,"featured_media":53898,"comment_status":"closed","ping_status":"closed","sticky":false,"template":"","format":"standard","meta":{"_acf_changed":false,"_seopress_robots_primary_cat":"none","_seopress_titles_title":"","_seopress_titles_desc":"","_seopress_robots_index":"","colormag_page_container_layout":"default_layout","colormag_page_sidebar_layout":"default_layout","footnotes":""},"categories":[10],"tags":[],"class_list":["post-53896","post","type-post","status-publish","format-standard","has-post-thumbnail","hentry","category-opiniones"],"acf":[],"_links":{"self":[{"href":"https:\/\/vocesparalelas.com.ar\/sitio\/wp-json\/wp\/v2\/posts\/53896","targetHints":{"allow":["GET"]}}],"collection":[{"href":"https:\/\/vocesparalelas.com.ar\/sitio\/wp-json\/wp\/v2\/posts"}],"about":[{"href":"https:\/\/vocesparalelas.com.ar\/sitio\/wp-json\/wp\/v2\/types\/post"}],"author":[{"embeddable":true,"href":"https:\/\/vocesparalelas.com.ar\/sitio\/wp-json\/wp\/v2\/users\/3"}],"replies":[{"embeddable":true,"href":"https:\/\/vocesparalelas.com.ar\/sitio\/wp-json\/wp\/v2\/comments?post=53896"}],"version-history":[{"count":4,"href":"https:\/\/vocesparalelas.com.ar\/sitio\/wp-json\/wp\/v2\/posts\/53896\/revisions"}],"predecessor-version":[{"id":53902,"href":"https:\/\/vocesparalelas.com.ar\/sitio\/wp-json\/wp\/v2\/posts\/53896\/revisions\/53902"}],"wp:featuredmedia":[{"embeddable":true,"href":"https:\/\/vocesparalelas.com.ar\/sitio\/wp-json\/wp\/v2\/media\/53898"}],"wp:attachment":[{"href":"https:\/\/vocesparalelas.com.ar\/sitio\/wp-json\/wp\/v2\/media?parent=53896"}],"wp:term":[{"taxonomy":"category","embeddable":true,"href":"https:\/\/vocesparalelas.com.ar\/sitio\/wp-json\/wp\/v2\/categories?post=53896"},{"taxonomy":"post_tag","embeddable":true,"href":"https:\/\/vocesparalelas.com.ar\/sitio\/wp-json\/wp\/v2\/tags?post=53896"}],"curies":[{"name":"wp","href":"https:\/\/api.w.org\/{rel}","templated":true}]}}