{"id":53880,"date":"2022-10-27T11:12:34","date_gmt":"2022-10-27T14:12:34","guid":{"rendered":"https:\/\/vocesparalelas.com.ar\/sitio\/?p=53880"},"modified":"2022-10-28T23:30:26","modified_gmt":"2022-10-29T02:30:26","slug":"acreditacion-de-haberes-de-octubre-2022-para-los-empleados-publicos-de-san-juan","status":"publish","type":"post","link":"https:\/\/vocesparalelas.com.ar\/sitio\/acreditacion-de-haberes-de-octubre-2022-para-los-empleados-publicos-de-san-juan\/","title":{"rendered":"Acreditaci\u00f3n de haberes de Octubre 2022 para los Empleados P\u00fablicos de San Juan"},"content":{"rendered":"<div class=\"itemFullText\">\n<p>Desde la Secretar\u00eda de Hacienda y Finanzas del Gobierno de San Juan anunciaron que el Martes, 1 de Noviembre se encuentra acreditados en cajeros, los haberes correspondientes al mes de Octubre de 2022 para la Administraci\u00f3n P\u00fablica.<\/p>\n<p>Asimismo, recordaron que los sueldos de Octubre incluyen el 11% de aumento acordado en la \u00faltima reuni\u00f3n con los gremios, el 14 de Septiembre. De esta manera, se alcanza un 83% de aumento a octubre.<\/p>\n<p>El acuerdo salarial 2022 contin\u00faa con incrementos en los sueldos de los trabajadores de la Administraci\u00f3n P\u00fablica durante los meses de Noviembre y Diciembre de 2022.<\/p>\n<p>Cabe recordar que con los salarios de Noviembre habr\u00e1 un 7% de aumento y un 10% m\u00e1s en Diciembre. As\u00ed, el acuerdo 2022 cierra con un 100% de aumento anual, previendo cl\u00e1usula gatillo para Enero y Febrero de 2023.<\/p>\n<p>Se recuerda tambi\u00e9n que los cajeros autom\u00e1ticos funcionan las 24 horas, por lo que se sugiere evitar horarios y cajeros con gran afluencia de p\u00fablico, no asistir acompa\u00f1ados, mantener la distancia entre personas y desinfectar las manos luego del uso de cajeros y manipulaci\u00f3n de dinero.<\/p>\n<p>Adem\u00e1s, la poblaci\u00f3n debe tener presente que est\u00e1n vigentes las extracciones con tarjeta de d\u00e9bito en los principales supermercados y estaciones de servicio de la provincia de San Juan, entre otros comercios identificados con el logo de Visa &#8211; Extra cash.<\/p>\n<\/div>\n<div class=\"clr\"><\/div>\n<div class=\"itemContentFooter\"><span class=\"itemDateModified\">Publicado el Jueves, 27 de Octubre de 2022<\/span><\/div>\n","protected":false},"excerpt":{"rendered":"<p>Desde la Secretar\u00eda de Hacienda y Finanzas del Gobierno de San Juan anunciaron que el Martes, 1 de Noviembre se<\/p>\n","protected":false},"author":3,"featured_media":5039,"comment_status":"closed","ping_status":"closed","sticky":false,"template":"","format":"standard","meta":{"_acf_changed":false,"_seopress_robots_primary_cat":"none","_seopress_titles_title":"","_seopress_titles_desc":"","_seopress_robots_index":"","colormag_page_container_layout":"default_layout","colormag_page_sidebar_layout":"default_layout","footnotes":""},"categories":[6],"tags":[],"class_list":["post-53880","post","type-post","status-publish","format-standard","has-post-thumbnail","hentry","category-eventos"],"acf":[],"_links":{"self":[{"href":"https:\/\/vocesparalelas.com.ar\/sitio\/wp-json\/wp\/v2\/posts\/53880","targetHints":{"allow":["GET"]}}],"collection":[{"href":"https:\/\/vocesparalelas.com.ar\/sitio\/wp-json\/wp\/v2\/posts"}],"about":[{"href":"https:\/\/vocesparalelas.com.ar\/sitio\/wp-json\/wp\/v2\/types\/post"}],"author":[{"embeddable":true,"href":"https:\/\/vocesparalelas.com.ar\/sitio\/wp-json\/wp\/v2\/users\/3"}],"replies":[{"embeddable":true,"href":"https:\/\/vocesparalelas.com.ar\/sitio\/wp-json\/wp\/v2\/comments?post=53880"}],"version-history":[{"count":1,"href":"https:\/\/vocesparalelas.com.ar\/sitio\/wp-json\/wp\/v2\/posts\/53880\/revisions"}],"predecessor-version":[{"id":53882,"href":"https:\/\/vocesparalelas.com.ar\/sitio\/wp-json\/wp\/v2\/posts\/53880\/revisions\/53882"}],"wp:featuredmedia":[{"embeddable":true,"href":"https:\/\/vocesparalelas.com.ar\/sitio\/wp-json\/wp\/v2\/media\/5039"}],"wp:attachment":[{"href":"https:\/\/vocesparalelas.com.ar\/sitio\/wp-json\/wp\/v2\/media?parent=53880"}],"wp:term":[{"taxonomy":"category","embeddable":true,"href":"https:\/\/vocesparalelas.com.ar\/sitio\/wp-json\/wp\/v2\/categories?post=53880"},{"taxonomy":"post_tag","embeddable":true,"href":"https:\/\/vocesparalelas.com.ar\/sitio\/wp-json\/wp\/v2\/tags?post=53880"}],"curies":[{"name":"wp","href":"https:\/\/api.w.org\/{rel}","templated":true}]}}