{"id":53878,"date":"2022-10-27T12:36:10","date_gmt":"2022-10-27T15:36:10","guid":{"rendered":"https:\/\/vocesparalelas.com.ar\/sitio\/?p=53878"},"modified":"2022-10-28T23:36:36","modified_gmt":"2022-10-29T02:36:36","slug":"osp-logro-acuerdo-con-los-farmaceuticos-para-fortalecer-la-prestacion-para-sus-afiliados-de-san-juan","status":"publish","type":"post","link":"https:\/\/vocesparalelas.com.ar\/sitio\/osp-logro-acuerdo-con-los-farmaceuticos-para-fortalecer-la-prestacion-para-sus-afiliados-de-san-juan\/","title":{"rendered":"OSP logr\u00f3 acuerdo con los Farmac\u00e9uticos para fortalecer la prestaci\u00f3n para sus afiliados de San Juan"},"content":{"rendered":"<div class=\"itemFullText\">\n<p>En el Colegio Farmac\u00e9utico de San Juan, Brasil 365 -E- Capital, se desarroll\u00f3 la conferencia de prensa para anunciar los logros de la Obra Social Provincia del Ministerio de Salud P\u00fablica del Gobierno de San Juan entre el Colegio Farmac\u00e9utico de San Juan, la Asociaci\u00f3n Propietarios de Farmacia, los sindicatos UPCN, ATSA y UDAP para garantizar la prestaci\u00f3n de medicamentos a sus 150.000 afiliados.<\/p>\n<p><img loading=\"lazy\" decoding=\"async\" class=\"alignnone size-full wp-image-53883\" src=\"https:\/\/vocesparalelas.com.ar\/sitio\/wp-content\/uploads\/2022\/10\/COLEGIO-FARMACEUTICO-EDIFICIO.jpg\" alt=\"\" width=\"800\" height=\"600\" srcset=\"https:\/\/vocesparalelas.com.ar\/sitio\/wp-content\/uploads\/2022\/10\/COLEGIO-FARMACEUTICO-EDIFICIO.jpg 800w, https:\/\/vocesparalelas.com.ar\/sitio\/wp-content\/uploads\/2022\/10\/COLEGIO-FARMACEUTICO-EDIFICIO-300x225.jpg 300w, https:\/\/vocesparalelas.com.ar\/sitio\/wp-content\/uploads\/2022\/10\/COLEGIO-FARMACEUTICO-EDIFICIO-768x576.jpg 768w\" sizes=\"auto, (max-width: 800px) 100vw, 800px\" \/><\/p>\n<p>Por ello, estuvieron presentes el interventor de la Obra Social Provincia, Dr. Miguel \u00c1ngel Greco; el presidente del Colegio Farmac\u00e9utico de San Juan, Mauricio Barcel\u00f3; el Presidente de la Asociaci\u00f3n Propietarios de Farmacia, Carlos Otto; el Secretario Adjunto de UPCN, Gabriel Pacheco; el Secretario General de UDAP, Luis Lucero y el Secretario Adjunto de ATSA, Oscar Saffe.<\/p>\n<p><img loading=\"lazy\" decoding=\"async\" class=\"alignnone size-full wp-image-53884\" src=\"https:\/\/vocesparalelas.com.ar\/sitio\/wp-content\/uploads\/2022\/10\/OSP-FARMACEUTICOS-01.jpg\" alt=\"\" width=\"800\" height=\"533\" srcset=\"https:\/\/vocesparalelas.com.ar\/sitio\/wp-content\/uploads\/2022\/10\/OSP-FARMACEUTICOS-01.jpg 800w, https:\/\/vocesparalelas.com.ar\/sitio\/wp-content\/uploads\/2022\/10\/OSP-FARMACEUTICOS-01-300x200.jpg 300w, https:\/\/vocesparalelas.com.ar\/sitio\/wp-content\/uploads\/2022\/10\/OSP-FARMACEUTICOS-01-768x512.jpg 768w\" sizes=\"auto, (max-width: 800px) 100vw, 800px\" \/><\/p>\n<p>Primero el presidente del Colegio Farmac\u00e9utico de San Juan, Mauricio Barcel\u00f3 puntualiz\u00f3 que \u00abel servicio de proveedur\u00eda de medicamento est\u00e1 asegurado, siempre estuvo asegurado y el 3 de noviembre vamos a a firmar un acuerdo para darle un nuevo aspecto a este convenio, que va a tener otra modalidad que no afectar\u00e1 a los pacientes, quienes tendr\u00e1n la misma cobertura, los mismos medicamentos y el mismo servicio en todas las farmacias de San Juan\u00bb.<\/p>\n<p><iframe loading=\"lazy\" title=\"OSP MAURICIO BARCEL\u00d3\" width=\"800\" height=\"450\" src=\"https:\/\/www.youtube.com\/embed\/rn_ZwrV5qN0?feature=oembed\" frameborder=\"0\" allow=\"accelerometer; autoplay; clipboard-write; encrypted-media; gyroscope; picture-in-picture\" allowfullscreen><\/iframe><\/p>\n<p>Luego, el Presidente de la Asociaci\u00f3n Propietarios de Farmacia, Carlos Otto remarc\u00f3 que \u201clas farmacias tienen asegurado el cobro de todas las prestaciones realizadas por la modalidad que ha regido hasta el 14 de octubre y hacia adelante tambi\u00e9n est\u00e1n aseguradas. El nuevo sistema va a ser prestacional, asegurando la universalidad de las farmacias con el mismo vadem\u00e9cum. Esto es un avance, un anhelo que ten\u00edamos las farmacias de tener un sistema prestacional, porque es m\u00e1s justo\u201d.<\/p>\n<p><iframe loading=\"lazy\" title=\"OSP APF CARLOS OTTO\" width=\"800\" height=\"450\" src=\"https:\/\/www.youtube.com\/embed\/ZWllHlEDVU0?feature=oembed\" frameborder=\"0\" allow=\"accelerometer; autoplay; clipboard-write; encrypted-media; gyroscope; picture-in-picture\" allowfullscreen><\/iframe><\/p>\n<p>A continuaci\u00f3n, el el Secretario Adjunto de UPCN, Gabriel Pacheco destac\u00f3 que \u00aben el caso de UPCN vamos a dar total garant\u00eda. El acuerdo garantiza que la prestaci\u00f3n de servicios se va a seguir cumpliendo en la manera que lo venimos haciendo hasta hoy. Desde la Farmacia Social, al igual que lo ha manifestado cada uno de los sectores que ac\u00e1 estamos representados, vas a seguir en la misma modalidad y prestando el mismo servicio\u00bb.<\/p>\n<p><iframe loading=\"lazy\" title=\"OSP UPCN GABRIEL PACHECO\" width=\"800\" height=\"450\" src=\"https:\/\/www.youtube.com\/embed\/NoxKac9anhg?feature=oembed\" frameborder=\"0\" allow=\"accelerometer; autoplay; clipboard-write; encrypted-media; gyroscope; picture-in-picture\" allowfullscreen><\/iframe><\/p>\n<p>Posteriormente, el Secretario General de UDAP, Luis Lucero expres\u00f3 que \u00ablo que pretendemos a trav\u00e9s de este pronto acuerdo es mejorar en beneficio de nuestros afiliados. Desmiento absolutamente que se hayan bajado medicaciones o se hayan suspendido\u201d.<\/p>\n<p><iframe loading=\"lazy\" title=\"OSP UDAP PROF LUIS LUCERO\" width=\"800\" height=\"450\" src=\"https:\/\/www.youtube.com\/embed\/O87GbVqQj9I?feature=oembed\" frameborder=\"0\" allow=\"accelerometer; autoplay; clipboard-write; encrypted-media; gyroscope; picture-in-picture\" allowfullscreen><\/iframe><\/p>\n<p>Por lo tanto, el Secretario Adjunto de ATSA, Oscar Saffe fortaleci\u00f3 que \u00abes importante para los trabajadores de la sanidad reiterar que nuestras farmacias van a seguir realizando todas las coberturas que se han hecho hasta el d\u00eda de la fecha y en el acuerdo que vamos a firmar la semana que viene va a seguir exactamente igual. No va a tener ning\u00fan problema ning\u00fan afiliado nuestro para conseguir su medicamento\u201d.<\/p>\n<p><iframe loading=\"lazy\" title=\"OSP ATSA OSCAR SAFFE\" width=\"800\" height=\"450\" src=\"https:\/\/www.youtube.com\/embed\/PCDFvP_aBDA?feature=oembed\" frameborder=\"0\" allow=\"accelerometer; autoplay; clipboard-write; encrypted-media; gyroscope; picture-in-picture\" allowfullscreen><\/iframe><\/p>\n<p>Para cerrar la conferencia de prensa con grandes anuncios en beneficio de los afiliados de la OSP, su interventor, Dr. Miguel Greco aclar\u00f3 que \u00aba todo el sector gremial, al Colegio de Farmac\u00e9uticos y a la Asociaci\u00f3n Propietarios de Farmacias. Hemos alcanzado un acuerdo en el que venimos trabajando hace mucho tiempo, con muy buen di\u00e1logo. Hoy se ha cambiado el modo de trabajo con respecto a estas cinco instituciones que representan a todo el sector de farmacia. Transmitimos tranquilidad a la gente, como han dicho todos los participantes. La prestaci\u00f3n de servicio en cuanto a la entrega de medicamentos es normal y va a seguir siendo normal. Lo \u00fanico que cambia es la metodolog\u00eda. Lo que se venda es lo que se va a pagar\u00bb.<\/p>\n<p><iframe loading=\"lazy\" title=\"OSP DR MIGUEL \u00c1NGEL GRECO\" width=\"800\" height=\"450\" src=\"https:\/\/www.youtube.com\/embed\/e1SMuoe66mA?feature=oembed\" frameborder=\"0\" allow=\"accelerometer; autoplay; clipboard-write; encrypted-media; gyroscope; picture-in-picture\" allowfullscreen><\/iframe><\/p>\n<figure id=\"attachment_26282\" aria-describedby=\"caption-attachment-26282\" style=\"width: 800px\" class=\"wp-caption alignnone\"><img loading=\"lazy\" decoding=\"async\" class=\"wp-image-26282 size-large\" src=\"https:\/\/vocesparalelas.com.ar\/sitio\/wp-content\/uploads\/2020\/01\/OSP-PERSONAL-800x490.jpg\" alt=\"\" width=\"800\" height=\"490\" srcset=\"https:\/\/vocesparalelas.com.ar\/sitio\/wp-content\/uploads\/2020\/01\/OSP-PERSONAL.jpg 800w, https:\/\/vocesparalelas.com.ar\/sitio\/wp-content\/uploads\/2020\/01\/OSP-PERSONAL-300x184.jpg 300w, https:\/\/vocesparalelas.com.ar\/sitio\/wp-content\/uploads\/2020\/01\/OSP-PERSONAL-768x470.jpg 768w\" sizes=\"auto, (max-width: 800px) 100vw, 800px\" \/><figcaption id=\"caption-attachment-26282\" class=\"wp-caption-text\">Trabajadores de la Obra Social Provincia de San Juan que trabajan para sus afiliados<\/figcaption><\/figure>\n<\/div>\n<div><\/div>\n<div><\/div>\n<div class=\"itemContentFooter\"><span class=\"itemDateModified\">Publicado el Jueves, 27 de Octubre de 2022<\/span><\/div>\n","protected":false},"excerpt":{"rendered":"<p>En el Colegio Farmac\u00e9utico de San Juan, Brasil 365 -E- Capital, se desarroll\u00f3 la conferencia de prensa para anunciar los<\/p>\n","protected":false},"author":3,"featured_media":53885,"comment_status":"closed","ping_status":"closed","sticky":false,"template":"","format":"video","meta":{"_acf_changed":false,"_seopress_robots_primary_cat":"none","_seopress_titles_title":"","_seopress_titles_desc":"","_seopress_robots_index":"","colormag_page_container_layout":"default_layout","colormag_page_sidebar_layout":"default_layout","footnotes":""},"categories":[10,7],"tags":[],"class_list":["post-53878","post","type-post","status-publish","format-video","has-post-thumbnail","hentry","category-opiniones","category-videos","post_format-post-format-video"],"acf":[],"_links":{"self":[{"href":"https:\/\/vocesparalelas.com.ar\/sitio\/wp-json\/wp\/v2\/posts\/53878","targetHints":{"allow":["GET"]}}],"collection":[{"href":"https:\/\/vocesparalelas.com.ar\/sitio\/wp-json\/wp\/v2\/posts"}],"about":[{"href":"https:\/\/vocesparalelas.com.ar\/sitio\/wp-json\/wp\/v2\/types\/post"}],"author":[{"embeddable":true,"href":"https:\/\/vocesparalelas.com.ar\/sitio\/wp-json\/wp\/v2\/users\/3"}],"replies":[{"embeddable":true,"href":"https:\/\/vocesparalelas.com.ar\/sitio\/wp-json\/wp\/v2\/comments?post=53878"}],"version-history":[{"count":1,"href":"https:\/\/vocesparalelas.com.ar\/sitio\/wp-json\/wp\/v2\/posts\/53878\/revisions"}],"predecessor-version":[{"id":53886,"href":"https:\/\/vocesparalelas.com.ar\/sitio\/wp-json\/wp\/v2\/posts\/53878\/revisions\/53886"}],"wp:featuredmedia":[{"embeddable":true,"href":"https:\/\/vocesparalelas.com.ar\/sitio\/wp-json\/wp\/v2\/media\/53885"}],"wp:attachment":[{"href":"https:\/\/vocesparalelas.com.ar\/sitio\/wp-json\/wp\/v2\/media?parent=53878"}],"wp:term":[{"taxonomy":"category","embeddable":true,"href":"https:\/\/vocesparalelas.com.ar\/sitio\/wp-json\/wp\/v2\/categories?post=53878"},{"taxonomy":"post_tag","embeddable":true,"href":"https:\/\/vocesparalelas.com.ar\/sitio\/wp-json\/wp\/v2\/tags?post=53878"}],"curies":[{"name":"wp","href":"https:\/\/api.w.org\/{rel}","templated":true}]}}