{"id":53869,"date":"2022-10-26T19:54:03","date_gmt":"2022-10-26T22:54:03","guid":{"rendered":"https:\/\/vocesparalelas.com.ar\/sitio\/?p=53869"},"modified":"2022-11-06T21:55:23","modified_gmt":"2022-11-07T00:55:23","slug":"el-presidente-del-club-atletico-boca-juniors-jorge-ameal-en-san-juan","status":"publish","type":"post","link":"https:\/\/vocesparalelas.com.ar\/sitio\/el-presidente-del-club-atletico-boca-juniors-jorge-ameal-en-san-juan\/","title":{"rendered":"El presidente del Club Atl\u00e9tico Boca Juniors, Jorge Ameal en San Juan"},"content":{"rendered":"<p>El gobernador de San Juan, Sergio U\u00f1ac, recibi\u00f3 este mi\u00e9rcoles los saludos protocolares del presidente del Club Atl\u00e9tico Boca Juniors, Jorge Ameal, acompa\u00f1ado por el vocal de la comisi\u00f3n directiva de la entidad, Alejandro Gonz\u00e1lez. Los directivos de la instituci\u00f3n xeneize arribaron a la provincia para presenciar la semifinal que en el marco de la Copa Argentina enfrentar\u00e1 esta noche en el Estadio del Bicentenario a Boca y Patronato.<\/p>\n<figure id=\"attachment_53872\" aria-describedby=\"caption-attachment-53872\" style=\"width: 800px\" class=\"wp-caption alignnone\"><img loading=\"lazy\" decoding=\"async\" class=\"size-full wp-image-53872\" src=\"https:\/\/vocesparalelas.com.ar\/sitio\/wp-content\/uploads\/2022\/10\/BOCA-JORGE-AMOR-AMEAL.jpg\" alt=\"\" width=\"800\" height=\"489\" srcset=\"https:\/\/vocesparalelas.com.ar\/sitio\/wp-content\/uploads\/2022\/10\/BOCA-JORGE-AMOR-AMEAL.jpg 800w, https:\/\/vocesparalelas.com.ar\/sitio\/wp-content\/uploads\/2022\/10\/BOCA-JORGE-AMOR-AMEAL-300x183.jpg 300w, https:\/\/vocesparalelas.com.ar\/sitio\/wp-content\/uploads\/2022\/10\/BOCA-JORGE-AMOR-AMEAL-768x469.jpg 768w\" sizes=\"auto, (max-width: 800px) 100vw, 800px\" \/><figcaption id=\"caption-attachment-53872\" class=\"wp-caption-text\">Presidente del Club Atl\u00e9tico Boca Juniors, Jorge Ameal<\/figcaption><\/figure>\n<p>En la reuni\u00f3n estuvieron presentes, adem\u00e1s, el secretario de Deportes, Jorge Chica; el subsecretario de la Unidad Gobernaci\u00f3n, Luis Rueda; el subsecretario de Deportes y Alto Rendimiento, Leonardo Flores; el director de Alto Rendimiento, Mario Artes y asesores de la Secretar\u00eda de Deportes, Alberto Naveda y Alejandro G\u00f3mez.<\/p>\n<p><iframe loading=\"lazy\" title=\"Sergio U\u00f1ac recibi\u00f3 al Presidente de Boca, Jorge Amor Ameal\" width=\"800\" height=\"450\" src=\"https:\/\/www.youtube.com\/embed\/UwCIOXlub-M?feature=oembed\" frameborder=\"0\" allow=\"accelerometer; autoplay; clipboard-write; encrypted-media; gyroscope; picture-in-picture\" allowfullscreen><\/iframe><\/p>\n<p>Durante el encuentro, el primer mandatario y los dirigentes dialogaron sobre lo que significa el f\u00fatbol para el pa\u00eds, lo que ha generado la presencia de Boca en San Juan y sobre los convenios firmados, que hacen avanzar las instancias deportivas en la provincia.<\/p>\n<div class=\"itemFullText\">\n<p>\u201cBoca origin\u00f3 hoy el cien por ciento de ocupaci\u00f3n hotelera en San Juan, sumado a los World Skate Games. Es nuestra intenci\u00f3n continuar produciendo eventos que consolidan las fuentes de empleo genuinas locales\u201d, expres\u00f3 Chica.<\/p>\n<\/div>\n<div class=\"clr\"><\/div>\n<div class=\"itemContentFooter\"><span class=\"itemDateModified\">Publicado el Mi\u00e9rcoles, 26 de Octubre de 2022\u00a0<\/span><\/div>\n","protected":false},"excerpt":{"rendered":"<p>El gobernador de San Juan, Sergio U\u00f1ac, recibi\u00f3 este mi\u00e9rcoles los saludos protocolares del presidente del Club Atl\u00e9tico Boca Juniors,<\/p>\n","protected":false},"author":3,"featured_media":53874,"comment_status":"closed","ping_status":"closed","sticky":false,"template":"","format":"video","meta":{"_acf_changed":false,"_seopress_robots_primary_cat":"none","_seopress_titles_title":"","_seopress_titles_desc":"","_seopress_robots_index":"","colormag_page_container_layout":"default_layout","colormag_page_sidebar_layout":"default_layout","footnotes":""},"categories":[1,7],"tags":[],"class_list":["post-53869","post","type-post","status-publish","format-video","has-post-thumbnail","hentry","category-destacadas","category-videos","post_format-post-format-video"],"acf":[],"_links":{"self":[{"href":"https:\/\/vocesparalelas.com.ar\/sitio\/wp-json\/wp\/v2\/posts\/53869","targetHints":{"allow":["GET"]}}],"collection":[{"href":"https:\/\/vocesparalelas.com.ar\/sitio\/wp-json\/wp\/v2\/posts"}],"about":[{"href":"https:\/\/vocesparalelas.com.ar\/sitio\/wp-json\/wp\/v2\/types\/post"}],"author":[{"embeddable":true,"href":"https:\/\/vocesparalelas.com.ar\/sitio\/wp-json\/wp\/v2\/users\/3"}],"replies":[{"embeddable":true,"href":"https:\/\/vocesparalelas.com.ar\/sitio\/wp-json\/wp\/v2\/comments?post=53869"}],"version-history":[{"count":2,"href":"https:\/\/vocesparalelas.com.ar\/sitio\/wp-json\/wp\/v2\/posts\/53869\/revisions"}],"predecessor-version":[{"id":53877,"href":"https:\/\/vocesparalelas.com.ar\/sitio\/wp-json\/wp\/v2\/posts\/53869\/revisions\/53877"}],"wp:featuredmedia":[{"embeddable":true,"href":"https:\/\/vocesparalelas.com.ar\/sitio\/wp-json\/wp\/v2\/media\/53874"}],"wp:attachment":[{"href":"https:\/\/vocesparalelas.com.ar\/sitio\/wp-json\/wp\/v2\/media?parent=53869"}],"wp:term":[{"taxonomy":"category","embeddable":true,"href":"https:\/\/vocesparalelas.com.ar\/sitio\/wp-json\/wp\/v2\/categories?post=53869"},{"taxonomy":"post_tag","embeddable":true,"href":"https:\/\/vocesparalelas.com.ar\/sitio\/wp-json\/wp\/v2\/tags?post=53869"}],"curies":[{"name":"wp","href":"https:\/\/api.w.org\/{rel}","templated":true}]}}