{"id":53853,"date":"2022-10-26T16:16:01","date_gmt":"2022-10-26T19:16:01","guid":{"rendered":"https:\/\/vocesparalelas.com.ar\/sitio\/?p=53853"},"modified":"2022-10-27T15:28:36","modified_gmt":"2022-10-27T18:28:36","slug":"se-modifico-el-periodo-de-recuperacion-trimestral-de-secundaria-de-san-juan","status":"publish","type":"post","link":"https:\/\/vocesparalelas.com.ar\/sitio\/se-modifico-el-periodo-de-recuperacion-trimestral-de-secundaria-de-san-juan\/","title":{"rendered":"Se modific\u00f3 el per\u00edodo de recuperaci\u00f3n trimestral de secundaria de San Juan"},"content":{"rendered":"<div class=\"itemFullText\">\n<p>El Ministerio de Educaci\u00f3n del Gobierno de San Juan informa que las actividades escolares en Educaci\u00f3n Secundaria Orientada y T\u00e9cnica, en las instituciones de gesti\u00f3n estatal y privada, se desarrollan hasta el 30 de Noviembre de 2022.<\/p>\n<p>Mientras que el per\u00edodo de recuperaci\u00f3n trimestral PRT, es del 1 hasta el 7 de Diciembre, debiendo asistir solo aquellos alumnos que tengan contenidos pendientes.<\/p>\n<p>Las actividades en los niveles Inicial, Primario y Educaci\u00f3n Especial culminan el 7 de Diciembre, mientras que en Nivel Superior cierra el 18 Noviembre.<\/p>\n<\/div>\n<div class=\"clr\">Publicado el Mi\u00e9rcoles, 26 de Octubre de 2022<\/div>\n","protected":false},"excerpt":{"rendered":"<p>El Ministerio de Educaci\u00f3n del Gobierno de San Juan informa que las actividades escolares en Educaci\u00f3n Secundaria Orientada y T\u00e9cnica,<\/p>\n","protected":false},"author":3,"featured_media":7142,"comment_status":"closed","ping_status":"closed","sticky":false,"template":"","format":"standard","meta":{"_acf_changed":false,"_seopress_robots_primary_cat":"none","_seopress_titles_title":"","_seopress_titles_desc":"","_seopress_robots_index":"","colormag_page_container_layout":"default_layout","colormag_page_sidebar_layout":"default_layout","footnotes":""},"categories":[5],"tags":[],"class_list":["post-53853","post","type-post","status-publish","format-standard","has-post-thumbnail","hentry","category-ofrecimientos"],"acf":[],"_links":{"self":[{"href":"https:\/\/vocesparalelas.com.ar\/sitio\/wp-json\/wp\/v2\/posts\/53853","targetHints":{"allow":["GET"]}}],"collection":[{"href":"https:\/\/vocesparalelas.com.ar\/sitio\/wp-json\/wp\/v2\/posts"}],"about":[{"href":"https:\/\/vocesparalelas.com.ar\/sitio\/wp-json\/wp\/v2\/types\/post"}],"author":[{"embeddable":true,"href":"https:\/\/vocesparalelas.com.ar\/sitio\/wp-json\/wp\/v2\/users\/3"}],"replies":[{"embeddable":true,"href":"https:\/\/vocesparalelas.com.ar\/sitio\/wp-json\/wp\/v2\/comments?post=53853"}],"version-history":[{"count":1,"href":"https:\/\/vocesparalelas.com.ar\/sitio\/wp-json\/wp\/v2\/posts\/53853\/revisions"}],"predecessor-version":[{"id":53855,"href":"https:\/\/vocesparalelas.com.ar\/sitio\/wp-json\/wp\/v2\/posts\/53853\/revisions\/53855"}],"wp:featuredmedia":[{"embeddable":true,"href":"https:\/\/vocesparalelas.com.ar\/sitio\/wp-json\/wp\/v2\/media\/7142"}],"wp:attachment":[{"href":"https:\/\/vocesparalelas.com.ar\/sitio\/wp-json\/wp\/v2\/media?parent=53853"}],"wp:term":[{"taxonomy":"category","embeddable":true,"href":"https:\/\/vocesparalelas.com.ar\/sitio\/wp-json\/wp\/v2\/categories?post=53853"},{"taxonomy":"post_tag","embeddable":true,"href":"https:\/\/vocesparalelas.com.ar\/sitio\/wp-json\/wp\/v2\/tags?post=53853"}],"curies":[{"name":"wp","href":"https:\/\/api.w.org\/{rel}","templated":true}]}}