{"id":53846,"date":"2022-10-25T23:06:57","date_gmt":"2022-10-26T02:06:57","guid":{"rendered":"https:\/\/vocesparalelas.com.ar\/sitio\/?p=53846"},"modified":"2022-10-25T23:57:14","modified_gmt":"2022-10-26T02:57:14","slug":"detalle-las-nuevas-obras-de-infraestructura-escolar-que-inauguraron-en-iglesia","status":"publish","type":"post","link":"https:\/\/vocesparalelas.com.ar\/sitio\/detalle-las-nuevas-obras-de-infraestructura-escolar-que-inauguraron-en-iglesia\/","title":{"rendered":"Detalle las nuevas obras de infraestructura escolar que inauguraron en Iglesia"},"content":{"rendered":"<p>El Gobierno de San Juan, a trav\u00e9s del Ministerio de Obras y Servicios P\u00fablicos, impulsa una fuerte pol\u00edtica p\u00fablica en materia de infraestructura educativa. En este sentido, este lunes, el gobernador Dr. Sergio U\u00f1ac visit\u00f3 el departamento Iglesia para desplegar una agenda de actividades entre las que se destacan obras de ampliaci\u00f3n y refacci\u00f3n de la Escuela Dalmacio V\u00e9lez Sarsfield y la creaci\u00f3n del JINZ N\u00b0 8, en la localidad de Colola.<\/p>\n<p><span style=\"color: #339966;\"><b>Sobre las obras<\/b><\/span><\/p>\n<p><span style=\"color: #339966;\"><b>Ampliaci\u00f3n, refacci\u00f3n y refuncionalizaci\u00f3n de la Escuela Dalmacio V\u00e9lez Sarsfield<\/b><\/span><\/p>\n<p>La Escuela Dalmacio V\u00e9lez Sarsfield es de Nivel Primario y cuenta con una matr\u00edcula de 115 alumnos. Los estudiantes asisten a jornada completa, con personal que prepara el almuerzo y la copa de leche. Se trata de un edificio centenario, que necesitaba obras de refuncionalizaci\u00f3n y ampliaci\u00f3n.<\/p>\n<p>Las obras de ampliaci\u00f3n cubrieron una superficie cubierta de obra nueva de 442.16 m2 y una superficie cubierta de obra refaccionada de 670.04 m2.<\/p>\n<p>Se realizaron trabajos de demolici\u00f3n, refacci\u00f3n, refuncionalizaci\u00f3n y ampliaci\u00f3n. La obra de ampliaci\u00f3n consiste en:<\/p>\n<ul>\n<li>Sector de nivel primario: 3 aulas, 3 dep\u00f3sitos, taller de Inform\u00e1tica, sala de recursos, taller de actividades art\u00edsticas, sala de m\u00fasica, sala de maestranza, taller multiprop\u00f3sito, circulaci\u00f3n interior y galer\u00eda.<\/li>\n<li>Ampliaci\u00f3n del SUM existente a trav\u00e9s de un patio con cubierta met\u00e1lica.<\/li>\n<\/ul>\n<p>En cuanto a las obras de refacci\u00f3n, se refuncionalizaron la cocina y economato, donde se cambiaron artefactos y grifer\u00edas, ca\u00f1er\u00edas de agua fr\u00eda, agua caliente y cloacal, revestimientos y pisos. Adem\u00e1s, se refaccion\u00f3 el play\u00f3n polideportivo, donde se demarc\u00f3, se provey\u00f3 luminarias, jirafas de b\u00e1squet, arcos de f\u00fatbol, postes y red de v\u00f3ley.<\/p>\n<p><span style=\"color: #339966;\"><b>JINZ N\u00b0 8- obras de creaci\u00f3n de ENI Escuela V\u00e9lez Sarsfield<\/b><\/span><\/p>\n<p><img loading=\"lazy\" decoding=\"async\" class=\"alignnone size-full wp-image-53849\" src=\"https:\/\/vocesparalelas.com.ar\/sitio\/wp-content\/uploads\/2022\/10\/ESCUELA-IGLESIA-03.jpg\" alt=\"\" width=\"800\" height=\"534\" srcset=\"https:\/\/vocesparalelas.com.ar\/sitio\/wp-content\/uploads\/2022\/10\/ESCUELA-IGLESIA-03.jpg 800w, https:\/\/vocesparalelas.com.ar\/sitio\/wp-content\/uploads\/2022\/10\/ESCUELA-IGLESIA-03-300x200.jpg 300w, https:\/\/vocesparalelas.com.ar\/sitio\/wp-content\/uploads\/2022\/10\/ESCUELA-IGLESIA-03-768x513.jpg 768w\" sizes=\"auto, (max-width: 800px) 100vw, 800px\" \/><\/p>\n<p>El JINZ N\u00ba 8 tiene matr\u00edcula de 55 estudiantes, en Salas de 3, 4 y 5 a\u00f1os que cursan ma\u00f1ana y tarde.<\/p>\n<p>El nuevo edificio cuenta con una superficie cubierta de 401.43 m2 y consiste en: tres salas de Nivel Inicial con sanitarios, circulaciones, patio de juegos, SUM \/ludoteca, direcci\u00f3n, cocina, economato, sala de maestros, sanitario para personas con discapacidad, sanitario docente y sanitario para no docentes.<\/p>\n<div class=\"itemFullText\">\n<p>A esto, se suma el equipamiento de mobiliario que consiste en 75 sillas de Nivel Inicial, 12 mesas grupales, 4 escritorios para docentes, 4 sillas para docentes, 3 bibliotecas ambulantes, 3 m\u00f3dulos de biblioteca, estantes de economato, cocina el\u00e9ctrica de 4 hornallas, horno el\u00e9ctrico, 3 termotanques el\u00e9ctricos, un freezer, 7 matafuegos y un botiqu\u00edn.<\/p>\n<p>Publicado el Martes, 25 de Octubre de 2022<\/p>\n<\/div>\n","protected":false},"excerpt":{"rendered":"<p>El Gobierno de San Juan, a trav\u00e9s del Ministerio de Obras y Servicios P\u00fablicos, impulsa una fuerte pol\u00edtica p\u00fablica en<\/p>\n","protected":false},"author":3,"featured_media":53848,"comment_status":"closed","ping_status":"closed","sticky":false,"template":"","format":"standard","meta":{"_acf_changed":false,"_seopress_robots_primary_cat":"none","_seopress_titles_title":"","_seopress_titles_desc":"","_seopress_robots_index":"","colormag_page_container_layout":"default_layout","colormag_page_sidebar_layout":"default_layout","footnotes":""},"categories":[1],"tags":[],"class_list":["post-53846","post","type-post","status-publish","format-standard","has-post-thumbnail","hentry","category-destacadas"],"acf":[],"_links":{"self":[{"href":"https:\/\/vocesparalelas.com.ar\/sitio\/wp-json\/wp\/v2\/posts\/53846","targetHints":{"allow":["GET"]}}],"collection":[{"href":"https:\/\/vocesparalelas.com.ar\/sitio\/wp-json\/wp\/v2\/posts"}],"about":[{"href":"https:\/\/vocesparalelas.com.ar\/sitio\/wp-json\/wp\/v2\/types\/post"}],"author":[{"embeddable":true,"href":"https:\/\/vocesparalelas.com.ar\/sitio\/wp-json\/wp\/v2\/users\/3"}],"replies":[{"embeddable":true,"href":"https:\/\/vocesparalelas.com.ar\/sitio\/wp-json\/wp\/v2\/comments?post=53846"}],"version-history":[{"count":1,"href":"https:\/\/vocesparalelas.com.ar\/sitio\/wp-json\/wp\/v2\/posts\/53846\/revisions"}],"predecessor-version":[{"id":53850,"href":"https:\/\/vocesparalelas.com.ar\/sitio\/wp-json\/wp\/v2\/posts\/53846\/revisions\/53850"}],"wp:featuredmedia":[{"embeddable":true,"href":"https:\/\/vocesparalelas.com.ar\/sitio\/wp-json\/wp\/v2\/media\/53848"}],"wp:attachment":[{"href":"https:\/\/vocesparalelas.com.ar\/sitio\/wp-json\/wp\/v2\/media?parent=53846"}],"wp:term":[{"taxonomy":"category","embeddable":true,"href":"https:\/\/vocesparalelas.com.ar\/sitio\/wp-json\/wp\/v2\/categories?post=53846"},{"taxonomy":"post_tag","embeddable":true,"href":"https:\/\/vocesparalelas.com.ar\/sitio\/wp-json\/wp\/v2\/tags?post=53846"}],"curies":[{"name":"wp","href":"https:\/\/api.w.org\/{rel}","templated":true}]}}