{"id":53842,"date":"2022-10-25T22:51:32","date_gmt":"2022-10-26T01:51:32","guid":{"rendered":"https:\/\/vocesparalelas.com.ar\/sitio\/?p=53842"},"modified":"2022-10-27T23:31:01","modified_gmt":"2022-10-28T02:31:01","slug":"una-bici-para-tu-comunidad-de-san-juan","status":"publish","type":"post","link":"https:\/\/vocesparalelas.com.ar\/sitio\/una-bici-para-tu-comunidad-de-san-juan\/","title":{"rendered":"\u00abUna Bici Para Tu Comunidad\u00bb de San Juan"},"content":{"rendered":"<p>En Sala Huarpes del Ministerio de Gobierno, la Cartera de Gobierno, la Corte de Justicia, Secretar\u00eda de Seguridad y Orden P\u00fablico y SECITI firmaron el convenio por el cual ponen en marcha el proyecto \u00abUna Bici Para Tu Comunidad\u00bb con el cual recuperar\u00e1n 15 mil bicicletas que permanecen en el Dep\u00f3sito Judicial con la colaboraci\u00f3n de personas que permanecen alojadas en el Servicio Penitenciario Provincial.<\/p>\n<p>El novedoso proyecto propicia m\u00faltiples beneficios a la comunidad, al brindarles este medio de transporte, al medio ambiente, porque pondr\u00e1 en marcha el uso de 15 mil movilidades, y principalmente a las personas en contexto de encierro, a quienes les permitir\u00e1 capacitarse laboralmente, contribuyendo con dicha laborterapia a potenciar sus capacidades cognitivas, sociales y funcionales.<\/p>\n<p>De esta manera, el Poder Judicial pondr\u00e1 a disposici\u00f3n a trav\u00e9s de sus juzgados los rodados para que sean restaurados por personas en contexto de encierro en el Servicio Penitenciario.<\/p>\n<p>En tanto, la Secretar\u00eda de Ciencia y T\u00e9cnica &#8211; SECITI &#8211; junto al Ministerio de Gobierno, pondr\u00e1n a disposici\u00f3n la adquisici\u00f3n y compra de herramientas, insumos y nuevas tecnolog\u00edas para el taller de bicicletas del Servicio Penitenciario y los honorarios para los recursos humanos que ejecutar\u00e1n capacitaci\u00f3n en ciclomec\u00e1nica en el servicio penitenciario.<\/p>\n<p>El Ministro de Gobierno, Dr. Alberto Hensel, sostuvo que \u00abes muy importante dar una finalidad social a bicicletas que deber\u00edan ir a compactaci\u00f3n\u00bb. \u00abEl Ministerio de Gobierno, en coordinaci\u00f3n de la Secretar\u00eda de Gobierno, Justicia y DDHH, har\u00e1 entrega de las bicicletas a la comunidad. La entrega de bicicletas es una acci\u00f3n que venimos haciendo constantemente, pero en una escala menor\u00bb.<\/p>\n<p>El presidente de la Corte, Dr. Juan Jos\u00e9 Victoria expres\u00f3 que \u00abponer a disposici\u00f3n los rodados a la comunidad no es cosa menor. El poder judicial no s\u00f3lo est\u00e1 para dictar un fallo sino que tambi\u00e9n para generar acciones preventivas que tengan que ver con la calidad de vida de todos los sanjuaninos\u00bb.<\/p>\n<p>En tanto, el Secretario de Estado de Seguridad P\u00fablica, Dr. Carlos Munisaga coment\u00f3 que \u00abcon el aporte del Ministerio y de la SECITTI vamos a fortalecer el taller de reparaci\u00f3n de bicicletas que tenemos en el Servicio Penitenciario, para que las personas privadas de su libertad puedan aprender y enfocar sus objetivos en este tipo de acciones que sean en beneficio de la sociedad\u00bb.<\/p>\n<p>\u00abLa nueva perspectiva y paradigma que impone el trabajo en las instituciones penitenciarias es especialmente enfocarse en la reinserci\u00f3n, algo en lo que trabajamos permanentemente a partir de los distintos talleres de laborterapia del Servicio Penitenciario Provincial\u00bb, sentenci\u00f3 Munisaga.<\/p>\n<p>Particip\u00f3 de la r\u00fabrica del convenio la secretaria de Ciencia y T\u00e9cnica, Ing. Marita Benavente; y acompa\u00f1\u00f3 la secretaria de Gobierno, Justicia y DDHH, Dra. Nerina Eusebi; el director del Servicio Penitenciario, Dr. Adriel Fern\u00e1ndez, y el subprefecto Dar\u00edo Cuevas.<\/p>\n<p>Publicado el \u00a0Martes, 25 de Octubre de 2022<\/p>\n","protected":false},"excerpt":{"rendered":"<p>En Sala Huarpes del Ministerio de Gobierno, la Cartera de Gobierno, la Corte de Justicia, Secretar\u00eda de Seguridad y Orden<\/p>\n","protected":false},"author":3,"featured_media":53844,"comment_status":"closed","ping_status":"closed","sticky":false,"template":"","format":"standard","meta":{"_acf_changed":false,"_seopress_robots_primary_cat":"none","_seopress_titles_title":"","_seopress_titles_desc":"","_seopress_robots_index":"","colormag_page_container_layout":"default_layout","colormag_page_sidebar_layout":"default_layout","footnotes":""},"categories":[2],"tags":[],"class_list":["post-53842","post","type-post","status-publish","format-standard","has-post-thumbnail","hentry","category-convocatorias"],"acf":[],"_links":{"self":[{"href":"https:\/\/vocesparalelas.com.ar\/sitio\/wp-json\/wp\/v2\/posts\/53842","targetHints":{"allow":["GET"]}}],"collection":[{"href":"https:\/\/vocesparalelas.com.ar\/sitio\/wp-json\/wp\/v2\/posts"}],"about":[{"href":"https:\/\/vocesparalelas.com.ar\/sitio\/wp-json\/wp\/v2\/types\/post"}],"author":[{"embeddable":true,"href":"https:\/\/vocesparalelas.com.ar\/sitio\/wp-json\/wp\/v2\/users\/3"}],"replies":[{"embeddable":true,"href":"https:\/\/vocesparalelas.com.ar\/sitio\/wp-json\/wp\/v2\/comments?post=53842"}],"version-history":[{"count":1,"href":"https:\/\/vocesparalelas.com.ar\/sitio\/wp-json\/wp\/v2\/posts\/53842\/revisions"}],"predecessor-version":[{"id":53845,"href":"https:\/\/vocesparalelas.com.ar\/sitio\/wp-json\/wp\/v2\/posts\/53842\/revisions\/53845"}],"wp:featuredmedia":[{"embeddable":true,"href":"https:\/\/vocesparalelas.com.ar\/sitio\/wp-json\/wp\/v2\/media\/53844"}],"wp:attachment":[{"href":"https:\/\/vocesparalelas.com.ar\/sitio\/wp-json\/wp\/v2\/media?parent=53842"}],"wp:term":[{"taxonomy":"category","embeddable":true,"href":"https:\/\/vocesparalelas.com.ar\/sitio\/wp-json\/wp\/v2\/categories?post=53842"},{"taxonomy":"post_tag","embeddable":true,"href":"https:\/\/vocesparalelas.com.ar\/sitio\/wp-json\/wp\/v2\/tags?post=53842"}],"curies":[{"name":"wp","href":"https:\/\/api.w.org\/{rel}","templated":true}]}}