{"id":53823,"date":"2022-10-24T23:58:11","date_gmt":"2022-10-25T02:58:11","guid":{"rendered":"https:\/\/vocesparalelas.com.ar\/sitio\/?p=53823"},"modified":"2022-10-24T23:58:11","modified_gmt":"2022-10-25T02:58:11","slug":"muestra-horizontes-difusos-de-alumnos-de-la-ffha-de-la-unsj","status":"publish","type":"post","link":"https:\/\/vocesparalelas.com.ar\/sitio\/muestra-horizontes-difusos-de-alumnos-de-la-ffha-de-la-unsj\/","title":{"rendered":"Muestra \u201cHorizontes difusos\u201d de alumnos de la FFHA de la UNSJ"},"content":{"rendered":"<div class=\"itemFullText\">\n<p>El Museo Provincial de Bellas Artes \u00abFranklin Rawson\u00bb recibe las producciones art\u00edsticas de estudiantes de la carrera de Artes Visuales de la Facultad de Filosof\u00eda, Humanidades y Artes de la Universidad Nacional de San Juan.<\/p>\n<p>En esta ocasi\u00f3n son alumnos de la c\u00e1tedra Investigaci\u00f3n en Artes Visuales II los que se encargan de la curadur\u00eda, montaje, dise\u00f1o y difusi\u00f3n de la muestra, con la coordinaci\u00f3n de las docentes Lic. Mariela Limerutti y Prof. Lorena R\u00e9.<\/p>\n<p>Desde sus inicios, el Museo Provincial de Bellas Artes \u00abFranklin Rawson\u00bb contribuye al enriquecimiento de la actividad art\u00edstica y cultural sanjuanina como ente de dinamizaci\u00f3n y encuentro de expresiones culturales. Mediante el v\u00ednculo con distintas instituciones provinciales, como es en este caso la Universidad Nacional de San Juan, promueve en la comunidad el inter\u00e9s por el arte e incentiva los procesos creativos de quienes se encuentran en pleno proceso de formaci\u00f3n.<\/p>\n<p>La muestra \u201cHorizontes difusos\u201d\u00a0aborda diversas t\u00e9cnicas desde materiales no convencionales hasta estrategias digitales: instalaciones, fotomontaje digital, ensamblaje escult\u00f3rico y fotogr\u00e1fico, grabado, collage, esculturas, videoarte; a cargo de los alumnos Tania\u00a0Aguilera, Roc\u00edo Benegas, Ver\u00f3nica Guti\u00e9rrez, Daniela Linares, Jorge Mereles, Alex Rojas, Nicol\u00e1s Balmaceda, Facundo Gerez, Franco Kaluza, Dayana Rojas.<\/p>\n<p>En la propuesta convergen dentro de un mismo espacio temporal, pero responden a un proceso individual e interno de creaci\u00f3n, el que deriva en m\u00faltiples miradas interpelando tanto al artista como al espectador. Todo es atravesado por la idea de horizonte, al tomar las palabras de Sandra Rey, quien afirma: \u00abla obra es el camino del desarrollo y el crecimiento de un artista, el cual, no sabe d\u00f3nde se concluye\u00bb, entonces, el horizonte se vuelve difuso.<\/p>\n<p>Comprende tres ejes que van desde una lectura con perspectiva social, el hacer desde la post producci\u00f3n y la exploraci\u00f3n con distintas materialidades. As\u00ed, se enlazan multiplicidad de t\u00f3picos como la subjetividad en los retratos, estrategias ret\u00f3ricas, la reconstrucci\u00f3n del tiempo y la re significaci\u00f3n de deshechos dentro de nuestro territorio y sociedad.<\/p>\n<p>La exposici\u00f3n puede visitarse hasta el 13 de noviembre.<\/p>\n<p><strong><span style=\"color: #0000ff;\">D\u00edas y horarios de visita<\/span><\/strong><\/p>\n<ul>\n<li>Martes a Domingo, de 12 a 21hs.<\/li>\n<li>Lunes cerrado, excepto feriados.<\/li>\n<li>Entrada general $100, jubilados y estudiantes $50, ni\u00f1os menores de 12 a\u00f1os gratis.<\/li>\n<li>Visitas guiadas 19 hs.<\/li>\n<li>Domingo gratis.<\/li>\n<li>Visitas guiadas para escuelas con previa reserva al 4200598 interno 106.<\/li>\n<\/ul>\n<\/div>\n<div class=\"clr\"><\/div>\n<div class=\"itemContentFooter\"><span class=\"itemDateModified\">Publicado el Lunes, 24 de Octubre de 2022\u00a0<\/span><\/div>\n","protected":false},"excerpt":{"rendered":"<p>El Museo Provincial de Bellas Artes \u00abFranklin Rawson\u00bb recibe las producciones art\u00edsticas de estudiantes de la carrera de Artes Visuales<\/p>\n","protected":false},"author":3,"featured_media":39924,"comment_status":"closed","ping_status":"closed","sticky":false,"template":"","format":"standard","meta":{"_acf_changed":false,"_seopress_robots_primary_cat":"none","_seopress_titles_title":"","_seopress_titles_desc":"","_seopress_robots_index":"","colormag_page_container_layout":"default_layout","colormag_page_sidebar_layout":"default_layout","footnotes":""},"categories":[1],"tags":[],"class_list":["post-53823","post","type-post","status-publish","format-standard","has-post-thumbnail","hentry","category-destacadas"],"acf":[],"_links":{"self":[{"href":"https:\/\/vocesparalelas.com.ar\/sitio\/wp-json\/wp\/v2\/posts\/53823","targetHints":{"allow":["GET"]}}],"collection":[{"href":"https:\/\/vocesparalelas.com.ar\/sitio\/wp-json\/wp\/v2\/posts"}],"about":[{"href":"https:\/\/vocesparalelas.com.ar\/sitio\/wp-json\/wp\/v2\/types\/post"}],"author":[{"embeddable":true,"href":"https:\/\/vocesparalelas.com.ar\/sitio\/wp-json\/wp\/v2\/users\/3"}],"replies":[{"embeddable":true,"href":"https:\/\/vocesparalelas.com.ar\/sitio\/wp-json\/wp\/v2\/comments?post=53823"}],"version-history":[{"count":1,"href":"https:\/\/vocesparalelas.com.ar\/sitio\/wp-json\/wp\/v2\/posts\/53823\/revisions"}],"predecessor-version":[{"id":53825,"href":"https:\/\/vocesparalelas.com.ar\/sitio\/wp-json\/wp\/v2\/posts\/53823\/revisions\/53825"}],"wp:featuredmedia":[{"embeddable":true,"href":"https:\/\/vocesparalelas.com.ar\/sitio\/wp-json\/wp\/v2\/media\/39924"}],"wp:attachment":[{"href":"https:\/\/vocesparalelas.com.ar\/sitio\/wp-json\/wp\/v2\/media?parent=53823"}],"wp:term":[{"taxonomy":"category","embeddable":true,"href":"https:\/\/vocesparalelas.com.ar\/sitio\/wp-json\/wp\/v2\/categories?post=53823"},{"taxonomy":"post_tag","embeddable":true,"href":"https:\/\/vocesparalelas.com.ar\/sitio\/wp-json\/wp\/v2\/tags?post=53823"}],"curies":[{"name":"wp","href":"https:\/\/api.w.org\/{rel}","templated":true}]}}