{"id":53808,"date":"2022-10-24T21:33:27","date_gmt":"2022-10-25T00:33:27","guid":{"rendered":"https:\/\/vocesparalelas.com.ar\/sitio\/?p=53808"},"modified":"2022-10-24T21:33:27","modified_gmt":"2022-10-25T00:33:27","slug":"se-aprobo-el-proyecto-de-ley-del-funcionamiento-del-enerc-en-san-juan","status":"publish","type":"post","link":"https:\/\/vocesparalelas.com.ar\/sitio\/se-aprobo-el-proyecto-de-ley-del-funcionamiento-del-enerc-en-san-juan\/","title":{"rendered":"Se aprob\u00f3 el Proyecto de Ley del Funcionamiento del ENERC en San Juan"},"content":{"rendered":"<p>La C\u00e1mara de Diputados de San Juan cumpli\u00f3 la Decimocuarta sesi\u00f3n del per\u00edodo ordinario, el Jueves, 20 de Octubre de 2022, donde el cuerpo legislativo resolvi\u00f3 dar acuerdo a proyecto de Ley remitido por el Poder Ejecutivo que aprob\u00f3 el Funcionamiento del ENERC.<\/p>\n<p>Es oportuno consignar que la sesi\u00f3n fue conducida en forma alternada por el vicepresidente primero del cuerpo, diputado Eduardo Cabello y el vicepresidente segundo, legislador Carlos Platero.<\/p>\n<p><img loading=\"lazy\" decoding=\"async\" class=\"alignnone size-full wp-image-53727\" src=\"https:\/\/vocesparalelas.com.ar\/sitio\/wp-content\/uploads\/2022\/10\/CDSJ-20-10.jpg\" alt=\"\" width=\"800\" height=\"533\" srcset=\"https:\/\/vocesparalelas.com.ar\/sitio\/wp-content\/uploads\/2022\/10\/CDSJ-20-10.jpg 800w, https:\/\/vocesparalelas.com.ar\/sitio\/wp-content\/uploads\/2022\/10\/CDSJ-20-10-300x200.jpg 300w, https:\/\/vocesparalelas.com.ar\/sitio\/wp-content\/uploads\/2022\/10\/CDSJ-20-10-768x512.jpg 768w\" sizes=\"auto, (max-width: 800px) 100vw, 800px\" \/><\/p>\n<p><span style=\"color: #800080;\"><strong>Funcionamiento del ENERC<\/strong><\/span><\/p>\n<p>Posteriormente, la legisladora Dra. Fernanda Paredes formul\u00f3 la fundamentaci\u00f3n del Mensaje N\u00ba 57 y proyecto de Ley remitido por el Poder Ejecutivo que aprueba un convenio espec\u00edfico firmado el 1 de julio de 2022 entre el Gobierno de San Juan, representado por el Ministerio de Turismo y Cultura de la Provincia de San Juan, a trav\u00e9s de su titular, Lic. Claudia Grynszpan y el Instituto Nacional de Cine y Artes Visuales &#8211; INCAA -, representado por su vicepresidente en ejercicio de la Presidencia, Nicol\u00e1s Daniel Baffle.<\/p>\n<p>Cabe destacar que este convenio estipula todo lo concerniente al funcionamiento de la instituci\u00f3n educativa Escuela Nacional de Experimentaci\u00f3n y Realizaci\u00f3n Cinematogr\u00e1fica (ENERC) Sede Cuyo, al establecer las obligaciones que asumir\u00e1n las partes en cuanto a la organizaci\u00f3n, mantenimiento y funcionamiento de la sede regional ubicada en la provincia.<\/p>\n<p>Por ello, Voces Paralelas desarroll\u00f3 una entrevista period\u00edstica a la Diputada, Dra. Fernanda Paredes, quien explic\u00f3 el contenido de la Ley y la importancia que tiene el ENERC Cuyo y que convoca a los alumnos a estudiar una propuesta educativa diferente.<\/p>\n<p><iframe loading=\"lazy\" title=\"CDSJ DIP FERNANDA PAREDES\" width=\"800\" height=\"450\" src=\"https:\/\/www.youtube.com\/embed\/BEw5dCSU798?feature=oembed\" frameborder=\"0\" allow=\"accelerometer; autoplay; clipboard-write; encrypted-media; gyroscope; picture-in-picture\" allowfullscreen><\/iframe><\/p>\n<figure id=\"attachment_37951\" aria-describedby=\"caption-attachment-37951\" style=\"width: 800px\" class=\"wp-caption alignnone\"><img loading=\"lazy\" decoding=\"async\" class=\"size-full wp-image-37951\" src=\"https:\/\/vocesparalelas.com.ar\/sitio\/wp-content\/uploads\/2021\/05\/CAMARA-EDIFICIO.jpg\" alt=\"\" width=\"800\" height=\"515\" srcset=\"https:\/\/vocesparalelas.com.ar\/sitio\/wp-content\/uploads\/2021\/05\/CAMARA-EDIFICIO.jpg 800w, https:\/\/vocesparalelas.com.ar\/sitio\/wp-content\/uploads\/2021\/05\/CAMARA-EDIFICIO-300x193.jpg 300w, https:\/\/vocesparalelas.com.ar\/sitio\/wp-content\/uploads\/2021\/05\/CAMARA-EDIFICIO-768x494.jpg 768w\" sizes=\"auto, (max-width: 800px) 100vw, 800px\" \/><figcaption id=\"caption-attachment-37951\" class=\"wp-caption-text\">Legislatura Provincial<\/figcaption><\/figure>\n<p>Publicado el Lunes, 24 de Octubre de 2022<\/p>\n","protected":false},"excerpt":{"rendered":"<p>La C\u00e1mara de Diputados de San Juan cumpli\u00f3 la Decimocuarta sesi\u00f3n del per\u00edodo ordinario, el Jueves, 20 de Octubre de<\/p>\n","protected":false},"author":3,"featured_media":53810,"comment_status":"closed","ping_status":"closed","sticky":false,"template":"","format":"video","meta":{"_acf_changed":false,"_seopress_robots_primary_cat":"none","_seopress_titles_title":"","_seopress_titles_desc":"","_seopress_robots_index":"","colormag_page_container_layout":"default_layout","colormag_page_sidebar_layout":"default_layout","footnotes":""},"categories":[1,7],"tags":[],"class_list":["post-53808","post","type-post","status-publish","format-video","has-post-thumbnail","hentry","category-destacadas","category-videos","post_format-post-format-video"],"acf":[],"_links":{"self":[{"href":"https:\/\/vocesparalelas.com.ar\/sitio\/wp-json\/wp\/v2\/posts\/53808","targetHints":{"allow":["GET"]}}],"collection":[{"href":"https:\/\/vocesparalelas.com.ar\/sitio\/wp-json\/wp\/v2\/posts"}],"about":[{"href":"https:\/\/vocesparalelas.com.ar\/sitio\/wp-json\/wp\/v2\/types\/post"}],"author":[{"embeddable":true,"href":"https:\/\/vocesparalelas.com.ar\/sitio\/wp-json\/wp\/v2\/users\/3"}],"replies":[{"embeddable":true,"href":"https:\/\/vocesparalelas.com.ar\/sitio\/wp-json\/wp\/v2\/comments?post=53808"}],"version-history":[{"count":1,"href":"https:\/\/vocesparalelas.com.ar\/sitio\/wp-json\/wp\/v2\/posts\/53808\/revisions"}],"predecessor-version":[{"id":53813,"href":"https:\/\/vocesparalelas.com.ar\/sitio\/wp-json\/wp\/v2\/posts\/53808\/revisions\/53813"}],"wp:featuredmedia":[{"embeddable":true,"href":"https:\/\/vocesparalelas.com.ar\/sitio\/wp-json\/wp\/v2\/media\/53810"}],"wp:attachment":[{"href":"https:\/\/vocesparalelas.com.ar\/sitio\/wp-json\/wp\/v2\/media?parent=53808"}],"wp:term":[{"taxonomy":"category","embeddable":true,"href":"https:\/\/vocesparalelas.com.ar\/sitio\/wp-json\/wp\/v2\/categories?post=53808"},{"taxonomy":"post_tag","embeddable":true,"href":"https:\/\/vocesparalelas.com.ar\/sitio\/wp-json\/wp\/v2\/tags?post=53808"}],"curies":[{"name":"wp","href":"https:\/\/api.w.org\/{rel}","templated":true}]}}