{"id":53803,"date":"2022-10-24T21:17:26","date_gmt":"2022-10-25T00:17:26","guid":{"rendered":"https:\/\/vocesparalelas.com.ar\/sitio\/?p=53803"},"modified":"2022-10-24T22:14:56","modified_gmt":"2022-10-25T01:14:56","slug":"se-aprobo-el-convenio-con-cannabis-medicinal-san-juan-s-e-en-san-juan","status":"publish","type":"post","link":"https:\/\/vocesparalelas.com.ar\/sitio\/se-aprobo-el-convenio-con-cannabis-medicinal-san-juan-s-e-en-san-juan\/","title":{"rendered":"Se aprob\u00f3 el Convenio con Cannabis Medicinal San Juan S.E. en San Juan"},"content":{"rendered":"<div class=\"itemFullText jbintrotext\">\n<p>La C\u00e1mara de Diputados de San Juan cumpli\u00f3 la Decimocuarta sesi\u00f3n del per\u00edodo ordinario, el Jueves, 20 de Octubre de 2022, donde el cuerpo legislativo resolvi\u00f3 dar acuerdo a proyecto de Ley del Convenio con Cannabis Medicinal San Juan S.E.<\/p>\n<p>Es oportuno consignar que la sesi\u00f3n fue conducida en forma alternada por el vicepresidente primero del cuerpo, diputado Eduardo Cabello y el vicepresidente segundo, legislador Carlos Platero.<\/p>\n<p><img loading=\"lazy\" decoding=\"async\" class=\"alignnone size-full wp-image-53727\" src=\"https:\/\/vocesparalelas.com.ar\/sitio\/wp-content\/uploads\/2022\/10\/CDSJ-20-10.jpg\" alt=\"\" width=\"800\" height=\"533\" srcset=\"https:\/\/vocesparalelas.com.ar\/sitio\/wp-content\/uploads\/2022\/10\/CDSJ-20-10.jpg 800w, https:\/\/vocesparalelas.com.ar\/sitio\/wp-content\/uploads\/2022\/10\/CDSJ-20-10-300x200.jpg 300w, https:\/\/vocesparalelas.com.ar\/sitio\/wp-content\/uploads\/2022\/10\/CDSJ-20-10-768x512.jpg 768w\" sizes=\"auto, (max-width: 800px) 100vw, 800px\" \/><\/p>\n<p><span style=\"color: #800080;\"><strong>Convenio con Cannabis Medicinal San Juan S.E.<\/strong><\/span><\/p>\n<p>El legislador Dr. Gustavo Rodr\u00edguez fue el responsable de dar a conocer los fundamentos del Mensaje N\u00ba 53 y proyecto de Ley remitido por el Poder Ejecutivo por el que fue aprobado el Convenio Marco de Cooperaci\u00f3n, suscripto entre el Ministerio de Producci\u00f3n y Desarrollo Econ\u00f3mico, Ministerio de Salud P\u00fablica y Cannabis Medicinal San Juan Sociedad del Estado.<\/p>\n<p>En tal sentido, la Sociedad del Estado fue creada mediante la Ley N\u00b0 1951 bajo la denominaci\u00f3n Cannabis Medicinal Sociedad del Estado &#8211; Ca.Me.San Juan S.E. -, cuyo objetivo es la investigaci\u00f3n cient\u00edfica del cannabis en la provincia, y las relaciones de la Sociedad con el Gobierno provincial se efectuara a trav\u00e9s del Ministerio de Salud P\u00fablica.<\/p>\n<p>El acuerdo tiene como objetivo realizar trabajos conjuntos que resulta de inter\u00e9s com\u00fan de las partes y establecer acciones destinadas a alcanzar la optimizaci\u00f3n de sus propias misiones y funciones, en el marco de sus respectivas competencias, actividades u objetos estatutarios.<\/p>\n<p>Por ello, Voces Paralelas, desarroll\u00f3 una entrevista period\u00edstica al Diputado Dr. Gustavo Rodr\u00edguez , quien explic\u00f3 la importancia del tema para San Juan y para la gente que as\u00ed lo necesita.<\/p>\n<p><iframe loading=\"lazy\" title=\"CDSJ DIP GUSTAVO RODR\u00cdGUEZ\" width=\"800\" height=\"450\" src=\"https:\/\/www.youtube.com\/embed\/NQ_Bnbcq7sA?feature=oembed\" frameborder=\"0\" allow=\"accelerometer; autoplay; clipboard-write; encrypted-media; gyroscope; picture-in-picture\" allowfullscreen><\/iframe><\/p>\n<p>&nbsp;<\/p>\n<figure id=\"attachment_37951\" aria-describedby=\"caption-attachment-37951\" style=\"width: 800px\" class=\"wp-caption alignnone\"><img loading=\"lazy\" decoding=\"async\" class=\"size-full wp-image-37951\" src=\"https:\/\/vocesparalelas.com.ar\/sitio\/wp-content\/uploads\/2021\/05\/CAMARA-EDIFICIO.jpg\" alt=\"\" width=\"800\" height=\"515\" srcset=\"https:\/\/vocesparalelas.com.ar\/sitio\/wp-content\/uploads\/2021\/05\/CAMARA-EDIFICIO.jpg 800w, https:\/\/vocesparalelas.com.ar\/sitio\/wp-content\/uploads\/2021\/05\/CAMARA-EDIFICIO-300x193.jpg 300w, https:\/\/vocesparalelas.com.ar\/sitio\/wp-content\/uploads\/2021\/05\/CAMARA-EDIFICIO-768x494.jpg 768w\" sizes=\"auto, (max-width: 800px) 100vw, 800px\" \/><figcaption id=\"caption-attachment-37951\" class=\"wp-caption-text\">Legislatura Provincial<\/figcaption><\/figure>\n<p>Publicado el Lunes, 24 de Octubre de 2022<\/p>\n<p>&nbsp;<\/p>\n<\/div>\n<div class=\"itemFullText\">\n<p>&nbsp;<\/p>\n<p>&nbsp;<\/p>\n<\/div>\n","protected":false},"excerpt":{"rendered":"<p>La C\u00e1mara de Diputados de San Juan cumpli\u00f3 la Decimocuarta sesi\u00f3n del per\u00edodo ordinario, el Jueves, 20 de Octubre de<\/p>\n","protected":false},"author":3,"featured_media":53805,"comment_status":"closed","ping_status":"closed","sticky":false,"template":"","format":"video","meta":{"_acf_changed":false,"_seopress_robots_primary_cat":"none","_seopress_titles_title":"","_seopress_titles_desc":"","_seopress_robots_index":"","colormag_page_container_layout":"default_layout","colormag_page_sidebar_layout":"default_layout","footnotes":""},"categories":[1,7],"tags":[],"class_list":["post-53803","post","type-post","status-publish","format-video","has-post-thumbnail","hentry","category-destacadas","category-videos","post_format-post-format-video"],"acf":[],"_links":{"self":[{"href":"https:\/\/vocesparalelas.com.ar\/sitio\/wp-json\/wp\/v2\/posts\/53803","targetHints":{"allow":["GET"]}}],"collection":[{"href":"https:\/\/vocesparalelas.com.ar\/sitio\/wp-json\/wp\/v2\/posts"}],"about":[{"href":"https:\/\/vocesparalelas.com.ar\/sitio\/wp-json\/wp\/v2\/types\/post"}],"author":[{"embeddable":true,"href":"https:\/\/vocesparalelas.com.ar\/sitio\/wp-json\/wp\/v2\/users\/3"}],"replies":[{"embeddable":true,"href":"https:\/\/vocesparalelas.com.ar\/sitio\/wp-json\/wp\/v2\/comments?post=53803"}],"version-history":[{"count":3,"href":"https:\/\/vocesparalelas.com.ar\/sitio\/wp-json\/wp\/v2\/posts\/53803\/revisions"}],"predecessor-version":[{"id":53812,"href":"https:\/\/vocesparalelas.com.ar\/sitio\/wp-json\/wp\/v2\/posts\/53803\/revisions\/53812"}],"wp:featuredmedia":[{"embeddable":true,"href":"https:\/\/vocesparalelas.com.ar\/sitio\/wp-json\/wp\/v2\/media\/53805"}],"wp:attachment":[{"href":"https:\/\/vocesparalelas.com.ar\/sitio\/wp-json\/wp\/v2\/media?parent=53803"}],"wp:term":[{"taxonomy":"category","embeddable":true,"href":"https:\/\/vocesparalelas.com.ar\/sitio\/wp-json\/wp\/v2\/categories?post=53803"},{"taxonomy":"post_tag","embeddable":true,"href":"https:\/\/vocesparalelas.com.ar\/sitio\/wp-json\/wp\/v2\/tags?post=53803"}],"curies":[{"name":"wp","href":"https:\/\/api.w.org\/{rel}","templated":true}]}}