{"id":53798,"date":"2022-10-24T18:42:25","date_gmt":"2022-10-24T21:42:25","guid":{"rendered":"https:\/\/vocesparalelas.com.ar\/sitio\/?p=53798"},"modified":"2022-10-25T23:58:11","modified_gmt":"2022-10-26T02:58:11","slug":"distintas-capacitaciones-en-la-fi-de-la-unsj","status":"publish","type":"post","link":"https:\/\/vocesparalelas.com.ar\/sitio\/distintas-capacitaciones-en-la-fi-de-la-unsj\/","title":{"rendered":"Distintas capacitaciones en la FI de la UNSJ"},"content":{"rendered":"<p>La Facultad de Ingenier\u00eda de la Universidad Nacional de San Juan invita a participar de las siguientes actividades acad\u00e9micas:<\/p>\n<p><span style=\"color: #339966;\"><strong>Seminario IDIA: An\u00e1lisis de registros s\u00edsmicos recientes en San Juan<\/strong><\/span><\/p>\n<p>En marco de los seminarios pertenecientes al programa de Doctorado de Ingenier\u00eda Civil, el Instituto de Investigaciones Antis\u00edsmicas -IDIA- presenta un nuevo seminario en formato h\u00edbrido.<\/p>\n<p>En esta oportunidad el Ing. Gustavo Navarta brinda una disertaci\u00f3n sobre el tema An\u00e1lisis de registros s\u00edsmicos recientes en San Juan, el Viernes, 28 de Octubre, a las 16:30 hs Arg. (GMT -3) en el IDIA, Libertador 1290 (O).<\/p>\n<p>Para asistir de forma virtual los interesados deben ingresar a<\/p>\n<p><a href=\"https:\/\/conferencias.unsj.edu.ar\/b\/con-ymf-yac\">https:\/\/conferencias.unsj.edu.ar\/b\/con-ymf-yac<\/a><\/p>\n<p><span style=\"color: #339966;\"><strong>Capacitaci\u00f3n sobre extinci\u00f3n de incendios<\/strong><\/span><\/p>\n<p>El 2 de noviembre, en horario de 17:00 a 19:00 h, se brinda la capacitaci\u00f3n sobre Extinci\u00f3n de incendios: Realidad aumentada 3D.<\/p>\n<ul>\n<li>Lugar: Sal\u00f3n de actos del Instituto de Energ\u00eda El\u00e9ctrica de la UNSJ- CONICET.<\/li>\n<li>Dirigido a personal docente, nodocente y estudiantes de la Facultad de Ingenier\u00eda.<\/li>\n<li>Organiza: Unidad de Gesti\u00f3n de Riesgos Emergentes y Medio Ambiente (UGREMA) &#8211; Facultad de Ingenier\u00eda, con la colaboraci\u00f3n de Bomberos Voluntarios de San Juan.<\/li>\n<li>Cupos limitados.<\/li>\n<li>Con entrega de certificaci\u00f3n.<\/li>\n<\/ul>\n<p><span style=\"color: #339966;\"><strong>Inscripciones<\/strong><\/span><\/p>\n<p>A trav\u00e9s del enlace\u00a0<a href=\"https:\/\/forms.gle\/ryLBpq91b3KwwBFz7\">https:\/\/forms.gle\/ryLBpq91b3KwwBFz7<\/a><\/p>\n<p>o QR en flyer.<\/p>\n<p><img loading=\"lazy\" decoding=\"async\" class=\"alignnone size-full wp-image-53801 aligncenter\" src=\"https:\/\/vocesparalelas.com.ar\/sitio\/wp-content\/uploads\/2022\/10\/FI-EXTINCION-02.jpg\" alt=\"\" width=\"681\" height=\"511\" srcset=\"https:\/\/vocesparalelas.com.ar\/sitio\/wp-content\/uploads\/2022\/10\/FI-EXTINCION-02.jpg 681w, https:\/\/vocesparalelas.com.ar\/sitio\/wp-content\/uploads\/2022\/10\/FI-EXTINCION-02-300x225.jpg 300w\" sizes=\"auto, (max-width: 681px) 100vw, 681px\" \/><\/p>\n<p><span style=\"color: #339966;\"><strong>Curso de Posgrado: Indicadores Ambientales<\/strong><\/span><\/p>\n<p>El Instituto de Ingenier\u00eda Qu\u00edmica de la Facultad de Ingenier\u00eda \u2013 UNSJ &#8211; informa que del 31 de Octubre al 23 de Noviembre de 2022 se dictar\u00e1 el Curso de Posgrado Indicadores Ambientales, en el marco de los Programas de Posgrado<\/p>\n<ul>\n<li>Maestr\u00eda en Gesti\u00f3n de la Informaci\u00f3n Ambiental para el Desarrollo Sustentable<\/li>\n<li>Doctorado en Ingenier\u00eda Qu\u00edmica. Menci\u00f3n Procesos Limpios<\/li>\n<li>Maestr\u00eda en Tecnolog\u00edas Ambientales<\/li>\n<li>Curso: Indicadores Ambientales<\/li>\n<li>Unidad Ejecutora: Instituto de Ingenier\u00eda Qu\u00edmica.<\/li>\n<\/ul>\n<p><span style=\"color: #339966;\"><strong>Tipo de Asignatura y Destinatarios<\/strong><\/span><\/p>\n<ul>\n<li>Curso Optativo para estudiantes inscriptos\/as en el Doctorado en Ingenier\u00eda Qu\u00edmica. Menci\u00f3n Procesos Limpios<\/li>\n<li>Curso Optativo del \u00c1rea Tratamiento y Gesti\u00f3n para estudiantes inscriptos\/as en la Maestr\u00eda en Tecnolog\u00edas Ambientales<\/li>\n<li>Curso de Perfeccionamiento para Profesionales<\/li>\n<\/ul>\n<p><strong><span style=\"color: #339966;\">Equipo Docente<\/span><\/strong><\/p>\n<ul>\n<li>Mg. Ing. Patricia Oliver<\/li>\n<li>Mg. Esp. Ing. Susana Acosta<\/li>\n<\/ul>\n<p><span style=\"color: #339966;\"><strong>Asignaci\u00f3n horaria<\/strong><\/span><\/p>\n<p>100 horas, 70 hs. presenciales<\/p>\n<p><strong><span style=\"color: #339966;\">Modalidad del Curso<\/span><\/strong><\/p>\n<p>Clases te\u00f3ricas y seminarios pr\u00e1cticos en forma h\u00edbrida, es decir con posibilidad de cursado virtual. En la parte pr\u00e1ctica las y los estudiantes deber\u00e1n: analizar bases de datos ambientales, identificando la calidad de la informaci\u00f3n, definiendo la variable o variables que producen el fen\u00f3meno a estudiar, seleccionando el o los m\u00e9todos estad\u00edsticos m\u00e1s adecuados y sacar conclusiones sobre el problema en cuesti\u00f3n.<\/p>\n<p>Las aplicaciones se definir\u00e1n al momento de dictar el curso.<\/p>\n<ul>\n<li>D\u00edas y horarios de clases: Lunes a viernes de 17 a 21 hs durante tres semanas, 22 y 23 de Noviembre, de 16 a 21 hs<\/li>\n<li>Per\u00edodo de dictado: Desde el 31 de Octubre al 23 de Noviembre de 2022<\/li>\n<li>Lugar: Facultad de Ingenier\u00eda. Oficina de la Dra. Udaquiola (subsuelo de edificio de Ingenier\u00eda Qu\u00edmica).<\/li>\n<\/ul>\n<p><strong><span style=\"color: #339966;\">Evaluaci\u00f3n<\/span><\/strong><\/p>\n<p>Presentaci\u00f3n y aprobaci\u00f3n de trabajos pr\u00e1cticos. El trabajo pr\u00e1ctico se presenta tipo monograf\u00eda y se expone en forma oral. Adem\u00e1s se toma una evaluaci\u00f3n integradora final de los contenidos te\u00f3ricos.<\/p>\n<p><strong><span style=\"color: #339966;\">Cupo<\/span><\/strong><\/p>\n<p>20 estudiantes.<\/p>\n<p><strong><span style=\"color: #339966;\">Aranceles<\/span><\/strong><\/p>\n<ul>\n<li>$ 7.000 para profesionales no pertenecientes a la UNSJ<\/li>\n<li>$ 3.500 para personal perteneciente a la UNSJ<\/li>\n<li>$ 1.750 para integrantes del Nucleamiento de Ingenier\u00eda Qu\u00edmica<\/li>\n<\/ul>\n<p>El curso es solo para graduados universitarios<\/p>\n<p><strong><span style=\"color: #339966;\">Informes<\/span><\/strong><\/p>\n<ul>\n<li>V\u00eda e-mail:\u00a0<a href=\"http:\/\/www.unsj.edu.ar\/home\/noticias_detalles\/6588\/stellaudaquiola@gmail.com\" target=\"_blank\" rel=\"noopener\">stellaudaquiola@gmail.com<\/a>\u00a0;\u00a0<a href=\"http:\/\/www.unsj.edu.ar\/home\/noticias_detalles\/6588\/poliver@unsj.edu.ar\" target=\"_blank\" rel=\"noopener\">poliver@unsj.edu.ar<\/a><\/li>\n<li>Facultad de Ingenier\u00eda \u2013\u00a0<a href=\"http:\/\/www.unsj.edu.ar\/home\/noticias_detalles\/6588\/www.fi.unsj.edu.ar\" target=\"_blank\" rel=\"noopener\">www.fi.unsj.edu.ar<\/a><\/li>\n<li>Tel. +54 264 4211700 \u2013 Internos: 453 &#8211; 233<\/li>\n<\/ul>\n<p><span style=\"color: #339966;\"><strong>Curso: \u00abCotizaci\u00f3n de productos nacionales e importados de proyectos y servicios de ingenier\u00eda\u00bb<\/strong><\/span><\/p>\n<ul>\n<li>Lugar: Aula Multimedia Departamento de Electromec\u00e1nica.<\/li>\n<li>Fecha: 03\/11\/2022<\/li>\n<li>Hora: 15:00<\/li>\n<\/ul>\n<p><strong><span style=\"color: #339966;\">Inscripci\u00f3n<\/span><\/strong><\/p>\n<p>Gratuito y Cupos limitados, en Secretar\u00eda del Departamento de Electromec\u00e1nica o al mail:<\/p>\n<p><a href=\"http:\/\/www.unsj.edu.ar\/home\/noticias_detalles\/6588\/electromecanica@unsj.edu.ar\" target=\"_blank\" rel=\"noopener\">electromecanica@unsj.edu.ar<\/a><\/p>\n<p>Publicado el Lunes, 24 de Octubre de 2022<\/p>\n","protected":false},"excerpt":{"rendered":"<p>La Facultad de Ingenier\u00eda de la Universidad Nacional de San Juan invita a participar de las siguientes actividades acad\u00e9micas: Seminario<\/p>\n","protected":false},"author":3,"featured_media":23028,"comment_status":"closed","ping_status":"closed","sticky":false,"template":"","format":"standard","meta":{"_acf_changed":false,"_seopress_robots_primary_cat":"none","_seopress_titles_title":"","_seopress_titles_desc":"","_seopress_robots_index":"","colormag_page_container_layout":"default_layout","colormag_page_sidebar_layout":"default_layout","footnotes":""},"categories":[15],"tags":[],"class_list":["post-53798","post","type-post","status-publish","format-standard","has-post-thumbnail","hentry","category-posgrados"],"acf":[],"_links":{"self":[{"href":"https:\/\/vocesparalelas.com.ar\/sitio\/wp-json\/wp\/v2\/posts\/53798","targetHints":{"allow":["GET"]}}],"collection":[{"href":"https:\/\/vocesparalelas.com.ar\/sitio\/wp-json\/wp\/v2\/posts"}],"about":[{"href":"https:\/\/vocesparalelas.com.ar\/sitio\/wp-json\/wp\/v2\/types\/post"}],"author":[{"embeddable":true,"href":"https:\/\/vocesparalelas.com.ar\/sitio\/wp-json\/wp\/v2\/users\/3"}],"replies":[{"embeddable":true,"href":"https:\/\/vocesparalelas.com.ar\/sitio\/wp-json\/wp\/v2\/comments?post=53798"}],"version-history":[{"count":1,"href":"https:\/\/vocesparalelas.com.ar\/sitio\/wp-json\/wp\/v2\/posts\/53798\/revisions"}],"predecessor-version":[{"id":53802,"href":"https:\/\/vocesparalelas.com.ar\/sitio\/wp-json\/wp\/v2\/posts\/53798\/revisions\/53802"}],"wp:featuredmedia":[{"embeddable":true,"href":"https:\/\/vocesparalelas.com.ar\/sitio\/wp-json\/wp\/v2\/media\/23028"}],"wp:attachment":[{"href":"https:\/\/vocesparalelas.com.ar\/sitio\/wp-json\/wp\/v2\/media?parent=53798"}],"wp:term":[{"taxonomy":"category","embeddable":true,"href":"https:\/\/vocesparalelas.com.ar\/sitio\/wp-json\/wp\/v2\/categories?post=53798"},{"taxonomy":"post_tag","embeddable":true,"href":"https:\/\/vocesparalelas.com.ar\/sitio\/wp-json\/wp\/v2\/tags?post=53798"}],"curies":[{"name":"wp","href":"https:\/\/api.w.org\/{rel}","templated":true}]}}