{"id":53792,"date":"2022-10-24T17:53:55","date_gmt":"2022-10-24T20:53:55","guid":{"rendered":"https:\/\/vocesparalelas.com.ar\/sitio\/?p=53792"},"modified":"2022-10-24T17:53:55","modified_gmt":"2022-10-24T20:53:55","slug":"acuerdo-y-se-levanta-el-paro-por-72-hs-del-transporte-de-pasajeros","status":"publish","type":"post","link":"https:\/\/vocesparalelas.com.ar\/sitio\/acuerdo-y-se-levanta-el-paro-por-72-hs-del-transporte-de-pasajeros\/","title":{"rendered":"Acuerdo y se levanta el paro por 72 hs. del transporte de pasajeros"},"content":{"rendered":"<p>Informamos a los trabajadores, usuarios que hemos alcanzado un principio de acuerdo salarial para los trabajadores del interior del pa\u00eds, que ser\u00e1 firmado el Martes, 25 de Octubre de 2022, en la sede del Ministerio de Trabajo de la Naci\u00f3n. Por tal motivo se deja sin efecto la medida de fuerza dispuesta para los pr\u00f3ximos d\u00edas.<\/p>\n<p>Con el acuerdo alcanzado ratificamos la unidad salarial en todo el pa\u00eds y la premisa de \u201cigual remuneraci\u00f3n por igual tarea\u201d.<\/p>\n<p>Se determina como base salarial a partir de octubre $165.000; noviembre $180.000 y diciembre $200.000 para el conductor inicial del interior y proporcional para el resto de las categor\u00edas.<\/p>\n<p>Aumento proporcional de Vi\u00e1ticos que llegar\u00e1n en diciembre a $1141 por cada d\u00eda de trabajo y $3.000 por cada a\u00f1o de antig\u00fcedad.<\/p>\n<p>Asimismo se determina una Asignaci\u00f3n de $40.000 en concepto de bono y un adelanto de $20.000 para el mes de enero 2023.<\/p>\n<p>Para la UTA nadie cobra menos que nadie y no hay trabajadores de segunda.<\/p>\n<p>&nbsp;<\/p>\n<p style=\"text-align: right;\">Roberto Carlos Fern\u00e1ndez<br \/>\nSecretario General<br \/>\nConsejo Directivo Nacional<br \/>\nUni\u00f3n Tranviarios Automotor<\/p>\n<p>Publicado el Lunes, 24 de Octubre de 2022<\/p>\n","protected":false},"excerpt":{"rendered":"<p>Informamos a los trabajadores, usuarios que hemos alcanzado un principio de acuerdo salarial para los trabajadores del interior del pa\u00eds,<\/p>\n","protected":false},"author":3,"featured_media":44596,"comment_status":"closed","ping_status":"closed","sticky":false,"template":"","format":"standard","meta":{"_acf_changed":false,"_seopress_robots_primary_cat":"none","_seopress_titles_title":"","_seopress_titles_desc":"","_seopress_robots_index":"","colormag_page_container_layout":"default_layout","colormag_page_sidebar_layout":"default_layout","footnotes":""},"categories":[1],"tags":[],"class_list":["post-53792","post","type-post","status-publish","format-standard","has-post-thumbnail","hentry","category-destacadas"],"acf":[],"_links":{"self":[{"href":"https:\/\/vocesparalelas.com.ar\/sitio\/wp-json\/wp\/v2\/posts\/53792","targetHints":{"allow":["GET"]}}],"collection":[{"href":"https:\/\/vocesparalelas.com.ar\/sitio\/wp-json\/wp\/v2\/posts"}],"about":[{"href":"https:\/\/vocesparalelas.com.ar\/sitio\/wp-json\/wp\/v2\/types\/post"}],"author":[{"embeddable":true,"href":"https:\/\/vocesparalelas.com.ar\/sitio\/wp-json\/wp\/v2\/users\/3"}],"replies":[{"embeddable":true,"href":"https:\/\/vocesparalelas.com.ar\/sitio\/wp-json\/wp\/v2\/comments?post=53792"}],"version-history":[{"count":1,"href":"https:\/\/vocesparalelas.com.ar\/sitio\/wp-json\/wp\/v2\/posts\/53792\/revisions"}],"predecessor-version":[{"id":53794,"href":"https:\/\/vocesparalelas.com.ar\/sitio\/wp-json\/wp\/v2\/posts\/53792\/revisions\/53794"}],"wp:featuredmedia":[{"embeddable":true,"href":"https:\/\/vocesparalelas.com.ar\/sitio\/wp-json\/wp\/v2\/media\/44596"}],"wp:attachment":[{"href":"https:\/\/vocesparalelas.com.ar\/sitio\/wp-json\/wp\/v2\/media?parent=53792"}],"wp:term":[{"taxonomy":"category","embeddable":true,"href":"https:\/\/vocesparalelas.com.ar\/sitio\/wp-json\/wp\/v2\/categories?post=53792"},{"taxonomy":"post_tag","embeddable":true,"href":"https:\/\/vocesparalelas.com.ar\/sitio\/wp-json\/wp\/v2\/tags?post=53792"}],"curies":[{"name":"wp","href":"https:\/\/api.w.org\/{rel}","templated":true}]}}