{"id":53779,"date":"2022-10-22T21:53:15","date_gmt":"2022-10-23T00:53:15","guid":{"rendered":"https:\/\/vocesparalelas.com.ar\/sitio\/?p=53779"},"modified":"2022-10-24T23:50:08","modified_gmt":"2022-10-25T02:50:08","slug":"se-manifiestan-los-autoconvocados-en-defensa-de-la-osp-de-san-juan","status":"publish","type":"post","link":"https:\/\/vocesparalelas.com.ar\/sitio\/se-manifiestan-los-autoconvocados-en-defensa-de-la-osp-de-san-juan\/","title":{"rendered":"Se manifiestan los Autoconvocados en defensa de la OSP de San Juan"},"content":{"rendered":"<p>El Lunes, 24 de Octubre, a las 18 hs, en el frente del Centro C\u00edvico, los Autoconvocados se manifiestan en defensa de la OSP de San Juan.<\/p>\n<p>Ellos convocan a empleados p\u00fablicos, activos y jubilados, para defender la Obra Social Provincia, que se encuentra en una delicada situaci\u00f3n, a la nefasta gesti\u00f3n del actual interventor y la Ministro de Salud P\u00fablica de San Juan.<\/p>\n<p>Por ello, exigen al Gobernador, la renuncia de ambos funcionarios que son las responsables de lo que sucede a la OSP.<\/p>\n<p>Est\u00e1n a punto de quedar sin cobertura de salud, miente el interventor, cuando dice, que no pasa nada.<\/p>\n<p>Pasa y mucho, revisen los recibos de sueldo de los \u00faltimos dos meses, y se dar\u00e1n cuenta c\u00f3mo nos descuentan las famosas, prestaciones m\u00e9dicas, ya que han descontado el doble.<\/p>\n<p>Ahora dicen que es un error, a eso le agregan todo lo que sucede, sin que nadie explique, nada, como el allanamiento, de la semana pasada, los convenios ca\u00eddos, que nos dejan sin cobertura, o sea abandono de Persona ,<\/p>\n<p>Todos al Centro C\u00edvico, No Faltar, la indiferencia, no es buena, por la Familia y la Dignidad.<\/p>\n<p>Publicado el S\u00e1bado, 22 de Octubre de 2022<\/p>\n","protected":false},"excerpt":{"rendered":"<p>El Lunes, 24 de Octubre, a las 18 hs, en el frente del Centro C\u00edvico, los Autoconvocados se manifiestan en<\/p>\n","protected":false},"author":3,"featured_media":53781,"comment_status":"closed","ping_status":"closed","sticky":false,"template":"","format":"standard","meta":{"_acf_changed":false,"_seopress_robots_primary_cat":"none","_seopress_titles_title":"","_seopress_titles_desc":"","_seopress_robots_index":"","colormag_page_container_layout":"default_layout","colormag_page_sidebar_layout":"default_layout","footnotes":""},"categories":[1],"tags":[],"class_list":["post-53779","post","type-post","status-publish","format-standard","has-post-thumbnail","hentry","category-destacadas"],"acf":[],"_links":{"self":[{"href":"https:\/\/vocesparalelas.com.ar\/sitio\/wp-json\/wp\/v2\/posts\/53779","targetHints":{"allow":["GET"]}}],"collection":[{"href":"https:\/\/vocesparalelas.com.ar\/sitio\/wp-json\/wp\/v2\/posts"}],"about":[{"href":"https:\/\/vocesparalelas.com.ar\/sitio\/wp-json\/wp\/v2\/types\/post"}],"author":[{"embeddable":true,"href":"https:\/\/vocesparalelas.com.ar\/sitio\/wp-json\/wp\/v2\/users\/3"}],"replies":[{"embeddable":true,"href":"https:\/\/vocesparalelas.com.ar\/sitio\/wp-json\/wp\/v2\/comments?post=53779"}],"version-history":[{"count":2,"href":"https:\/\/vocesparalelas.com.ar\/sitio\/wp-json\/wp\/v2\/posts\/53779\/revisions"}],"predecessor-version":[{"id":53822,"href":"https:\/\/vocesparalelas.com.ar\/sitio\/wp-json\/wp\/v2\/posts\/53779\/revisions\/53822"}],"wp:featuredmedia":[{"embeddable":true,"href":"https:\/\/vocesparalelas.com.ar\/sitio\/wp-json\/wp\/v2\/media\/53781"}],"wp:attachment":[{"href":"https:\/\/vocesparalelas.com.ar\/sitio\/wp-json\/wp\/v2\/media?parent=53779"}],"wp:term":[{"taxonomy":"category","embeddable":true,"href":"https:\/\/vocesparalelas.com.ar\/sitio\/wp-json\/wp\/v2\/categories?post=53779"},{"taxonomy":"post_tag","embeddable":true,"href":"https:\/\/vocesparalelas.com.ar\/sitio\/wp-json\/wp\/v2\/tags?post=53779"}],"curies":[{"name":"wp","href":"https:\/\/api.w.org\/{rel}","templated":true}]}}