{"id":53769,"date":"2022-10-23T22:46:16","date_gmt":"2022-10-24T01:46:16","guid":{"rendered":"https:\/\/vocesparalelas.com.ar\/sitio\/?p=53769"},"modified":"2023-07-14T12:43:27","modified_gmt":"2023-07-14T15:43:27","slug":"un-emotivo-acto-para-conmemorar-los-47-anos-de-crecimiento-institucional-de-la-fcefn-de-la-unsj","status":"publish","type":"post","link":"https:\/\/vocesparalelas.com.ar\/sitio\/un-emotivo-acto-para-conmemorar-los-47-anos-de-crecimiento-institucional-de-la-fcefn-de-la-unsj\/","title":{"rendered":"Un emotivo acto para conmemorar los 47 a\u00f1os de crecimiento institucional de la FCEFN de la UNSJ"},"content":{"rendered":"<p>En un acto muy emotivo, que se desarroll\u00f3 el Viernes, 21 de Octubre, la Facultad de Ciencias Exactas, F\u00edsicas y Naturales de la Universidad Nacional de San Juan conmemor\u00f3 los 47 a\u00f1os de crecimiento institucional donde se vio reflejado el reencuentro, los recuerdos y el cari\u00f1o por el crecimiento de la Unidad Acad\u00e9mica, que se cumpli\u00f3 el 23 de Octubre.<\/p>\n<p>El mismo, se desarroll\u00f3 en el Edificio CUIM II, tuvo un aditamento emotivo especial ya que se trat\u00f3 del primer encuentro realizado de manera presencial por este festejo, tras las restricciones que impuso la pandemia.<\/p>\n<p>Estuvieron presentes, el Decano de la FCEFN de la UNSJ, Ing. Rodolfo Bloch. la Vicedecana, Dra. Natalia Nu\u00f1ez, el Decano de la FAUD de la UNSJ, Arq. Guillermo Velasco; el Decano de la FI de la UNSJ, Esp. Ing. Oscar Mario Fern\u00e1ndez; el Decano de la FACSO de la UNSJ, Dr. Marcelo Lucero junto a la Vicedecana, CPN Mar\u00eda del Carmen Zorrilla; el Director de la EUCS de la UNSJ, Lic. \u00c1ngel Pinto y el Vicedirector Lic. Oscar Quinteros; el Vicedecano de la FFHA de la UNSJ, Prof. Marcelo Vasquez, la Secretaria de Extensi\u00f3n de la \u00a0UNSJ, Dra. Laura Garc\u00e9s; el Secretario de Comunicaci\u00f3n de la UNSJ, Lic. Omar Cereso; la Secretaria del Consejo Superior, Esp. DI Natalia Sof\u00eda Wortman; personal docente, no docente, estudiantes y familiares de quienes fueron agasajados durante el evento.<\/p>\n<p>Para iniciar el acto se present\u00f3 el D\u00fao Musical Melod\u00eda, con Melody Leiva ejecutando el viol\u00edn mientras que Mercedes Jofr\u00e9 con flauta.<\/p>\n<p>Un d\u00fao instrumental de m\u00fasica ciudadana que naci\u00f3 en el 2020 como una forma de reconectar la m\u00fasica y el afecto en plena pandemia.<\/p>\n<p>Ambas interpretes cuentan con extensa trayectoria dentro del \u00e1mbito de la m\u00fasica acad\u00e9mica y la m\u00fasica popular.<\/p>\n<p>Lo interesante es que el d\u00fao se especializa en m\u00fasica ciudadana rioplatense. tangos, milongas y valses que conforman su colorido repertorio.<\/p>\n<p><iframe loading=\"lazy\" title=\"FCEFN UNSJ D\u00daO\" width=\"800\" height=\"450\" src=\"https:\/\/www.youtube.com\/embed\/BmhueNTo4l0?feature=oembed\" frameborder=\"0\" allow=\"accelerometer; autoplay; clipboard-write; encrypted-media; gyroscope; picture-in-picture; web-share\" allowfullscreen><\/iframe><\/p>\n<p>Luego, el Decano de la FCEFN de la UNSJ, Ing. Rodolfo Bloch se dirigi\u00f3 a los presentes para destacar las fortaleces de la Unidad Acad\u00e9mica que apunta el crecimiento.<\/p>\n<p>Por ello, antes del Acto, el Decano de la FCEFN de la UNSJ, Ing. Rodolfo Bloch manifest\u00f3 a los Periodistas San Juan una evoluci\u00f3n de la Unidad Acad\u00e9mica durante estos 47 a\u00f1os al servicio de San Juan entregando profesionales de calidad y destacados.<\/p>\n<p><iframe loading=\"lazy\" title=\"FCEFN UNSJ DECANO ING RODOLFO BLOCH\" width=\"800\" height=\"450\" src=\"https:\/\/www.youtube.com\/embed\/08RH4ad75Q8?feature=oembed\" frameborder=\"0\" allow=\"accelerometer; autoplay; clipboard-write; encrypted-media; gyroscope; picture-in-picture; web-share\" allowfullscreen><\/iframe><\/p>\n<p>Posteriormente, se desarroll\u00f3 la entrega del reconocimiento a los docentes que cumplieron 25 a\u00f1os de servicio y al personal que se sumaron a la etapa de la jubilaci\u00f3n durante los a\u00f1os 2020; 2021; y 2022, un momento muy emotivo.<\/p>\n<p><img loading=\"lazy\" decoding=\"async\" class=\"alignnone size-full wp-image-53771\" src=\"https:\/\/vocesparalelas.com.ar\/sitio\/wp-content\/uploads\/2022\/10\/FCEFN-ANIVERSARIO-01.jpg\" alt=\"\" width=\"800\" height=\"533\" srcset=\"https:\/\/vocesparalelas.com.ar\/sitio\/wp-content\/uploads\/2022\/10\/FCEFN-ANIVERSARIO-01.jpg 800w, https:\/\/vocesparalelas.com.ar\/sitio\/wp-content\/uploads\/2022\/10\/FCEFN-ANIVERSARIO-01-300x200.jpg 300w, https:\/\/vocesparalelas.com.ar\/sitio\/wp-content\/uploads\/2022\/10\/FCEFN-ANIVERSARIO-01-768x512.jpg 768w\" sizes=\"auto, (max-width: 800px) 100vw, 800px\" \/><\/p>\n<p>&nbsp;<\/p>\n<p><strong><span style=\"color: #339966;\">Reconocimiento por 25 a\u00f1os en la FCEFN de la UNSJ<\/span><\/strong><\/p>\n<p>Juan Carlos Acosta, Oscar Alfredo Alcober, Silvia Graciela Fern\u00e1ndez, Salvador Daniel Gregori, Adriana Griselda Marinatto, Ricardo N\u00e9stor Mart\u00ednez, Alicia Carina Moyano, Guillermo Domingo Pizarro, Teresa del Valle Salinas, Gustavo Antonio Sevilla.<\/p>\n<p><strong><span style=\"color: #339966;\">Reconocimiento al personal que se jubil\u00f3 durante 2020; 2021; y 2022 en la FCEFN de la UNSJ<\/span><\/strong><\/p>\n<p>M\u00f3nica Elizabeth Agostini, Roberto Ram\u00f3n Araya, Carlos Alberto \u00c1vila, Graciela Elida Beguer\u00ed, Silvana Teresa In\u00e9s. Bilbao; Enrique Cara Rubi, Aldo Lorenzo Cardinali Bruschi, Mar\u00eda In\u00e9s Ciancio, Carlos Alberto Correa, Ram\u00f3n Eduardo Garay, Liliana Mima Gonz\u00e1lez, M\u00f3nica Gilda Gonz\u00e1lez, Elba Teresa Guerra, Justo M\u00e1rquez, Victorina del Carmen M\u00e1rquez, Daniel Horacio Medina, Mario Alberto Molina, Julio Tito Monta\u00f1a, Blanca Rosa Pereyra Ginestar, Jos\u00e9 Alberto P\u00e9rez, H\u00e9ctor Horacio Puigdomenech, Elio Rodolfo Robles, Luc\u00eda Isabel del Valle Ruzycki, Daniel Alberto S\u00e1nchez, Jorge Antonio Sede\u00f1o, Estela Maris Soto, Laura Beatriz Ureta, Julio Antonio Isidro Vicentela, Lucio Horacio Vila.<\/p>\n<p>El acto finaliz\u00f3 con un \u00e1gape donde se comparti\u00f3 una torta salada y un brindis por los 47 a\u00f1os de crecimiento institucional de la FCFN de la UNSJ y de los reconocidos junto a las autoridades, docentes, no docentes, alumnos y familiares.<\/p>\n<p><img loading=\"lazy\" decoding=\"async\" class=\"alignnone size-full wp-image-53775\" src=\"https:\/\/vocesparalelas.com.ar\/sitio\/wp-content\/uploads\/2022\/10\/FCEFN-ANIVERSARIO-05.jpg\" alt=\"\" width=\"800\" height=\"600\" srcset=\"https:\/\/vocesparalelas.com.ar\/sitio\/wp-content\/uploads\/2022\/10\/FCEFN-ANIVERSARIO-05.jpg 800w, https:\/\/vocesparalelas.com.ar\/sitio\/wp-content\/uploads\/2022\/10\/FCEFN-ANIVERSARIO-05-300x225.jpg 300w, https:\/\/vocesparalelas.com.ar\/sitio\/wp-content\/uploads\/2022\/10\/FCEFN-ANIVERSARIO-05-768x576.jpg 768w\" sizes=\"auto, (max-width: 800px) 100vw, 800px\" \/><\/p>\n<p>&nbsp;<\/p>\n<p><img loading=\"lazy\" decoding=\"async\" class=\"alignnone size-large wp-image-26107\" src=\"https:\/\/vocesparalelas.com.ar\/sitio\/wp-content\/uploads\/2020\/01\/FCEFN-UNSJ-EDIFICIO-800x489.jpg\" alt=\"\" width=\"800\" height=\"489\" srcset=\"https:\/\/vocesparalelas.com.ar\/sitio\/wp-content\/uploads\/2020\/01\/FCEFN-UNSJ-EDIFICIO.jpg 800w, https:\/\/vocesparalelas.com.ar\/sitio\/wp-content\/uploads\/2020\/01\/FCEFN-UNSJ-EDIFICIO-300x183.jpg 300w, https:\/\/vocesparalelas.com.ar\/sitio\/wp-content\/uploads\/2020\/01\/FCEFN-UNSJ-EDIFICIO-768x469.jpg 768w\" sizes=\"auto, (max-width: 800px) 100vw, 800px\" \/><\/p>\n<p>Publicado el Domingo, 23 de Octubre de 2022<\/p>\n","protected":false},"excerpt":{"rendered":"<p>En un acto muy emotivo, que se desarroll\u00f3 el Viernes, 21 de Octubre, la Facultad de Ciencias Exactas, F\u00edsicas y<\/p>\n","protected":false},"author":3,"featured_media":53774,"comment_status":"closed","ping_status":"closed","sticky":false,"template":"","format":"standard","meta":{"_acf_changed":false,"_seopress_robots_primary_cat":"none","_seopress_titles_title":"","_seopress_titles_desc":"","_seopress_robots_index":"","colormag_page_container_layout":"default_layout","colormag_page_sidebar_layout":"default_layout","footnotes":""},"categories":[11,7],"tags":[],"class_list":["post-53769","post","type-post","status-publish","format-standard","has-post-thumbnail","hentry","category-sociales","category-videos"],"acf":[],"_links":{"self":[{"href":"https:\/\/vocesparalelas.com.ar\/sitio\/wp-json\/wp\/v2\/posts\/53769","targetHints":{"allow":["GET"]}}],"collection":[{"href":"https:\/\/vocesparalelas.com.ar\/sitio\/wp-json\/wp\/v2\/posts"}],"about":[{"href":"https:\/\/vocesparalelas.com.ar\/sitio\/wp-json\/wp\/v2\/types\/post"}],"author":[{"embeddable":true,"href":"https:\/\/vocesparalelas.com.ar\/sitio\/wp-json\/wp\/v2\/users\/3"}],"replies":[{"embeddable":true,"href":"https:\/\/vocesparalelas.com.ar\/sitio\/wp-json\/wp\/v2\/comments?post=53769"}],"version-history":[{"count":1,"href":"https:\/\/vocesparalelas.com.ar\/sitio\/wp-json\/wp\/v2\/posts\/53769\/revisions"}],"predecessor-version":[{"id":53776,"href":"https:\/\/vocesparalelas.com.ar\/sitio\/wp-json\/wp\/v2\/posts\/53769\/revisions\/53776"}],"wp:featuredmedia":[{"embeddable":true,"href":"https:\/\/vocesparalelas.com.ar\/sitio\/wp-json\/wp\/v2\/media\/53774"}],"wp:attachment":[{"href":"https:\/\/vocesparalelas.com.ar\/sitio\/wp-json\/wp\/v2\/media?parent=53769"}],"wp:term":[{"taxonomy":"category","embeddable":true,"href":"https:\/\/vocesparalelas.com.ar\/sitio\/wp-json\/wp\/v2\/categories?post=53769"},{"taxonomy":"post_tag","embeddable":true,"href":"https:\/\/vocesparalelas.com.ar\/sitio\/wp-json\/wp\/v2\/tags?post=53769"}],"curies":[{"name":"wp","href":"https:\/\/api.w.org\/{rel}","templated":true}]}}