{"id":53758,"date":"2022-10-21T23:32:21","date_gmt":"2022-10-22T02:32:21","guid":{"rendered":"https:\/\/vocesparalelas.com.ar\/sitio\/?p=53758"},"modified":"2022-10-26T00:13:03","modified_gmt":"2022-10-26T03:13:03","slug":"se-aprobo-la-creacion-del-departamento-de-matematica-fisica-y-quimica-de-la-fcefn-de-la-unsj","status":"publish","type":"post","link":"https:\/\/vocesparalelas.com.ar\/sitio\/se-aprobo-la-creacion-del-departamento-de-matematica-fisica-y-quimica-de-la-fcefn-de-la-unsj\/","title":{"rendered":"Se aprob\u00f3 la creaci\u00f3n del Departamento de Matem\u00e1tica, F\u00edsica y Qu\u00edmica de la FCEFN de la UNSJ"},"content":{"rendered":"<p>El Consejo Superior de la UNSJ aprob\u00f3 el Jueves, 20 de Octubre la creaci\u00f3n del Departamento de Matem\u00e1tica, F\u00edsica y Qu\u00edmica en el \u00e1mbito de la Facultad de Ciencias Exactas, F\u00edsicas y Naturales, iniciativa que ya hab\u00eda sido aprobada por el Consejo Directivo de la Unidad Acad\u00e9mica.<\/p>\n<p><img loading=\"lazy\" decoding=\"async\" class=\"alignnone size-large wp-image-26107\" src=\"https:\/\/vocesparalelas.com.ar\/sitio\/wp-content\/uploads\/2020\/01\/FCEFN-UNSJ-EDIFICIO-800x489.jpg\" alt=\"\" width=\"800\" height=\"489\" srcset=\"https:\/\/vocesparalelas.com.ar\/sitio\/wp-content\/uploads\/2020\/01\/FCEFN-UNSJ-EDIFICIO.jpg 800w, https:\/\/vocesparalelas.com.ar\/sitio\/wp-content\/uploads\/2020\/01\/FCEFN-UNSJ-EDIFICIO-300x183.jpg 300w, https:\/\/vocesparalelas.com.ar\/sitio\/wp-content\/uploads\/2020\/01\/FCEFN-UNSJ-EDIFICIO-768x469.jpg 768w\" sizes=\"auto, (max-width: 800px) 100vw, 800px\" \/><\/p>\n<p>Adem\u00e1s, el Cuerpo aprob\u00f3 por unanimidad la propuesta del estamento estudiantil, referido a la reglamentaci\u00f3n de la adhesi\u00f3n a la Ley Micaela en el \u00e1mbito de la UNSJ. A partir de esta decisi\u00f3n, cobra efecto la obligatoriedad de realizar la capacitaci\u00f3n en Ley Micaela para todas y todos los integrantes de los estamentos universitarios.<\/p>\n<p>Al respecto, la consejera docente por la FACSO, Lic. Alicia Garc\u00eda, explic\u00f3 que las y los estudiantes hab\u00edan solicitado en su proyecto la implementaci\u00f3n y la adhesi\u00f3n de la reglamentaci\u00f3n a la Ley Micaela en la Universidad Nacional de San Juan. Previo a esta aprobaci\u00f3n, se hab\u00eda formado una Comisi\u00f3n Ad Hoc que estuvo trabajando en la elaboraci\u00f3n de la reglamentaci\u00f3n. Esta propuesta pas\u00f3 por distintas instancias y tratamientos tanto en la comisi\u00f3n de reglamento como en asuntos legales y finalmente luego de varias revisiones qued\u00f3 aprobada en sesi\u00f3n de Consejo Superior.<\/p>\n<p><img loading=\"lazy\" decoding=\"async\" class=\"alignnone size-full wp-image-53760\" src=\"https:\/\/vocesparalelas.com.ar\/sitio\/wp-content\/uploads\/2022\/10\/LEY-MICAELA-01.jpg\" alt=\"\" width=\"800\" height=\"480\" srcset=\"https:\/\/vocesparalelas.com.ar\/sitio\/wp-content\/uploads\/2022\/10\/LEY-MICAELA-01.jpg 800w, https:\/\/vocesparalelas.com.ar\/sitio\/wp-content\/uploads\/2022\/10\/LEY-MICAELA-01-300x180.jpg 300w, https:\/\/vocesparalelas.com.ar\/sitio\/wp-content\/uploads\/2022\/10\/LEY-MICAELA-01-768x461.jpg 768w\" sizes=\"auto, (max-width: 800px) 100vw, 800px\" \/><\/p>\n<p>La docente manifest\u00f3 alegr\u00eda al respecto porque era algo que se ven\u00eda postergando y finalmente se concret\u00f3. Uno de los puntos sobresalientes de la ley, es la capacitaci\u00f3n obligatoria de todas las personas pertenecientes a todos los estamentos que integran la Universidad Nacional de San Juan. Si bien el acceso a la formaci\u00f3n que realizaba la Oficina por la igualdad de g\u00e9nero, contra las violencias y la discriminaci\u00f3n, era de \u00edndole voluntaria antes de esta aprobaci\u00f3n, ahora ser\u00e1 obligatoria y cada unidad acad\u00e9mica presentar\u00e1 un proyecto de capacitaci\u00f3n, que tendr\u00e1 un plazo de ejecuci\u00f3n de 60 d\u00edas.<\/p>\n<p>En otro orden, el cuerpo aprob\u00f3 la conformaci\u00f3n del Tribunal Acad\u00e9mico, un tema que ven\u00eda quedando pendiente.<\/p>\n<p><img loading=\"lazy\" decoding=\"async\" class=\"alignnone size-full wp-image-37900\" src=\"https:\/\/vocesparalelas.com.ar\/sitio\/wp-content\/uploads\/2021\/05\/UNSJ-LOGOTIPO-01.jpg\" alt=\"\" width=\"800\" height=\"533\" srcset=\"https:\/\/vocesparalelas.com.ar\/sitio\/wp-content\/uploads\/2021\/05\/UNSJ-LOGOTIPO-01.jpg 800w, https:\/\/vocesparalelas.com.ar\/sitio\/wp-content\/uploads\/2021\/05\/UNSJ-LOGOTIPO-01-300x200.jpg 300w, https:\/\/vocesparalelas.com.ar\/sitio\/wp-content\/uploads\/2021\/05\/UNSJ-LOGOTIPO-01-768x512.jpg 768w\" sizes=\"auto, (max-width: 800px) 100vw, 800px\" \/><\/p>\n<p>Publicado el Viernes, 21 de Octubre de 2022<\/p>\n","protected":false},"excerpt":{"rendered":"<p>El Consejo Superior de la UNSJ aprob\u00f3 el Jueves, 20 de Octubre la creaci\u00f3n del Departamento de Matem\u00e1tica, F\u00edsica y<\/p>\n","protected":false},"author":3,"featured_media":52911,"comment_status":"closed","ping_status":"closed","sticky":false,"template":"","format":"standard","meta":{"_acf_changed":false,"_seopress_robots_primary_cat":"none","_seopress_titles_title":"","_seopress_titles_desc":"","_seopress_robots_index":"","colormag_page_container_layout":"default_layout","colormag_page_sidebar_layout":"default_layout","footnotes":""},"categories":[10],"tags":[],"class_list":["post-53758","post","type-post","status-publish","format-standard","has-post-thumbnail","hentry","category-opiniones"],"acf":[],"_links":{"self":[{"href":"https:\/\/vocesparalelas.com.ar\/sitio\/wp-json\/wp\/v2\/posts\/53758","targetHints":{"allow":["GET"]}}],"collection":[{"href":"https:\/\/vocesparalelas.com.ar\/sitio\/wp-json\/wp\/v2\/posts"}],"about":[{"href":"https:\/\/vocesparalelas.com.ar\/sitio\/wp-json\/wp\/v2\/types\/post"}],"author":[{"embeddable":true,"href":"https:\/\/vocesparalelas.com.ar\/sitio\/wp-json\/wp\/v2\/users\/3"}],"replies":[{"embeddable":true,"href":"https:\/\/vocesparalelas.com.ar\/sitio\/wp-json\/wp\/v2\/comments?post=53758"}],"version-history":[{"count":1,"href":"https:\/\/vocesparalelas.com.ar\/sitio\/wp-json\/wp\/v2\/posts\/53758\/revisions"}],"predecessor-version":[{"id":53761,"href":"https:\/\/vocesparalelas.com.ar\/sitio\/wp-json\/wp\/v2\/posts\/53758\/revisions\/53761"}],"wp:featuredmedia":[{"embeddable":true,"href":"https:\/\/vocesparalelas.com.ar\/sitio\/wp-json\/wp\/v2\/media\/52911"}],"wp:attachment":[{"href":"https:\/\/vocesparalelas.com.ar\/sitio\/wp-json\/wp\/v2\/media?parent=53758"}],"wp:term":[{"taxonomy":"category","embeddable":true,"href":"https:\/\/vocesparalelas.com.ar\/sitio\/wp-json\/wp\/v2\/categories?post=53758"},{"taxonomy":"post_tag","embeddable":true,"href":"https:\/\/vocesparalelas.com.ar\/sitio\/wp-json\/wp\/v2\/tags?post=53758"}],"curies":[{"name":"wp","href":"https:\/\/api.w.org\/{rel}","templated":true}]}}