{"id":53755,"date":"2022-10-21T23:30:24","date_gmt":"2022-10-22T02:30:24","guid":{"rendered":"https:\/\/vocesparalelas.com.ar\/sitio\/?p=53755"},"modified":"2022-10-24T00:27:10","modified_gmt":"2022-10-24T03:27:10","slug":"festival-xxviii-guitarras-del-mundo-2022-de-upcn-san-juan","status":"publish","type":"post","link":"https:\/\/vocesparalelas.com.ar\/sitio\/festival-xxviii-guitarras-del-mundo-2022-de-upcn-san-juan\/","title":{"rendered":"Festival XXVIII Guitarras del Mundo 2022 de UPCN San Juan"},"content":{"rendered":"<p>El Mi\u00e9rcoles, 26 de Octubre, a las 21:20 hs.; en el Auditorio Juan Victoria se desarrolla el Festival XXVIII Guitarras del Mundo 2022, con entrada libre y gratuita.<\/p>\n<p>Act\u00faan el D\u00fao Jorge Cardozo Silvie Dagnac Francia, el D\u00fao Daniela Calder\u00f3n Napole\u00f3n Garay Argentina y Emilio P\u00e9rez San Juan-Argentina.<\/p>\n<p>Adem\u00e1s, se realiza el homenaje a Ernesto Guardia, reconocimiento por su aporte al desarrollo de la Cultura<\/p>\n<p><span style=\"color: #3366ff;\"><strong>Organiza<\/strong><\/span><\/p>\n<p>UPCN seccional San Juan<\/p>\n<p>Publicado el Viernes, 21 de Octubre de 2022<\/p>\n","protected":false},"excerpt":{"rendered":"<p>El Mi\u00e9rcoles, 26 de Octubre, a las 21:20 hs.; en el Auditorio Juan Victoria se desarrolla el Festival XXVIII Guitarras<\/p>\n","protected":false},"author":3,"featured_media":24065,"comment_status":"closed","ping_status":"closed","sticky":false,"template":"","format":"standard","meta":{"_acf_changed":false,"_seopress_robots_primary_cat":"none","_seopress_titles_title":"","_seopress_titles_desc":"","_seopress_robots_index":"","colormag_page_container_layout":"default_layout","colormag_page_sidebar_layout":"default_layout","footnotes":""},"categories":[20],"tags":[],"class_list":["post-53755","post","type-post","status-publish","format-standard","has-post-thumbnail","hentry","category-cartelera"],"acf":[],"_links":{"self":[{"href":"https:\/\/vocesparalelas.com.ar\/sitio\/wp-json\/wp\/v2\/posts\/53755","targetHints":{"allow":["GET"]}}],"collection":[{"href":"https:\/\/vocesparalelas.com.ar\/sitio\/wp-json\/wp\/v2\/posts"}],"about":[{"href":"https:\/\/vocesparalelas.com.ar\/sitio\/wp-json\/wp\/v2\/types\/post"}],"author":[{"embeddable":true,"href":"https:\/\/vocesparalelas.com.ar\/sitio\/wp-json\/wp\/v2\/users\/3"}],"replies":[{"embeddable":true,"href":"https:\/\/vocesparalelas.com.ar\/sitio\/wp-json\/wp\/v2\/comments?post=53755"}],"version-history":[{"count":1,"href":"https:\/\/vocesparalelas.com.ar\/sitio\/wp-json\/wp\/v2\/posts\/53755\/revisions"}],"predecessor-version":[{"id":53757,"href":"https:\/\/vocesparalelas.com.ar\/sitio\/wp-json\/wp\/v2\/posts\/53755\/revisions\/53757"}],"wp:featuredmedia":[{"embeddable":true,"href":"https:\/\/vocesparalelas.com.ar\/sitio\/wp-json\/wp\/v2\/media\/24065"}],"wp:attachment":[{"href":"https:\/\/vocesparalelas.com.ar\/sitio\/wp-json\/wp\/v2\/media?parent=53755"}],"wp:term":[{"taxonomy":"category","embeddable":true,"href":"https:\/\/vocesparalelas.com.ar\/sitio\/wp-json\/wp\/v2\/categories?post=53755"},{"taxonomy":"post_tag","embeddable":true,"href":"https:\/\/vocesparalelas.com.ar\/sitio\/wp-json\/wp\/v2\/tags?post=53755"}],"curies":[{"name":"wp","href":"https:\/\/api.w.org\/{rel}","templated":true}]}}