{"id":53691,"date":"2022-10-19T20:46:19","date_gmt":"2022-10-19T23:46:19","guid":{"rendered":"https:\/\/vocesparalelas.com.ar\/sitio\/?p=53691"},"modified":"2022-10-20T00:47:03","modified_gmt":"2022-10-20T03:47:03","slug":"taller-de-capacitacion-en-inteligencia-emocional-al-personal-de-la-camara-de-diputados-de-san-juan","status":"publish","type":"post","link":"https:\/\/vocesparalelas.com.ar\/sitio\/taller-de-capacitacion-en-inteligencia-emocional-al-personal-de-la-camara-de-diputados-de-san-juan\/","title":{"rendered":"Taller de capacitaci\u00f3n en inteligencia emocional al personal de la C\u00e1mara de Diputados de San Juan"},"content":{"rendered":"<div class=\"itemFullText jbintrotext\">\n<p>En el transcurso de la ma\u00f1ana de Octubre de 2022, concluy\u00f3 la capacitaci\u00f3n dictada por el Grupo Grow Inteligencia Emocial con la realizaci\u00f3n de la tercera jornada de formaci\u00f3n y la entrega de certificados a sus participantes.<\/p>\n<\/div>\n<div class=\"itemFullText\">\n<p>El curso tuvo lugar, en esta oportunidad, en el auditorio Emar Acosta; y el acto de cierre cont\u00f3 con la presencia del secretario Administrativo de la Legislatura, Roberto Iglesias; el secretario General de la Asociaci\u00f3n del Personal Legislativo (APEL), Sergio Peralta; el diputado Gast\u00f3n Berenguer; Juan Pablo Nehin, presidente de la Asociaci\u00f3n de Sordos de San Juan.<\/p>\n<p>Cabe recordar que esta actividad convoc\u00f3 al personal de la C\u00e1mara de Diputados y tambi\u00e9n de otras instituciones p\u00fablicas. La capacitaci\u00f3n gir\u00f3 en torno a cuatro ejes: resoluci\u00f3n de conflicto, clima laboral, comunicaci\u00f3n institucional y liderazgo. Los encargado de dictar los contenidos fueron Mart\u00edn Olivares y Gabriela Velazquez del grupo Grow.<\/p>\n<p>En la ocasi\u00f3n, el secretario General de APEL agradeci\u00f3 a todos los participantes y personas involucradas en la organizaci\u00f3n. \u201cHan sido tres jornadas muy bonitas, las hemos vivido intensamente, la semana pasada pese al paro de colectivo tuvimos una linda concurrencia, lo que significa que el tema interes\u00f3 y superaron todas las dificultades para seguir viniendo a este taller\u201d. Seguidamente agreg\u00f3 \u201cal Grupo Grow much\u00edsimas gracias hemos aprendido un mont\u00f3n de t\u00e9cnicas que seguramente las vamos a usar. Tambi\u00e9n quiero agradecer a la C\u00e1mara de Diputados por la disponibilidad que siempre tiene y la predisposici\u00f3n con el gremio APEL para ayudar a organizar estos eventos; a los diputados que acompa\u00f1aron; a la gente de la Municipalidad de la Capital, a la gente de la Funci\u00f3n P\u00fablica que aceptaron la invitaci\u00f3n. La C\u00e1mara es parte de la comunidad y la comunidad est\u00e1 representada en la Legislatura y por eso que invitamos a todos estos grupos. Fundamentalmente quiero agradecerles a los compa\u00f1eros legislativos que han dedicado y dejado en suspensos parte de sus tareas para venir a este taller\u201d.<\/p>\n<p>Por su parte, Mart\u00edn Olivares expres\u00f3 su agradecimiento al gremio APEL y a la C\u00e1mara de Diputados para la realizaci\u00f3n del taller. \u201cTambi\u00e9n quiero agradecerles a todos el permitirse generar espacios que nos ayuden a crecer como personas, que nos ayuden a acceder a recursos que nos modifican, que nos hacen crecer pero sobre todo en el tiempo y en la sociedad en la que vivimos que humanizan las estructuras. Este tipo de formaci\u00f3n que busca el desarrollo de lo que se llaman habilidades blandas, son humanas e ideales para poder generar estos espacios de humanizaci\u00f3n\u201d.<\/p>\n<p>Para finalizar, fue realizada por parte de las autoridades presentes una entrega simb\u00f3lica de los certificados.<\/p>\n<p>Publicado el Mi\u00e9rcoles, 19 de Octubre de 2022<\/p>\n<\/div>\n","protected":false},"excerpt":{"rendered":"<p>En el transcurso de la ma\u00f1ana de Octubre de 2022, concluy\u00f3 la capacitaci\u00f3n dictada por el Grupo Grow Inteligencia Emocial<\/p>\n","protected":false},"author":3,"featured_media":53693,"comment_status":"closed","ping_status":"closed","sticky":false,"template":"","format":"standard","meta":{"_acf_changed":false,"_seopress_robots_primary_cat":"none","_seopress_titles_title":"","_seopress_titles_desc":"","_seopress_robots_index":"","colormag_page_container_layout":"default_layout","colormag_page_sidebar_layout":"default_layout","footnotes":""},"categories":[1],"tags":[],"class_list":["post-53691","post","type-post","status-publish","format-standard","has-post-thumbnail","hentry","category-destacadas"],"acf":[],"_links":{"self":[{"href":"https:\/\/vocesparalelas.com.ar\/sitio\/wp-json\/wp\/v2\/posts\/53691","targetHints":{"allow":["GET"]}}],"collection":[{"href":"https:\/\/vocesparalelas.com.ar\/sitio\/wp-json\/wp\/v2\/posts"}],"about":[{"href":"https:\/\/vocesparalelas.com.ar\/sitio\/wp-json\/wp\/v2\/types\/post"}],"author":[{"embeddable":true,"href":"https:\/\/vocesparalelas.com.ar\/sitio\/wp-json\/wp\/v2\/users\/3"}],"replies":[{"embeddable":true,"href":"https:\/\/vocesparalelas.com.ar\/sitio\/wp-json\/wp\/v2\/comments?post=53691"}],"version-history":[{"count":2,"href":"https:\/\/vocesparalelas.com.ar\/sitio\/wp-json\/wp\/v2\/posts\/53691\/revisions"}],"predecessor-version":[{"id":53695,"href":"https:\/\/vocesparalelas.com.ar\/sitio\/wp-json\/wp\/v2\/posts\/53691\/revisions\/53695"}],"wp:featuredmedia":[{"embeddable":true,"href":"https:\/\/vocesparalelas.com.ar\/sitio\/wp-json\/wp\/v2\/media\/53693"}],"wp:attachment":[{"href":"https:\/\/vocesparalelas.com.ar\/sitio\/wp-json\/wp\/v2\/media?parent=53691"}],"wp:term":[{"taxonomy":"category","embeddable":true,"href":"https:\/\/vocesparalelas.com.ar\/sitio\/wp-json\/wp\/v2\/categories?post=53691"},{"taxonomy":"post_tag","embeddable":true,"href":"https:\/\/vocesparalelas.com.ar\/sitio\/wp-json\/wp\/v2\/tags?post=53691"}],"curies":[{"name":"wp","href":"https:\/\/api.w.org\/{rel}","templated":true}]}}