{"id":53653,"date":"2022-10-18T22:34:52","date_gmt":"2022-10-19T01:34:52","guid":{"rendered":"https:\/\/vocesparalelas.com.ar\/sitio\/?p=53653"},"modified":"2022-10-24T18:25:48","modified_gmt":"2022-10-24T21:25:48","slug":"sin-aumento-no-hay-transporte-y-un-paro-x-72-horas-el-25-26-y-27-de-octubre","status":"publish","type":"post","link":"https:\/\/vocesparalelas.com.ar\/sitio\/sin-aumento-no-hay-transporte-y-un-paro-x-72-horas-el-25-26-y-27-de-octubre\/","title":{"rendered":"Sin aumento no hay transporte y un paro x 72 horas, el 25; 26 y 27 de Octubre"},"content":{"rendered":"<p>Informamos a los trabajadores del Transporte Automotor de Pasajeros del Interior del Pa\u00eds, que asistimos al Ministerio de Trabajo de la Naci\u00f3n, sin acordar la pretendida igualdad salarial para los trabajadores representados.<\/p>\n<p>Nosotros vamos a defender nuestros salarios y las fuentes de trabajo. No queremos encontrarnos en medio de una disputa entre la Naci\u00f3n y las Provincias.<\/p>\n<p>Queremos el aumento que nos corresponde, por lo que resulta indispensable que el Congreso Nacional declare la Emergencia en el Transporte de Pasajeros del Interior.<\/p>\n<p>Necesitamos que se reconozcan nuestros derechos y se comprometan para evitar diferente tratamiento a los mismos trabajadores. Pedimos de los Gobiernos la Lealtad y el Reconocimiento que los trabajadores se merecen.<\/p>\n<p>Estamos cansados de esta falta de respeto al Trabajador. Est\u00e1 claro que pretenden trabajadores de segunda, no lo vamos a permitir. Por ello ratificamos el estado de alerta, e informamos se dispondr\u00e1 un paro de actividades en el Transporte de Pasajeros del Interior del Pa\u00eds por 72 horas, a realizarse durante los d\u00edas 25, 26 y 27 de Octubre de 2022.<\/p>\n<p>Siempre estaremos dispuestos al di\u00e1logo permanente, y pedimos la intervenci\u00f3n de las autoridades competentes para evitar las medidas de fuerza gremial, pero sepan que lucharemos por los derechos de los trabajadores, y sin aumento no nos detendremos, no vamos a resignar nuestro salario. Sepan que tanto los usuarios como los trabajadores somos rehenes de los gobiernos y los empresarios.<\/p>\n<p style=\"text-align: right;\">Roberto Carlos Fern\u00e1ndez<\/p>\n<p style=\"text-align: right;\">Secretario General<\/p>\n<p style=\"text-align: right;\">Consejo Directivo Nacional<\/p>\n<p style=\"text-align: right;\">Uni\u00f3n Tranviarios Automotor<\/p>\n<p>Publicado el Martes, 18 de Octubre de 2022<\/p>\n","protected":false},"excerpt":{"rendered":"<p>Informamos a los trabajadores del Transporte Automotor de Pasajeros del Interior del Pa\u00eds, que asistimos al Ministerio de Trabajo de<\/p>\n","protected":false},"author":3,"featured_media":48168,"comment_status":"closed","ping_status":"closed","sticky":false,"template":"","format":"standard","meta":{"_acf_changed":false,"_seopress_robots_primary_cat":"none","_seopress_titles_title":"","_seopress_titles_desc":"","_seopress_robots_index":"","colormag_page_container_layout":"default_layout","colormag_page_sidebar_layout":"default_layout","footnotes":""},"categories":[1],"tags":[],"class_list":["post-53653","post","type-post","status-publish","format-standard","has-post-thumbnail","hentry","category-destacadas"],"acf":[],"_links":{"self":[{"href":"https:\/\/vocesparalelas.com.ar\/sitio\/wp-json\/wp\/v2\/posts\/53653","targetHints":{"allow":["GET"]}}],"collection":[{"href":"https:\/\/vocesparalelas.com.ar\/sitio\/wp-json\/wp\/v2\/posts"}],"about":[{"href":"https:\/\/vocesparalelas.com.ar\/sitio\/wp-json\/wp\/v2\/types\/post"}],"author":[{"embeddable":true,"href":"https:\/\/vocesparalelas.com.ar\/sitio\/wp-json\/wp\/v2\/users\/3"}],"replies":[{"embeddable":true,"href":"https:\/\/vocesparalelas.com.ar\/sitio\/wp-json\/wp\/v2\/comments?post=53653"}],"version-history":[{"count":1,"href":"https:\/\/vocesparalelas.com.ar\/sitio\/wp-json\/wp\/v2\/posts\/53653\/revisions"}],"predecessor-version":[{"id":53655,"href":"https:\/\/vocesparalelas.com.ar\/sitio\/wp-json\/wp\/v2\/posts\/53653\/revisions\/53655"}],"wp:featuredmedia":[{"embeddable":true,"href":"https:\/\/vocesparalelas.com.ar\/sitio\/wp-json\/wp\/v2\/media\/48168"}],"wp:attachment":[{"href":"https:\/\/vocesparalelas.com.ar\/sitio\/wp-json\/wp\/v2\/media?parent=53653"}],"wp:term":[{"taxonomy":"category","embeddable":true,"href":"https:\/\/vocesparalelas.com.ar\/sitio\/wp-json\/wp\/v2\/categories?post=53653"},{"taxonomy":"post_tag","embeddable":true,"href":"https:\/\/vocesparalelas.com.ar\/sitio\/wp-json\/wp\/v2\/tags?post=53653"}],"curies":[{"name":"wp","href":"https:\/\/api.w.org\/{rel}","templated":true}]}}