{"id":53634,"date":"2022-10-18T21:08:41","date_gmt":"2022-10-19T00:08:41","guid":{"rendered":"https:\/\/vocesparalelas.com.ar\/sitio\/?p=53634"},"modified":"2022-10-18T21:08:41","modified_gmt":"2022-10-19T00:08:41","slug":"firma-de-convenio-que-permite-obtener-165-millones-para-equipar-la-brigada-forestal-de-san-juan","status":"publish","type":"post","link":"https:\/\/vocesparalelas.com.ar\/sitio\/firma-de-convenio-que-permite-obtener-165-millones-para-equipar-la-brigada-forestal-de-san-juan\/","title":{"rendered":"Firma de convenio que permite obtener $165 millones para equipar la Brigada Forestal de San Juan"},"content":{"rendered":"<p>En la jornada del Martes, 18 de Octubre de 2022, el gobernador de San Juan, Dr. Sergio U\u00f1ac, junto al secretario de Ambiente de la Provincia, Francisco Guevara, firm\u00f3 un convenio con el ministro de Ambiente, Ing. Juan Cabandi\u00e9, por 165 millones de pesos, aportados por el fondo fiduciario existente con el BICE Fideicomisos SA, para optimizar el sistema de manejo de fuego en la provincia de San Juan.<\/p>\n<p>Los fondos estar\u00e1n destinados a la adquisici\u00f3n de herramientas para el combate directo de los incendios forestales en las \u00e1reas protegidas, en un trabajo conjunto entre secretar\u00edas de Estado.<\/p>\n<p>Adem\u00e1s, se rubric\u00f3 la entrega de una autobomba, un cami\u00f3n volcador, camioneta 4&#215;4 y una chipeadora mientras que el dinero ser\u00e1 destinado a la compra de c\u00e1maras t\u00e9rmicas, cascos, mochilas, ropa ign\u00edfuga y herramientas para los 150 brigadistas que la conforman. De esta manera, San Juan es destinataria de una inversi\u00f3n total de 165 millones de pesos.<\/p>\n<p>Tras la firma del convenio, el gobernador Dr. Sergio U\u00f1ac se refiri\u00f3 a la problem\u00e1tica de los incendios forestales y consider\u00f3 que \u00abes importante estar a la altura con nuestros recursos humanos y materiales para poder enfrentar este contexto relacionado con el cambio clim\u00e1tico\u00bb.<\/p>\n<p>El mandatario seguidamente valor\u00f3 la gesti\u00f3n por parte de la Provincia de \u00abm\u00e1s recursos operativos y log\u00edsticos que nos permitir\u00e1n actuar r\u00e1pidamente para proteger los recursos naturales y la seguridad de los sanjuaninos\u00bb.<\/p>\n<p>Por su parte, Guevara detall\u00f3 cu\u00e1les son los recursos que Naci\u00f3n destin\u00f3 a San Juan y su importancia en el combate de incendios forestales \u201cen una gesti\u00f3n integral, para continuar fortaleciendo la concientizaci\u00f3n y prevenci\u00f3n, con estos recursos, que permiten el manejo del fuego de manera directa y luego la remediaci\u00f3n\u201d, concluy\u00f3.<\/p>\n<div class=\"itemBody\">\n<div class=\"itemFullText\">\n<p>La Brigada de Incendios Forestales fue creada en el marco del Sistema Federal de Manejo de Fuego, encargado de la coordinaci\u00f3n de los recursos requeridos para el combate de incendios forestales, rurales o de interfase, al cual la provincia adhiere a trav\u00e9s de la firma de un convenio entre la Secretar\u00eda de Estado de Ambiente y Desarrollo Sustentable y la Secretar\u00eda de Estado de Seguridad y Orden P\u00fablico, realizado en el mes de abril.<\/p>\n<p>El equipo especializado tiene como funciones prevenir, alertar y combatir incendios forestales en todo el \u00e1mbito de la provincia. Est\u00e1 integrado por la Brigada Verde, la Direcci\u00f3n de Protecci\u00f3n Civil, Polic\u00eda de San Juan, Cuartel Central de Bomberos y Bomberos Voluntarios.<\/p>\n<p>La Brigada Forestal comenz\u00f3 en el mes de junio con una serie de capacitaciones, brindadas desde el \u00e1mbito nacional como provincial, con el objetivo de reforzarla e incorporar nuevos agentes para brindar apoyo log\u00edstico en casos de siniestro; priorizar la seguridad en todas las etapas del combate; aplicar la t\u00e9cnica adecuada para utilizar herramientas manuales, equipos motorizados livianos y equipos de bombeo.<\/p>\n<p><span style=\"color: #339966;\"><strong>Los bienes que recibir\u00e1 la Provincia<\/strong><\/span><\/p>\n<p>El acuerdo se firm\u00f3 por 1 cami\u00f3n volcador, con un costo de $19.498.048; 1 chipeadora, $6.704.800; 1 autobomba, $57.500.000 y 1 camioneta, $15.600.000, lo que totaliza una suma de $100.000.000.<\/p>\n<p>A lo mencionado, se suman $65.500.000 para la adquisici\u00f3n de:<\/p>\n<ul>\n<li>150 trajes forestales, 150 cascos, 150 pares de botas, 150 antiparras.<\/li>\n<li>150 mochilas forestales (18 litros).<\/li>\n<li>150 linternas \u00e1ngulo recto, 150 para casco, 150 recargables y 150 de escena.<\/li>\n<li>200 capuchas ign\u00edfugas y 200 guantes.<\/li>\n<li>30 lanzas de 25 mm y 30 mangueras de 25 metros.<\/li>\n<li>20 c\u00e1maras termogr\u00e1ficas.<\/li>\n<\/ul>\n<\/div>\n<div class=\"clr\"><\/div>\n<div class=\"itemContentFooter\"><span class=\"itemDateModified\">Publicado el Martes, 18 de Octubre de 2022<\/span><\/p>\n<div class=\"clr\"><\/div>\n<\/div>\n<\/div>\n","protected":false},"excerpt":{"rendered":"<p>En la jornada del Martes, 18 de Octubre de 2022, el gobernador de San Juan, Dr. Sergio U\u00f1ac, junto al<\/p>\n","protected":false},"author":3,"featured_media":53636,"comment_status":"closed","ping_status":"closed","sticky":false,"template":"","format":"standard","meta":{"_acf_changed":false,"_seopress_robots_primary_cat":"none","_seopress_titles_title":"","_seopress_titles_desc":"","_seopress_robots_index":"","colormag_page_container_layout":"default_layout","colormag_page_sidebar_layout":"default_layout","footnotes":""},"categories":[1],"tags":[],"class_list":["post-53634","post","type-post","status-publish","format-standard","has-post-thumbnail","hentry","category-destacadas"],"acf":[],"_links":{"self":[{"href":"https:\/\/vocesparalelas.com.ar\/sitio\/wp-json\/wp\/v2\/posts\/53634","targetHints":{"allow":["GET"]}}],"collection":[{"href":"https:\/\/vocesparalelas.com.ar\/sitio\/wp-json\/wp\/v2\/posts"}],"about":[{"href":"https:\/\/vocesparalelas.com.ar\/sitio\/wp-json\/wp\/v2\/types\/post"}],"author":[{"embeddable":true,"href":"https:\/\/vocesparalelas.com.ar\/sitio\/wp-json\/wp\/v2\/users\/3"}],"replies":[{"embeddable":true,"href":"https:\/\/vocesparalelas.com.ar\/sitio\/wp-json\/wp\/v2\/comments?post=53634"}],"version-history":[{"count":1,"href":"https:\/\/vocesparalelas.com.ar\/sitio\/wp-json\/wp\/v2\/posts\/53634\/revisions"}],"predecessor-version":[{"id":53637,"href":"https:\/\/vocesparalelas.com.ar\/sitio\/wp-json\/wp\/v2\/posts\/53634\/revisions\/53637"}],"wp:featuredmedia":[{"embeddable":true,"href":"https:\/\/vocesparalelas.com.ar\/sitio\/wp-json\/wp\/v2\/media\/53636"}],"wp:attachment":[{"href":"https:\/\/vocesparalelas.com.ar\/sitio\/wp-json\/wp\/v2\/media?parent=53634"}],"wp:term":[{"taxonomy":"category","embeddable":true,"href":"https:\/\/vocesparalelas.com.ar\/sitio\/wp-json\/wp\/v2\/categories?post=53634"},{"taxonomy":"post_tag","embeddable":true,"href":"https:\/\/vocesparalelas.com.ar\/sitio\/wp-json\/wp\/v2\/tags?post=53634"}],"curies":[{"name":"wp","href":"https:\/\/api.w.org\/{rel}","templated":true}]}}