{"id":53630,"date":"2022-10-18T20:53:57","date_gmt":"2022-10-18T23:53:57","guid":{"rendered":"https:\/\/vocesparalelas.com.ar\/sitio\/?p=53630"},"modified":"2022-10-18T21:01:33","modified_gmt":"2022-10-19T00:01:33","slug":"definieron-los-asuntos-de-la-decimocuarta-sesion-en-la-labor-parlamentaria-de-san-juan","status":"publish","type":"post","link":"https:\/\/vocesparalelas.com.ar\/sitio\/definieron-los-asuntos-de-la-decimocuarta-sesion-en-la-labor-parlamentaria-de-san-juan\/","title":{"rendered":"Definieron los asuntos de la Decimocuarta Sesi\u00f3n en la Labor Parlamentaria de San Juan"},"content":{"rendered":"<div class=\"itemFullText jbintrotext\">\n<p>En el transcurso de la ma\u00f1ana del Martes, 18 de Octubre de 2022, los diputados titulares de los bloques que forman parte del Poder Legislativo de San Juan definieron en la reuni\u00f3n de labor parlamentaria los temas del orden del d\u00eda de la Decimocuarta Sesi\u00f3n del per\u00edodo ordinario 2022 a realizarse el Jueves, 20 de Octubre.<\/p>\n<\/div>\n<div class=\"itemFullText\">\n<p>El encuentro fue llevado a cabo en el recinto de sesiones. Estuvo encabezado por el vicepresidente segundo, diputado Carlos Platero, acompa\u00f1ado por el secretario Legislativo, Dr. Nicol\u00e1s Alvo. Adem\u00e1s, particip\u00f3 el vicepresidente alterno, diputado DR. Edgardo Sancassani; y los presidentes de los bloques Producci\u00f3n y Trabajo, Sergio Miodowsky; Bloquista, Andr\u00e9s Chanampa; CONFE-Somos San Juan, Florencia Pe\u00f1aloza; Lealtad Justicialista, Juan Carlos Gioja; Frente Grande-Unidad Ciudadana, Horacio Quiroga; Del Este, Marcelo Mallea; San Juan Primero, Enrique Monta\u00f1o, ACTUAR, Gustavo Us\u00edn; y PRO- Juntos por el Cambio, Enzo Cornejo.<\/p>\n<p>Los asuntos que determinaron para tratar en la sesi\u00f3n son los siguientes:<\/p>\n<p><span style=\"color: #800080;\"><strong>Convenio con Cannabis Medicinal San Juan Sociedad del Estado<\/strong><\/span><\/p>\n<p>Tras despachos de las respectivas comisiones legislativas, el cuerpo parlamentario abordar\u00e1 un proyecto de Ley remitido por el Poder Ejecutivo mediante mensaje N\u00ba 53 que propone la aprobaci\u00f3n del Convenio Marco de Cooperaci\u00f3n, suscripto entre el Ministerio de Producci\u00f3n y Desarrollo Econ\u00f3mico, Ministerio de Salud P\u00fablica y Cannabis Medicinal San Juan Sociedad del Estado.<\/p>\n<p>Cabe se\u00f1alar que la Sociedad del Estado fue creada mediante la Ley N\u00b0 1951 bajo la denominaci\u00f3n Cannabis Medicinal Sociedad del Estado (Ca.Me.San Juan S.E.), cuyo objetivo es la investigaci\u00f3n cient\u00edfica del cannabis en la provincia, y las relaciones de la Sociedad con el Gobierno provincial se efectuara a trav\u00e9s del Ministerio de Salud P\u00fablica.<\/p>\n<p>Este acuerdo tiene como objetivo realizar trabajos conjuntos que resulta de inter\u00e9s com\u00fan de las Partes y establecer acciones destinadas a alcanzar la optimizaci\u00f3n de sus propias misiones y funciones, en el marco de sus respectivas competencias, actividades u objetos estatutarios.<\/p>\n<p><span style=\"color: #800080;\"><strong>Convenio con el Entre Nacional de Obras H\u00eddricas de Saneamiento<\/strong><\/span><\/p>\n<p>Luego, los legisladores tratar\u00e1n un proyecto de Ley del Poder Ejecutivo, presentado mediante mensaje N\u00ba 55, el cual propone ratificar un Convenio de Asistencia Financiera, suscripto entre el Ente Nacional de Obras H\u00eddricas de Saneamiento, y la Provincia de San, el d\u00eda 9 de agosto de 2022.<\/p>\n<p>El objeto del presente acuerdo consiste en la asistencia financiera otorgada por el Ente Nacional de Obras H\u00eddricas de Saneamiento-ENOHSA a la Provincia de San Juan, para la ejecuci\u00f3n de las obras: Sistema Cloacal Barreal &#8211; departamento Calingasta; Sistema Cloacal La Bebida &#8211; departamento Rivadavia; Sistema Integral de Provisi\u00f3n y Refuerzo de Agua Potable Albard\u00f3n, departamento Albard\u00f3n; \u00a0Optimizaci\u00f3n y ejecuci\u00f3n de mejoras en Establecimiento Depurador Bajo Segura\u00bb, departamento Santa Luc\u00eda; Acueducto Sur, departamento Sarmiento; Sistema Integral de Provisi\u00f3n de Agua Potable El M\u00e9dano de Oro, departamento Rawson.<\/p>\n<p>Cabe se\u00f1alar que la provincia de San Juan designa como responsable de la gesti\u00f3n del financiamiento y\/o ejecuci\u00f3n de las obras a Obras Sanitarias Sociedad del Estado-OSSE.<\/p>\n<p><span style=\"color: #800080;\"><strong>Funcionamiento de la ENERC<\/strong><\/span><\/p>\n<p>Despu\u00e9s, los diputados considerar\u00e1n un proyecto de Ley presentado por el Poder Ejecutivo, mediante mensaje N\u00ba 57, el cual propone aprobar un convenio espec\u00edfico firmado el 1 de julio de 2022 por entre el Gobierno de la Provincia de San Juan, representado por el Ministerio de Turismo y Cultura de la Provincia de San Juan, a trav\u00e9s de su titular, Claudia Grynszpan y el Instituto Nacional de Cine y Artes Visuales (INCAA), representado por su vicepresidente en ejercicio de la Presidencia, Nicol\u00e1s Daniel Baffle.<\/p>\n<p>Cabe destacar que este convenio estipula todo lo concerniente al funcionamiento de la instituci\u00f3n educativa Escuela Nacional de Experimentaci\u00f3n y Realizaci\u00f3n Cinematogr\u00e1fica (ENERC) Sede Cuyo, al establecer las obligaciones que asumir\u00e1n las partes en cuanto a la organizaci\u00f3n, mantenimiento y funcionamiento de la sede regional ubicada en la provincia.<\/p>\n<p><span style=\"color: #800080;\"><strong>Implementaci\u00f3n del Centro de An\u00e1lisis Integral de la Informaci\u00f3n sobre Delitos y Violencias<\/strong><\/span><\/p>\n<p>A continuaci\u00f3n, la C\u00e1mara de Diputados pondr\u00e1 a consideraci\u00f3n un proyecto de Ley remitido por el Ejecutivo, mediante mensaje N\u00ba 59, el cual propone ratificar el Acta de Implementaci\u00f3n del Centro de An\u00e1lisis Integral de la Informaci\u00f3n sobre Delitos y Violencias entre el Ministerio de Seguridad de la Naci\u00f3n, representado por su titular, ministro de Seguridad de la Naci\u00f3n, An\u00edbal Fern\u00e1ndez, la provincia de San Juan representada por el gobernador, Dr. Sergio U\u00f1ac y la Secretar\u00eda de Estado de Seguridad y Orden P\u00fablico de San Juan, representada por su secretario, Carlos Munisaga.<\/p>\n<p>El objeto de este acuerdo consiste en establecer las pautas y condiciones entre las partes para implementar el Centro de An\u00e1lisis Integral De la Informaci\u00f3n sobre Delitos y Violencias de la Provincia de San Juan.<\/p>\n<p><span style=\"color: #800080;\"><strong>Detecci\u00f3n, prevenci\u00f3n e investigaci\u00f3n en materia de ciberdelitos y ciberseguridad<\/strong><\/span><\/p>\n<p>M\u00e1s tarde, la Legislatura someter\u00e1 a votaci\u00f3n un proyecto de Ley presentado por el Poder Ejecutivo, mediante mensaje N\u00ba 60, el cual propone ratificar el Convenio Espec\u00edfico de Adhesi\u00f3n del Programa de Fortalecimiento en Ciberseguridad y de Investigaci\u00f3n del Cibercrimen (ForCic),entre el Ministerio de Seguridad de la Naci\u00f3n, representado por su titular, ministro de Seguridad de la Naci\u00f3n, An\u00edbal Fern\u00e1ndez, la Provincia de San Juan representada por el gobernador Sergio U\u00f1ac y la Secretar\u00eda de Estado de Seguridad y Orden P\u00fablico de la provincia de San Juan representada por su secretario, Carlos Munisaga.<\/p>\n<p>Cabe se\u00f1alar que el objeto de este acuerdo espec\u00edfico buscar establecer entre las partes acciones conjuntas de cooperaci\u00f3n y colaboraci\u00f3n, conforme sus competencias, para la detecci\u00f3n, prevenci\u00f3n e investigaci\u00f3n en materia de ciberdelito y ciberseguridad. Para ello, la provincia de San Juan se compromete a crear y fortalecer, de acuerdo con sus capacidades institucionales existentes, un \u00e1rea policial espec\u00edfica de prevenci\u00f3n, detecci\u00f3n e investigaci\u00f3n del cibercrimen. Aportar\u00e1 y ser\u00e1 responsable de proveer la infraestructura edilicia, el mobiliario y el personal.<\/p>\n<p>Por su parte, el Ministerio de Seguridad de la Naci\u00f3n, pone a disposici\u00f3n de la provincia de San Juan las capacitaciones de ciberseguridad, ciberdelito y forense digital, as\u00ed como la asistencia t\u00e9cnica y log\u00edstica necesarias de las mismas.<\/p>\n<p><span style=\"color: #800080;\"><strong>Plan Estrat\u00e9gico Regional<\/strong><\/span><\/p>\n<p>Acto seguido, la C\u00e1mara de Diputados tratar\u00e1 un proyecto de Ley presentado por el Poder Ejecutivo, mediante mensaje N\u00ba 64, el cual propone aprobar un Convenio Marco de Colaboraci\u00f3n celebrado entre el Ministerio de Obras y Servicios P\u00fablicos de la provincia de San Juan, representado por su titular, Julio Ortiz Andino; y el Ministerio de Planificaci\u00f3n e Infraestructura P\u00fablica de la Provincia de Mendoza, representado por Mario Sebasti\u00e1n Isgr\u00f3.<\/p>\n<p>A partir de este acuerdo, el Ministerio de Obras y Servicios P\u00fablicos de la Provincia de San Juan conjuntamente con el Ministerio de Planificaci\u00f3n e Infraestructura P\u00fablica de la Provincia de Mendoza se comprometen a desarrollar un Plan Estrat\u00e9gico Regional que permita definir criterios comunes y asistencia t\u00e9cnica mutua en lo relativo a la competencia de cada ministerio, teniendo en cuenta el car\u00e1cter transversal de la agenda de trabajo; gestionar acciones de colaboraci\u00f3n y concentraci\u00f3n entre actores diversos para favorecer la asistencia t\u00e9cnica y colaboraci\u00f3n institucional. Adem\u00e1s, a trav\u00e9s del presente acuerdo se da cumplimiento a diversas pautas que favorecer\u00e1n el desarrollo de la regi\u00f3n y permitir\u00e1 gestionar un plan de colaboraci\u00f3n mutua de planificaci\u00f3n en los asuntos que guardan relaci\u00f3n de ambos ministerios.<\/p>\n<p><span style=\"color: #800080;\"><strong>Proyectos de Resoluci\u00f3n<\/strong><\/span><\/p>\n<p>Posteriormente, el cuerpo legislativo someter\u00e1 a votaci\u00f3n los siguientes proyectos de Resoluci\u00f3n que proponen declarar de inter\u00e9s:<\/p>\n<ul>\n<li>Cient\u00edfico, Educativo y Social el \u201c1\u00b0 Congreso Cuyano de Enfermer\u00eda\u201d, denominado \u00abAvance profesional: liderando el cambio\u00bb, a realizarse en la provincia de San Juan, los d\u00edas 18 y 19 de noviembre de 2022. (Diputada Celina Ramella)<\/li>\n<li>Educativo, Social y Cultural la Jornada Taller \u00abIntroducci\u00f3n a la Mediaci\u00f3n Escolar entre Pares\u00bb. T\u00e9cnicas de resoluci\u00f3n de conflictos en forma pac\u00edfica\u00bb, organizada por la Asociaci\u00f3n civil \u00abSociedad Italiana Dante Alighieri\u00bb, y que se realizar\u00e1 en la provincia de San Juan, el d\u00eda 21 de octubre de 2022. (Diputada Celina Ramella)<\/li>\n<li>Cultural y Educativo el \u00abPrimer Encuentro de Investigaci\u00f3n e Interculturalidad en San Juan: Divulgaci\u00f3n e Intercambio de Experiencias, Narrativas y Proyectos en Territorios Diversos\u00bb, a realizarse los d\u00edas 3 y 4 de noviembre de 2022, organizado por el Instituto Superior de Formaci\u00f3n Docente de la Escuela Normal Superior General San Mart\u00edn. (Diputada Graciela Seva)<\/li>\n<li>Cultural, Cient\u00edfico y Educativo Provincial a las Jornadas y actividades de Concientizaci\u00f3n y Prevenci\u00f3n del C\u00e1ncer de Mamas desarrollas por el Colegio Fisiokin\u00e9sico de San Juan, en el marco de \u00abMes Rosa\u00bb. (Diputado Enzo Cornejo)<\/li>\n<li>Provincial, Cultural, Educativo, Cient\u00edfico y Social al evento, \u00abAves en Libertad\u00bb y \u00abLas Aves Conectan Nuestro Mundo\u00bb, organizado por la Secretaria de Ambiente y Desarrollo Sustentable, de la Provincia de San Juan. (Diputada Florencia Pe\u00f1aloza)<\/li>\n<li>Social, Educativo y Sanitario las \u00abXII Jornadas Hospitalarias del hospital Marcial Quiroga Dr. Jorge Oliva. Tema: Cuidar, Cuidarse, Cuidarnos, mejorar la calidad de vida de los profesionales de la salud, organizado por el comit\u00e9 de Docencia e investigaci\u00f3n de dicho hospital y a realizarse del 3 al 4 de noviembre del corriente a\u00f1o. (Diputado Gustavo Rodr\u00edguez)<\/li>\n<li>Provincial, Deportivo, Tur\u00edstico y Social el \u00abWorld Skate Games Argentina 2022\u00bb. A realizarse a partir del 23 de octubre hasta el 13 de noviembre. (Diputado Juan Jos\u00e9 Chica)<\/li>\n<\/ul>\n<p>Y, por \u00faltimo, considerar\u00e1 un proyecto de Resoluci\u00f3n de autor\u00eda del diputado Rodolfo Jalife que resuelve designar al Titular de Vocal\u00eda N\u00b0 IV del Tribunal de Cuentas de la provincia de San Juan, a los efectos de dar cumplimiento a lo establecido en el art\u00edculo N\u00b0 120 de la Ley 1.100-E, quien tendr\u00e1 intervenci\u00f3n en la Cuenta General del Ejercicio 2.022 de este Organismo.<\/p>\n<figure id=\"attachment_37951\" aria-describedby=\"caption-attachment-37951\" style=\"width: 800px\" class=\"wp-caption alignnone\"><img loading=\"lazy\" decoding=\"async\" class=\"size-full wp-image-37951\" src=\"https:\/\/vocesparalelas.com.ar\/sitio\/wp-content\/uploads\/2021\/05\/CAMARA-EDIFICIO.jpg\" alt=\"\" width=\"800\" height=\"515\" srcset=\"https:\/\/vocesparalelas.com.ar\/sitio\/wp-content\/uploads\/2021\/05\/CAMARA-EDIFICIO.jpg 800w, https:\/\/vocesparalelas.com.ar\/sitio\/wp-content\/uploads\/2021\/05\/CAMARA-EDIFICIO-300x193.jpg 300w, https:\/\/vocesparalelas.com.ar\/sitio\/wp-content\/uploads\/2021\/05\/CAMARA-EDIFICIO-768x494.jpg 768w\" sizes=\"auto, (max-width: 800px) 100vw, 800px\" \/><figcaption id=\"caption-attachment-37951\" class=\"wp-caption-text\">Legislatura Provincial<\/figcaption><\/figure>\n<p>Publicado el Martes, 18 de Octubre de 2022<\/p>\n<\/div>\n","protected":false},"excerpt":{"rendered":"<p>En el transcurso de la ma\u00f1ana del Martes, 18 de Octubre de 2022, los diputados titulares de los bloques que<\/p>\n","protected":false},"author":3,"featured_media":53632,"comment_status":"closed","ping_status":"closed","sticky":false,"template":"","format":"standard","meta":{"_acf_changed":false,"_seopress_robots_primary_cat":"none","_seopress_titles_title":"","_seopress_titles_desc":"","_seopress_robots_index":"","colormag_page_container_layout":"default_layout","colormag_page_sidebar_layout":"default_layout","footnotes":""},"categories":[1],"tags":[],"class_list":["post-53630","post","type-post","status-publish","format-standard","has-post-thumbnail","hentry","category-destacadas"],"acf":[],"_links":{"self":[{"href":"https:\/\/vocesparalelas.com.ar\/sitio\/wp-json\/wp\/v2\/posts\/53630","targetHints":{"allow":["GET"]}}],"collection":[{"href":"https:\/\/vocesparalelas.com.ar\/sitio\/wp-json\/wp\/v2\/posts"}],"about":[{"href":"https:\/\/vocesparalelas.com.ar\/sitio\/wp-json\/wp\/v2\/types\/post"}],"author":[{"embeddable":true,"href":"https:\/\/vocesparalelas.com.ar\/sitio\/wp-json\/wp\/v2\/users\/3"}],"replies":[{"embeddable":true,"href":"https:\/\/vocesparalelas.com.ar\/sitio\/wp-json\/wp\/v2\/comments?post=53630"}],"version-history":[{"count":1,"href":"https:\/\/vocesparalelas.com.ar\/sitio\/wp-json\/wp\/v2\/posts\/53630\/revisions"}],"predecessor-version":[{"id":53633,"href":"https:\/\/vocesparalelas.com.ar\/sitio\/wp-json\/wp\/v2\/posts\/53630\/revisions\/53633"}],"wp:featuredmedia":[{"embeddable":true,"href":"https:\/\/vocesparalelas.com.ar\/sitio\/wp-json\/wp\/v2\/media\/53632"}],"wp:attachment":[{"href":"https:\/\/vocesparalelas.com.ar\/sitio\/wp-json\/wp\/v2\/media?parent=53630"}],"wp:term":[{"taxonomy":"category","embeddable":true,"href":"https:\/\/vocesparalelas.com.ar\/sitio\/wp-json\/wp\/v2\/categories?post=53630"},{"taxonomy":"post_tag","embeddable":true,"href":"https:\/\/vocesparalelas.com.ar\/sitio\/wp-json\/wp\/v2\/tags?post=53630"}],"curies":[{"name":"wp","href":"https:\/\/api.w.org\/{rel}","templated":true}]}}