{"id":53607,"date":"2022-10-17T21:36:20","date_gmt":"2022-10-18T00:36:20","guid":{"rendered":"https:\/\/vocesparalelas.com.ar\/sitio\/?p=53607"},"modified":"2022-10-21T00:57:03","modified_gmt":"2022-10-21T03:57:03","slug":"maraton-de-la-eidfs-de-la-unsj-en-sus-150-aniversario","status":"publish","type":"post","link":"https:\/\/vocesparalelas.com.ar\/sitio\/maraton-de-la-eidfs-de-la-unsj-en-sus-150-aniversario\/","title":{"rendered":"Marat\u00f3n de la EIDFS de la UNSJ en sus 150\u00b0 Aniversario"},"content":{"rendered":"<p>El Instituta Preuniversitario de la UNSJ Escuela Industrial Domingo F. Sarmiento organiz\u00f3 y desarroll\u00f3 la Marat\u00f3n de la EIDFS de la UNSJ en los 150\u00b0 Aniversario que sali\u00f3 de la instituci\u00f3n y lleg\u00f3 al Complejo Deportivo de la UNSJ \u00abEl Palomar\u00bb.<\/p>\n<p>Se luci\u00f3 en el recorrido porque hubieron muchos premios para los participantes con el orgullo de formar parte de la comunidad educativa \u00abEIDFS de la UNSJ\u00bb.<\/p>\n<p>Por ello, Voces Paralelas, desarroll\u00f3 una entrevista period\u00edstica al Director de la EIDFS de la UNSJ, Ing. Jorge Guti\u00e9rrez, quien destac\u00f3 la importancia de la marat\u00f3n donde se sumaron alumnos, docentes, nodocentes, padres, madres y familia.<\/p>\n<figure id=\"attachment_53611\" aria-describedby=\"caption-attachment-53611\" style=\"width: 800px\" class=\"wp-caption alignnone\"><img loading=\"lazy\" decoding=\"async\" class=\"size-full wp-image-53611\" src=\"https:\/\/vocesparalelas.com.ar\/sitio\/wp-content\/uploads\/2022\/10\/EIDFS-MARATON-02.jpg\" alt=\"\" width=\"800\" height=\"533\" srcset=\"https:\/\/vocesparalelas.com.ar\/sitio\/wp-content\/uploads\/2022\/10\/EIDFS-MARATON-02.jpg 800w, https:\/\/vocesparalelas.com.ar\/sitio\/wp-content\/uploads\/2022\/10\/EIDFS-MARATON-02-300x200.jpg 300w, https:\/\/vocesparalelas.com.ar\/sitio\/wp-content\/uploads\/2022\/10\/EIDFS-MARATON-02-768x512.jpg 768w\" sizes=\"auto, (max-width: 800px) 100vw, 800px\" \/><figcaption id=\"caption-attachment-53611\" class=\"wp-caption-text\">Profesora Liliana Fern\u00e1ndez junto al Director de la EIDFS de la UNSJ, Ing. Jorge Guti\u00e9rrez<\/figcaption><\/figure>\n<p>&nbsp;<\/p>\n<p><iframe loading=\"lazy\" title=\"EIDFS UNSJ ING JORGE GUTI\u00c9RREZ\" width=\"800\" height=\"450\" src=\"https:\/\/www.youtube.com\/embed\/dtLn1DQTryU?feature=oembed\" frameborder=\"0\" allow=\"accelerometer; autoplay; clipboard-write; encrypted-media; gyroscope; picture-in-picture\" allowfullscreen><\/iframe><\/p>\n<p>La llegada del primeros participantes llenaron el coraz\u00f3n del triunfo personal e institucional donde los organizadores aplaudieron por la finalizaci\u00f3n de la Marat\u00f3n a los 150\u00b0 A\u00f1os de la EIDFS de la UNSJ.<\/p>\n<p><img loading=\"lazy\" decoding=\"async\" class=\"alignnone size-full wp-image-53684\" src=\"https:\/\/vocesparalelas.com.ar\/sitio\/wp-content\/uploads\/2022\/10\/EIDFS-PREMIOS.jpg\" alt=\"\" width=\"800\" height=\"600\" srcset=\"https:\/\/vocesparalelas.com.ar\/sitio\/wp-content\/uploads\/2022\/10\/EIDFS-PREMIOS.jpg 800w, https:\/\/vocesparalelas.com.ar\/sitio\/wp-content\/uploads\/2022\/10\/EIDFS-PREMIOS-300x225.jpg 300w, https:\/\/vocesparalelas.com.ar\/sitio\/wp-content\/uploads\/2022\/10\/EIDFS-PREMIOS-768x576.jpg 768w\" sizes=\"auto, (max-width: 800px) 100vw, 800px\" \/><\/p>\n<p><span style=\"color: #0000ff;\"><strong>Varones<\/strong><\/span><\/p>\n<p>1\u00b0 Paulo Toledo<\/p>\n<p>2\u00b0Lisandro Pastor<\/p>\n<p>3\u00b0 Emanuel Yacanto<\/p>\n<p><img loading=\"lazy\" decoding=\"async\" class=\"alignnone size-full wp-image-53613\" src=\"https:\/\/vocesparalelas.com.ar\/sitio\/wp-content\/uploads\/2022\/10\/EIDFS-MARATON-04.jpg\" alt=\"\" width=\"800\" height=\"533\" srcset=\"https:\/\/vocesparalelas.com.ar\/sitio\/wp-content\/uploads\/2022\/10\/EIDFS-MARATON-04.jpg 800w, https:\/\/vocesparalelas.com.ar\/sitio\/wp-content\/uploads\/2022\/10\/EIDFS-MARATON-04-300x200.jpg 300w, https:\/\/vocesparalelas.com.ar\/sitio\/wp-content\/uploads\/2022\/10\/EIDFS-MARATON-04-768x512.jpg 768w\" sizes=\"auto, (max-width: 800px) 100vw, 800px\" \/><\/p>\n<p><iframe loading=\"lazy\" title=\"EIDFS UNSJ MARAT\u00d3N 150\u00b0ANIVERSARIO\" width=\"800\" height=\"450\" src=\"https:\/\/www.youtube.com\/embed\/e_4rHycVBZg?feature=oembed\" frameborder=\"0\" allow=\"accelerometer; autoplay; clipboard-write; encrypted-media; gyroscope; picture-in-picture\" allowfullscreen><\/iframe><\/p>\n<p><strong><span style=\"color: #0000ff;\">Mujeres<\/span><\/strong><\/p>\n<p>1\u00b0 \u00c9rica Herrera<\/p>\n<p>2\u00b0 Soledad Herrera<\/p>\n<p>3\u00b0 Victoria Dangelo<\/p>\n<p>&nbsp;<\/p>\n<p><img loading=\"lazy\" decoding=\"async\" class=\"alignnone size-full wp-image-53614\" src=\"https:\/\/vocesparalelas.com.ar\/sitio\/wp-content\/uploads\/2022\/10\/EIDFS-MARATON-05.jpg\" alt=\"\" width=\"800\" height=\"533\" srcset=\"https:\/\/vocesparalelas.com.ar\/sitio\/wp-content\/uploads\/2022\/10\/EIDFS-MARATON-05.jpg 800w, https:\/\/vocesparalelas.com.ar\/sitio\/wp-content\/uploads\/2022\/10\/EIDFS-MARATON-05-300x200.jpg 300w, https:\/\/vocesparalelas.com.ar\/sitio\/wp-content\/uploads\/2022\/10\/EIDFS-MARATON-05-768x512.jpg 768w\" sizes=\"auto, (max-width: 800px) 100vw, 800px\" \/><\/p>\n<p><iframe loading=\"lazy\" title=\"EIDFS UNSJ MARAT\u00d3N 150\u00b0 ANIVERSARIO\" width=\"800\" height=\"450\" src=\"https:\/\/www.youtube.com\/embed\/YPkqwffQPoI?feature=oembed\" frameborder=\"0\" allow=\"accelerometer; autoplay; clipboard-write; encrypted-media; gyroscope; picture-in-picture\" allowfullscreen><\/iframe><\/p>\n<p>&nbsp;<\/p>\n<p>Otros participantes llegaron felices de lograr la meta.<\/p>\n<p><iframe loading=\"lazy\" title=\"EIDFS UNSJ MARAT\u00d3N 150\u00b0ANIVERSARIO\" width=\"800\" height=\"450\" src=\"https:\/\/www.youtube.com\/embed\/6h6Hu5lasYw?feature=oembed\" frameborder=\"0\" allow=\"accelerometer; autoplay; clipboard-write; encrypted-media; gyroscope; picture-in-picture\" allowfullscreen><\/iframe><\/p>\n<p>Se distingui\u00f3, destac\u00f3 y premiaron la participaci\u00f3n especial de varios corredores.<\/p>\n<ul>\n<li>Menci\u00f3n al participante con m\u00e1s edad Mario Yacante<\/li>\n<\/ul>\n<figure id=\"attachment_53612\" aria-describedby=\"caption-attachment-53612\" style=\"width: 800px\" class=\"wp-caption alignnone\"><img loading=\"lazy\" decoding=\"async\" class=\"size-full wp-image-53612\" src=\"https:\/\/vocesparalelas.com.ar\/sitio\/wp-content\/uploads\/2022\/10\/EIDFS-MARATON-03.jpg\" alt=\"\" width=\"800\" height=\"533\" srcset=\"https:\/\/vocesparalelas.com.ar\/sitio\/wp-content\/uploads\/2022\/10\/EIDFS-MARATON-03.jpg 800w, https:\/\/vocesparalelas.com.ar\/sitio\/wp-content\/uploads\/2022\/10\/EIDFS-MARATON-03-300x200.jpg 300w, https:\/\/vocesparalelas.com.ar\/sitio\/wp-content\/uploads\/2022\/10\/EIDFS-MARATON-03-768x512.jpg 768w\" sizes=\"auto, (max-width: 800px) 100vw, 800px\" \/><figcaption id=\"caption-attachment-53612\" class=\"wp-caption-text\">Mario Yacante<\/figcaption><\/figure>\n<p>Menci\u00f3n al Departamento de Matem\u00e1tica de la EIDFS de la UNSJ por participaci\u00f3n de los profesores<\/p>\n<p><img loading=\"lazy\" decoding=\"async\" class=\"alignnone size-full wp-image-53609\" src=\"https:\/\/vocesparalelas.com.ar\/sitio\/wp-content\/uploads\/2022\/10\/EIDFS-MATEMATICA.jpg\" alt=\"\" width=\"800\" height=\"533\" srcset=\"https:\/\/vocesparalelas.com.ar\/sitio\/wp-content\/uploads\/2022\/10\/EIDFS-MATEMATICA.jpg 800w, https:\/\/vocesparalelas.com.ar\/sitio\/wp-content\/uploads\/2022\/10\/EIDFS-MATEMATICA-300x200.jpg 300w, https:\/\/vocesparalelas.com.ar\/sitio\/wp-content\/uploads\/2022\/10\/EIDFS-MATEMATICA-768x512.jpg 768w\" sizes=\"auto, (max-width: 800px) 100vw, 800px\" \/><\/p>\n<p>&nbsp;<\/p>\n<p>Aplausos para todos los participantes por el amor a la EIDFS de la UNSJ que trabaja formando profesionales hace 150 a\u00f1os.<\/p>\n<p><img loading=\"lazy\" decoding=\"async\" class=\"alignnone size-large wp-image-14441\" src=\"https:\/\/vocesparalelas.com.ar\/sitio\/wp-content\/uploads\/2018\/08\/UNSJ-EIDFS001-800x574.jpg\" alt=\"\" width=\"800\" height=\"574\" srcset=\"https:\/\/vocesparalelas.com.ar\/sitio\/wp-content\/uploads\/2018\/08\/UNSJ-EIDFS001-800x574.jpg 800w, https:\/\/vocesparalelas.com.ar\/sitio\/wp-content\/uploads\/2018\/08\/UNSJ-EIDFS001-300x215.jpg 300w, https:\/\/vocesparalelas.com.ar\/sitio\/wp-content\/uploads\/2018\/08\/UNSJ-EIDFS001-768x551.jpg 768w, https:\/\/vocesparalelas.com.ar\/sitio\/wp-content\/uploads\/2018\/08\/UNSJ-EIDFS001.jpg 1000w\" sizes=\"auto, (max-width: 800px) 100vw, 800px\" \/><\/p>\n<p>&nbsp;<\/p>\n<p>Publicado el Lunes, 17 de Octubre de 2022<\/p>\n","protected":false},"excerpt":{"rendered":"<p>El Instituta Preuniversitario de la UNSJ Escuela Industrial Domingo F. Sarmiento organiz\u00f3 y desarroll\u00f3 la Marat\u00f3n de la EIDFS de<\/p>\n","protected":false},"author":3,"featured_media":53610,"comment_status":"closed","ping_status":"closed","sticky":false,"template":"","format":"video","meta":{"_acf_changed":false,"_seopress_robots_primary_cat":"none","_seopress_titles_title":"","_seopress_titles_desc":"","_seopress_robots_index":"","colormag_page_container_layout":"default_layout","colormag_page_sidebar_layout":"default_layout","footnotes":""},"categories":[11,7],"tags":[],"class_list":["post-53607","post","type-post","status-publish","format-video","has-post-thumbnail","hentry","category-sociales","category-videos","post_format-post-format-video"],"acf":[],"_links":{"self":[{"href":"https:\/\/vocesparalelas.com.ar\/sitio\/wp-json\/wp\/v2\/posts\/53607","targetHints":{"allow":["GET"]}}],"collection":[{"href":"https:\/\/vocesparalelas.com.ar\/sitio\/wp-json\/wp\/v2\/posts"}],"about":[{"href":"https:\/\/vocesparalelas.com.ar\/sitio\/wp-json\/wp\/v2\/types\/post"}],"author":[{"embeddable":true,"href":"https:\/\/vocesparalelas.com.ar\/sitio\/wp-json\/wp\/v2\/users\/3"}],"replies":[{"embeddable":true,"href":"https:\/\/vocesparalelas.com.ar\/sitio\/wp-json\/wp\/v2\/comments?post=53607"}],"version-history":[{"count":2,"href":"https:\/\/vocesparalelas.com.ar\/sitio\/wp-json\/wp\/v2\/posts\/53607\/revisions"}],"predecessor-version":[{"id":53686,"href":"https:\/\/vocesparalelas.com.ar\/sitio\/wp-json\/wp\/v2\/posts\/53607\/revisions\/53686"}],"wp:featuredmedia":[{"embeddable":true,"href":"https:\/\/vocesparalelas.com.ar\/sitio\/wp-json\/wp\/v2\/media\/53610"}],"wp:attachment":[{"href":"https:\/\/vocesparalelas.com.ar\/sitio\/wp-json\/wp\/v2\/media?parent=53607"}],"wp:term":[{"taxonomy":"category","embeddable":true,"href":"https:\/\/vocesparalelas.com.ar\/sitio\/wp-json\/wp\/v2\/categories?post=53607"},{"taxonomy":"post_tag","embeddable":true,"href":"https:\/\/vocesparalelas.com.ar\/sitio\/wp-json\/wp\/v2\/tags?post=53607"}],"curies":[{"name":"wp","href":"https:\/\/api.w.org\/{rel}","templated":true}]}}