{"id":53559,"date":"2022-10-14T21:43:37","date_gmt":"2022-10-15T00:43:37","guid":{"rendered":"https:\/\/vocesparalelas.com.ar\/sitio\/?p=53559"},"modified":"2022-10-15T00:43:57","modified_gmt":"2022-10-15T03:43:57","slug":"un-recorrido-por-la-expo-san-juan-minera-2022","status":"publish","type":"post","link":"https:\/\/vocesparalelas.com.ar\/sitio\/un-recorrido-por-la-expo-san-juan-minera-2022\/","title":{"rendered":"Un recorrido por la Expo San Juan Minera 2022"},"content":{"rendered":"<div class=\"itemFullText jbintrotext\">\n<p>El vicegobernador y presidente nato de la C\u00e1mara de Diputados, CPN Roberto Gattoni acompa\u00f1ado por el vicepresidente primero del cuerpo, legislador Eduardo Cabello, realiz\u00f3 una recorrida por los distintos stands de la Expo San Juan Minera \u2013 IX \u00a0Exposici\u00f3n Internacional \u201cSan Juan, factor de desarrollo de la Miner\u00eda Argentina\u201d, que comenz\u00f3 el pasado mi\u00e9rcoles 12 y culmina este viernes 14 de octubre.<\/p>\n<\/div>\n<div class=\"itemFullText\">\n<p>En tal sentido, la Expo San Juan Minera fue desarrollada en el Costanera Complejo Ferial ubicado en Chimbas y participan alrededor de doscientos expositores, con el despliegue de distintas actividades como rondas de negocios; un ciclo de conferencias denominado \u201cSan Juan Tierra Minera\u201d; la I Jornada Argentina de Ingenier\u00eda de Minas; la Mesa T\u00e9cnica Nacional de Desarrollo de Proveedores; actividades espec\u00edficas para trabajadores mineros; un encuentro nacional de mujeres mineras; una actividad para perforistas y ge\u00f3logos y la actividad Recursos Humanos y Miner\u00eda: Actividad Capacitaci\u00f3n para Estudiantes y J\u00f3venes Profesionales.<\/p>\n<p>Asimismo, fueron exhibidos distintos veh\u00edculos y maquinaria que interviene en el proceso minero; como tambi\u00e9n hubo durante las tres jornadas shows en vivo con artistas locales y nacionales.<\/p>\n<p>Publicado el Viernes, 12 de Octubre de 2022<\/p>\n<\/div>\n","protected":false},"excerpt":{"rendered":"<p>El vicegobernador y presidente nato de la C\u00e1mara de Diputados, CPN Roberto Gattoni acompa\u00f1ado por el vicepresidente primero del cuerpo,<\/p>\n","protected":false},"author":3,"featured_media":53561,"comment_status":"closed","ping_status":"closed","sticky":false,"template":"","format":"standard","meta":{"_acf_changed":false,"_seopress_robots_primary_cat":"none","_seopress_titles_title":"","_seopress_titles_desc":"","_seopress_robots_index":"","colormag_page_container_layout":"default_layout","colormag_page_sidebar_layout":"default_layout","footnotes":""},"categories":[1],"tags":[],"class_list":["post-53559","post","type-post","status-publish","format-standard","has-post-thumbnail","hentry","category-destacadas"],"acf":[],"_links":{"self":[{"href":"https:\/\/vocesparalelas.com.ar\/sitio\/wp-json\/wp\/v2\/posts\/53559","targetHints":{"allow":["GET"]}}],"collection":[{"href":"https:\/\/vocesparalelas.com.ar\/sitio\/wp-json\/wp\/v2\/posts"}],"about":[{"href":"https:\/\/vocesparalelas.com.ar\/sitio\/wp-json\/wp\/v2\/types\/post"}],"author":[{"embeddable":true,"href":"https:\/\/vocesparalelas.com.ar\/sitio\/wp-json\/wp\/v2\/users\/3"}],"replies":[{"embeddable":true,"href":"https:\/\/vocesparalelas.com.ar\/sitio\/wp-json\/wp\/v2\/comments?post=53559"}],"version-history":[{"count":1,"href":"https:\/\/vocesparalelas.com.ar\/sitio\/wp-json\/wp\/v2\/posts\/53559\/revisions"}],"predecessor-version":[{"id":53562,"href":"https:\/\/vocesparalelas.com.ar\/sitio\/wp-json\/wp\/v2\/posts\/53559\/revisions\/53562"}],"wp:featuredmedia":[{"embeddable":true,"href":"https:\/\/vocesparalelas.com.ar\/sitio\/wp-json\/wp\/v2\/media\/53561"}],"wp:attachment":[{"href":"https:\/\/vocesparalelas.com.ar\/sitio\/wp-json\/wp\/v2\/media?parent=53559"}],"wp:term":[{"taxonomy":"category","embeddable":true,"href":"https:\/\/vocesparalelas.com.ar\/sitio\/wp-json\/wp\/v2\/categories?post=53559"},{"taxonomy":"post_tag","embeddable":true,"href":"https:\/\/vocesparalelas.com.ar\/sitio\/wp-json\/wp\/v2\/tags?post=53559"}],"curies":[{"name":"wp","href":"https:\/\/api.w.org\/{rel}","templated":true}]}}