{"id":53538,"date":"2022-10-14T22:41:24","date_gmt":"2022-10-15T01:41:24","guid":{"rendered":"https:\/\/vocesparalelas.com.ar\/sitio\/?p=53538"},"modified":"2022-10-14T22:41:24","modified_gmt":"2022-10-15T01:41:24","slug":"charla-informativa-sobre-resultados-de-la-excavacion-en-la-casa-historica","status":"publish","type":"post","link":"https:\/\/vocesparalelas.com.ar\/sitio\/charla-informativa-sobre-resultados-de-la-excavacion-en-la-casa-historica\/","title":{"rendered":"Charla informativa sobre resultados de la excavaci\u00f3n en la Casa Hist\u00f3rica"},"content":{"rendered":"<p>El Museo y Biblioteca Casa Natal invita a los medios de comunicaci\u00f3n y a la comunidad a participar de la charla informativa y vista guiada a cargo de la Dra. Ana Igareta, Investigadora Adjunta del CONICET \u2013 UNLP, que se lleva a cabo el S\u00e1bado, 15 de Octubre, a las 10:00 hs., en la instituci\u00f3n.<\/p>\n<p>En dicha charla la Dra. Igareta brinda detalles de los resultados de la excavaci\u00f3n realizada en el jard\u00edn sur del Museo.<\/p>\n<p>Publicado el Viernes, 14 de Octubre de 2022<\/p>\n","protected":false},"excerpt":{"rendered":"<p>El Museo y Biblioteca Casa Natal invita a los medios de comunicaci\u00f3n y a la comunidad a participar de la<\/p>\n","protected":false},"author":3,"featured_media":25888,"comment_status":"closed","ping_status":"closed","sticky":false,"template":"","format":"standard","meta":{"_acf_changed":false,"_seopress_robots_primary_cat":"none","_seopress_titles_title":"","_seopress_titles_desc":"","_seopress_robots_index":"","colormag_page_container_layout":"default_layout","colormag_page_sidebar_layout":"default_layout","footnotes":""},"categories":[1],"tags":[],"class_list":["post-53538","post","type-post","status-publish","format-standard","has-post-thumbnail","hentry","category-destacadas"],"acf":[],"_links":{"self":[{"href":"https:\/\/vocesparalelas.com.ar\/sitio\/wp-json\/wp\/v2\/posts\/53538","targetHints":{"allow":["GET"]}}],"collection":[{"href":"https:\/\/vocesparalelas.com.ar\/sitio\/wp-json\/wp\/v2\/posts"}],"about":[{"href":"https:\/\/vocesparalelas.com.ar\/sitio\/wp-json\/wp\/v2\/types\/post"}],"author":[{"embeddable":true,"href":"https:\/\/vocesparalelas.com.ar\/sitio\/wp-json\/wp\/v2\/users\/3"}],"replies":[{"embeddable":true,"href":"https:\/\/vocesparalelas.com.ar\/sitio\/wp-json\/wp\/v2\/comments?post=53538"}],"version-history":[{"count":1,"href":"https:\/\/vocesparalelas.com.ar\/sitio\/wp-json\/wp\/v2\/posts\/53538\/revisions"}],"predecessor-version":[{"id":53540,"href":"https:\/\/vocesparalelas.com.ar\/sitio\/wp-json\/wp\/v2\/posts\/53538\/revisions\/53540"}],"wp:featuredmedia":[{"embeddable":true,"href":"https:\/\/vocesparalelas.com.ar\/sitio\/wp-json\/wp\/v2\/media\/25888"}],"wp:attachment":[{"href":"https:\/\/vocesparalelas.com.ar\/sitio\/wp-json\/wp\/v2\/media?parent=53538"}],"wp:term":[{"taxonomy":"category","embeddable":true,"href":"https:\/\/vocesparalelas.com.ar\/sitio\/wp-json\/wp\/v2\/categories?post=53538"},{"taxonomy":"post_tag","embeddable":true,"href":"https:\/\/vocesparalelas.com.ar\/sitio\/wp-json\/wp\/v2\/tags?post=53538"}],"curies":[{"name":"wp","href":"https:\/\/api.w.org\/{rel}","templated":true}]}}