{"id":53496,"date":"2022-10-13T23:12:57","date_gmt":"2022-10-14T02:12:57","guid":{"rendered":"https:\/\/vocesparalelas.com.ar\/sitio\/?p=53496"},"modified":"2022-10-14T14:40:06","modified_gmt":"2022-10-14T17:40:06","slug":"sumate-a-la-feria-educativa-de-san-juan","status":"publish","type":"post","link":"https:\/\/vocesparalelas.com.ar\/sitio\/sumate-a-la-feria-educativa-de-san-juan\/","title":{"rendered":"Sumate a la Feria Educativa de San Juan"},"content":{"rendered":"<p>Durante el Jueves, 13 y el Viernes, 14 de Octubre de 2022, de 10 a 18 hs.; en el Edificio Central de la UNSJ se desarrolla la Feria Educativa \u201cUniversidad Abierta\u201d de la Universidad Nacional de San Juan, donde muchos interesados en estudiar una carrera universitaria en la Nacional.<\/p>\n<p>En los distintos espacios los interesados pueden encontrar informaci\u00f3n sobre becas para ingresantes, muestras del \u00c1rea Deportes, exposici\u00f3n de los Talleres de Cultura de la UNSJ, entre otras actividades de inter\u00e9s. La entrada es libre y gratuita.<\/p>\n<p>Es as\u00ed que del Taller de Tango, se present\u00f3 la pareja Nadia Caparr\u00f3s y Federico Heredia que le puso los colores del arte con una expresi\u00f3n a punto y la atracci\u00f3n de los presentes.<\/p>\n<p><iframe loading=\"lazy\" title=\"UNSJ TANGO\" width=\"800\" height=\"450\" src=\"https:\/\/www.youtube.com\/embed\/pjl1fOznXFo?feature=oembed\" frameborder=\"0\" allow=\"accelerometer; autoplay; clipboard-write; encrypted-media; gyroscope; picture-in-picture\" allowfullscreen><\/iframe><\/p>\n<p>Los interesados tienen distintas edades no s\u00f3lo los j\u00f3venes que finalizan el secundario en distintas escuelas de San Juan muchos de mayor edad que por distintos motivos no pudieron hacerlo a su edad y tiempo qued\u00f3 en el haber para iniciar los estudios universitario. Estas personas deben ser aplaudidas porque buscan entrar en el gran desaf\u00edo de su vida. Un ejemplo a seguir.<\/p>\n<p>Adem\u00e1s, cabe recordar que tambi\u00e9n se encuentra disponible la Feria Educativa Virtual de la UNSJ en <a href=\"https:\/\/feriaeducativa.unsj.edu.ar\/\">https:\/\/feriaeducativa.unsj.edu.ar\/<\/a><\/p>\n<figure id=\"attachment_53500\" aria-describedby=\"caption-attachment-53500\" style=\"width: 800px\" class=\"wp-caption alignnone\"><img loading=\"lazy\" decoding=\"async\" class=\"wp-image-53500 size-full\" src=\"https:\/\/vocesparalelas.com.ar\/sitio\/wp-content\/uploads\/2022\/10\/UNSJ-FERIA-03.jpg\" alt=\"\" width=\"800\" height=\"533\" srcset=\"https:\/\/vocesparalelas.com.ar\/sitio\/wp-content\/uploads\/2022\/10\/UNSJ-FERIA-03.jpg 800w, https:\/\/vocesparalelas.com.ar\/sitio\/wp-content\/uploads\/2022\/10\/UNSJ-FERIA-03-300x200.jpg 300w, https:\/\/vocesparalelas.com.ar\/sitio\/wp-content\/uploads\/2022\/10\/UNSJ-FERIA-03-768x512.jpg 768w\" sizes=\"auto, (max-width: 800px) 100vw, 800px\" \/><figcaption id=\"caption-attachment-53500\" class=\"wp-caption-text\">El Secretario Administrativo de la UNSJ, Lic. Ricardo Coca, el Rector de la UNSJ, Ing. Tadeo Berenguer, el Rector de la UCCUYO, Lic. Claudio Larrea y la Vicerrectora Acad\u00e9mica de la UCCUYO, Lic. Mar\u00eda Laura Simonassi<\/figcaption><\/figure>\n<p>Por ello, Voces Paralelas, entrevist\u00f3 al Rector de la UNSJ, Ing. Tadeo Berenguer, quien invit\u00f3 a los interesados a sumarse en lo que la Feria Educativa de la UNSJ que brinda carreras de grados para que permite estudiar en la Nacional y en la Provincia de San Juan.<\/p>\n<p><iframe loading=\"lazy\" title=\"UNSJ RECTOR ING TADEO BERENGUER\" width=\"800\" height=\"450\" src=\"https:\/\/www.youtube.com\/embed\/b2HP9ReT1aI?feature=oembed\" frameborder=\"0\" allow=\"accelerometer; autoplay; clipboard-write; encrypted-media; gyroscope; picture-in-picture\" allowfullscreen><\/iframe><\/p>\n<p>Posteriormente, entrevist\u00f3 al Rector de la UCCUYO, Lic. Claudio Larrea, quien destac\u00f3 gran cantidad de carreras de grado presenciales y on line, un abanico de conocimiento para sumarse a la Universidad Cat\u00f3lica de Cuyo.<\/p>\n<figure id=\"attachment_53499\" aria-describedby=\"caption-attachment-53499\" style=\"width: 800px\" class=\"wp-caption alignnone\"><img loading=\"lazy\" decoding=\"async\" class=\"wp-image-53499 size-full\" src=\"https:\/\/vocesparalelas.com.ar\/sitio\/wp-content\/uploads\/2022\/10\/UNSJ-FERIA-02.jpg\" alt=\"\" width=\"800\" height=\"533\" srcset=\"https:\/\/vocesparalelas.com.ar\/sitio\/wp-content\/uploads\/2022\/10\/UNSJ-FERIA-02.jpg 800w, https:\/\/vocesparalelas.com.ar\/sitio\/wp-content\/uploads\/2022\/10\/UNSJ-FERIA-02-300x200.jpg 300w, https:\/\/vocesparalelas.com.ar\/sitio\/wp-content\/uploads\/2022\/10\/UNSJ-FERIA-02-768x512.jpg 768w\" sizes=\"auto, (max-width: 800px) 100vw, 800px\" \/><figcaption id=\"caption-attachment-53499\" class=\"wp-caption-text\">El Rector de la UCCUYO, Lic. Claudio Larrea junto a la Vicerrectora Acad\u00e9mica, Lic. Mar\u00eda Laura Simonassi<\/figcaption><\/figure>\n<p>&nbsp;<\/p>\n<p><iframe loading=\"lazy\" title=\"UNSJ UCCUYO LIC CLAUDIO LARREA\" width=\"800\" height=\"450\" src=\"https:\/\/www.youtube.com\/embed\/OMj4O5XMS80?feature=oembed\" frameborder=\"0\" allow=\"accelerometer; autoplay; clipboard-write; encrypted-media; gyroscope; picture-in-picture\" allowfullscreen><\/iframe><\/p>\n<p>&nbsp;<\/p>\n<p>Durante el lanzamiento de la Feria Educativa, la Ministro de Educaci\u00f3n del Gobierno de San Juan, Prof. Cecilia Trincado puntualiz\u00f3 en el concepto de la sinergia, para buscar la forma de mejorar la propuesta educativa para que los interesados en contin\u00faen una carrera de grado en la Provincia de San Juan.<\/p>\n<p><iframe loading=\"lazy\" title=\"UNSJ M EDUCACI\u00d3N PROF CECILIA TRINCADO\" width=\"800\" height=\"450\" src=\"https:\/\/www.youtube.com\/embed\/VCNCVvz7zQU?feature=oembed\" frameborder=\"0\" allow=\"accelerometer; autoplay; clipboard-write; encrypted-media; gyroscope; picture-in-picture\" allowfullscreen><\/iframe><\/p>\n<p>&nbsp;<\/p>\n<p><img loading=\"lazy\" decoding=\"async\" class=\"alignnone size-full wp-image-39681\" src=\"https:\/\/vocesparalelas.com.ar\/sitio\/wp-content\/uploads\/2021\/07\/UNSJ-EDIFICIO-01.jpg\" alt=\"\" width=\"800\" height=\"533\" srcset=\"https:\/\/vocesparalelas.com.ar\/sitio\/wp-content\/uploads\/2021\/07\/UNSJ-EDIFICIO-01.jpg 800w, https:\/\/vocesparalelas.com.ar\/sitio\/wp-content\/uploads\/2021\/07\/UNSJ-EDIFICIO-01-300x200.jpg 300w, https:\/\/vocesparalelas.com.ar\/sitio\/wp-content\/uploads\/2021\/07\/UNSJ-EDIFICIO-01-768x512.jpg 768w\" sizes=\"auto, (max-width: 800px) 100vw, 800px\" \/><\/p>\n<p>Publicado el Jueves, 13 de Octubre de 2023<\/p>\n<p>&nbsp;<\/p>\n","protected":false},"excerpt":{"rendered":"<p>Durante el Jueves, 13 y el Viernes, 14 de Octubre de 2022, de 10 a 18 hs.; en el Edificio<\/p>\n","protected":false},"author":3,"featured_media":53498,"comment_status":"closed","ping_status":"closed","sticky":false,"template":"","format":"video","meta":{"_acf_changed":false,"_seopress_robots_primary_cat":"none","_seopress_titles_title":"","_seopress_titles_desc":"","_seopress_robots_index":"","colormag_page_container_layout":"default_layout","colormag_page_sidebar_layout":"default_layout","footnotes":""},"categories":[1,7],"tags":[],"class_list":["post-53496","post","type-post","status-publish","format-video","has-post-thumbnail","hentry","category-destacadas","category-videos","post_format-post-format-video"],"acf":[],"_links":{"self":[{"href":"https:\/\/vocesparalelas.com.ar\/sitio\/wp-json\/wp\/v2\/posts\/53496","targetHints":{"allow":["GET"]}}],"collection":[{"href":"https:\/\/vocesparalelas.com.ar\/sitio\/wp-json\/wp\/v2\/posts"}],"about":[{"href":"https:\/\/vocesparalelas.com.ar\/sitio\/wp-json\/wp\/v2\/types\/post"}],"author":[{"embeddable":true,"href":"https:\/\/vocesparalelas.com.ar\/sitio\/wp-json\/wp\/v2\/users\/3"}],"replies":[{"embeddable":true,"href":"https:\/\/vocesparalelas.com.ar\/sitio\/wp-json\/wp\/v2\/comments?post=53496"}],"version-history":[{"count":3,"href":"https:\/\/vocesparalelas.com.ar\/sitio\/wp-json\/wp\/v2\/posts\/53496\/revisions"}],"predecessor-version":[{"id":53507,"href":"https:\/\/vocesparalelas.com.ar\/sitio\/wp-json\/wp\/v2\/posts\/53496\/revisions\/53507"}],"wp:featuredmedia":[{"embeddable":true,"href":"https:\/\/vocesparalelas.com.ar\/sitio\/wp-json\/wp\/v2\/media\/53498"}],"wp:attachment":[{"href":"https:\/\/vocesparalelas.com.ar\/sitio\/wp-json\/wp\/v2\/media?parent=53496"}],"wp:term":[{"taxonomy":"category","embeddable":true,"href":"https:\/\/vocesparalelas.com.ar\/sitio\/wp-json\/wp\/v2\/categories?post=53496"},{"taxonomy":"post_tag","embeddable":true,"href":"https:\/\/vocesparalelas.com.ar\/sitio\/wp-json\/wp\/v2\/tags?post=53496"}],"curies":[{"name":"wp","href":"https:\/\/api.w.org\/{rel}","templated":true}]}}