{"id":53373,"date":"2022-10-07T12:42:17","date_gmt":"2022-10-07T15:42:17","guid":{"rendered":"https:\/\/vocesparalelas.com.ar\/sitio\/?p=53373"},"modified":"2022-10-07T12:43:33","modified_gmt":"2022-10-07T15:43:33","slug":"concierto-cantares-de-primavera-en-san-juan","status":"publish","type":"post","link":"https:\/\/vocesparalelas.com.ar\/sitio\/concierto-cantares-de-primavera-en-san-juan\/","title":{"rendered":"Concierto \u00abCantares de Primavera\u00bb en San Juan"},"content":{"rendered":"<p>El Domingo, 09 de Octubre, a las 21 hs.; en el Auditorio Juan Victoria, se presenta la Camerata Vocal Arsis y el Coro Arturo Beruti en el concierto \u00abCantares de Primavera\u00bb, en el marco de una gira por San Juan y Mendoza. La entrada es libre y gratuita.<\/p>\n<p><img loading=\"lazy\" decoding=\"async\" class=\"alignnone size-large wp-image-44512\" src=\"https:\/\/vocesparalelas.com.ar\/sitio\/wp-content\/uploads\/2021\/12\/CORO-BERUTI-10-800x467.jpg\" alt=\"\" width=\"800\" height=\"467\" srcset=\"https:\/\/vocesparalelas.com.ar\/sitio\/wp-content\/uploads\/2021\/12\/CORO-BERUTI-10-800x467.jpg 800w, https:\/\/vocesparalelas.com.ar\/sitio\/wp-content\/uploads\/2021\/12\/CORO-BERUTI-10-300x175.jpg 300w, https:\/\/vocesparalelas.com.ar\/sitio\/wp-content\/uploads\/2021\/12\/CORO-BERUTI-10-768x449.jpg 768w, https:\/\/vocesparalelas.com.ar\/sitio\/wp-content\/uploads\/2021\/12\/CORO-BERUTI-10.jpg 1024w\" sizes=\"auto, (max-width: 800px) 100vw, 800px\" \/><\/p>\n<p><span style=\"color: #339966;\"><strong>Programa del concierto<\/strong><\/span><\/p>\n<ul>\n<li>\u201cPeace\u201d\u2026\u2026 Martin Asander Suecia 1987<\/li>\n<li>\u201cData est mihi Potestas\u201d. James MacMillan Inglaterra 1959<\/li>\n<li>\u201cThree songs from the Dominican Breviary\u201d\u2026Linda Alexandersson Suecia 1984<\/li>\n<\/ul>\n<p>I- Memento<\/p>\n<p>II \u2013 Maria Mater Gratiae<\/p>\n<p>III- Gloria Tibi<\/p>\n<ul>\n<li>\u201cEven When He is Silent\u201d &#8230; Kim Andre Arnesen Noruega 1980<\/li>\n<\/ul>\n<p>\u201cSUITE DEL CUCHI\u201d<\/p>\n<p>(Medley basado en arreglos de obras de Gustavo \u201cCuchi\u201d Leguizam\u00f3n)<\/p>\n<ul>\n<li>Zamba de Anta (arr. Eduardo Ferraudi)<\/li>\n<li>Juan Del Monte (chacarera) \u2013 (arr. Hugo de la Vega)<\/li>\n<li>Zamba del Laurel &#8211; (arr. Camilo Matta)<\/li>\n<li>La Arenosa (cueca) &#8211; (arr. Vivian Tabbush)<\/li>\n<\/ul>\n<p><a href=\"https:\/\/www.youtube.com\/shorts\/Bk0azH_FSeU\">https:\/\/www.youtube.com\/shorts\/Bk0azH_FSeU<\/a><\/p>\n<p><strong><span style=\"color: #339966;\">Datos de la Camerata Vocal Arsis<\/span><\/strong><\/p>\n<p>Es una instituci\u00f3n art\u00edstico-cultural de car\u00e1cter aut\u00f3nomo, de la ciudad de R\u00edo Cuarto. Fue creada en marzo de 1995 sentando precedente de \u00f3ptimo desempe\u00f1o art\u00edstico y seriedad de trabajo, tanto en el \u00e1mbito nacional como en el internacional.<\/p>\n<p>Cultiva un repertorio variado y equilibrado de m\u00fasica coral universal; desarrollando en forma permanente un proyecto de trabajo con una nutrida agenda de actuaciones que contempla la promoci\u00f3n art\u00edstica, no s\u00f3lo a trav\u00e9s de su rol espec\u00edfico sino tambi\u00e9n considerando el est\u00edmulo a las nuevas generaciones de cantantes de coro e instrumentistas de R\u00edo Cuarto y el sur de la Provincia de C\u00f3rdoba, creando as\u00ed un aporte formativo para p\u00fablico potencial; lo que significa anualmente\u00a0 un\u00a0 \u00a0importante\u00a0 n\u00famero\u00a0 \u00a0de\u00a0 \u00a0conciertos,\u00a0 \u00a0ciclos\u00a0 \u00a0y\u00a0 \u00a0conferencias,\u00a0 \u00a0todas\u00a0 \u00a0estas desarrolladas en diferentes teatros, salas e iglesias de la ciudad de R\u00edo Cuarto y regi\u00f3n.<\/p>\n<p>Tras la b\u00fasqueda de la difusi\u00f3n de la m\u00fasica coral y de un continuo perfeccionamiento, ha organizado seminarios y talleres invitando a prestigiosos directores internacionales tales como Jean-Claude Wilkens (B\u00e9lgica), Gary Graden (Suecia), N\u00e9stor Zadoff, Horacio Lanci y N\u00e9stor Andrenacci (Argentina).<\/p>\n<p>Desde el 2005 organiza, anualmente el Taller Nacional de Estil\u00edstica Coral \u00abVoces a la Obra\u00bb destinada a coreutas y directores de coro.<\/p>\n<p>Como elenco representante de la ciudad de R\u00edo Cuarto ha participado en numerosos Festivales nacionales e internacionales, obteniendo el reconocimiento como uno de los coros de c\u00e1mara m\u00e1s prestigiosos del pa\u00eds.<\/p>\n<ul>\n<li>En 1997 obtuvo Medalla de Oro por su participaci\u00f3n en el IV Festival Coral Internacional \u00abOrlando di Lasso\u00bb (Concurso), llevado a cabo en la Ciudad del Vaticano- Roma.<\/li>\n<li>En 1998 su accionar fue reconocido con el \u00abPremio a la Excelencia\u00bb en la ciudad de R\u00edo Cuarto.<\/li>\n<li>En el 2006 particip\u00f3 como \u00fanico coro seleccionado por Argentina, del IV Festival Internacional de Coros \u00abMario Baeza\u00bb en la ciudad de La Serena -Chile.<\/li>\n<li>En 2010 ha recibido el premio \u201cJuan Filloy\u201d a la trayectoria art\u00edstica, otorgado por la Municipalidad de R\u00edo Cuarto.<\/li>\n<li>En octubre del 2010 a participado en el \u201cII Concurso Nacional de Coros Ansilta\u201d, en San Juan\u00a0 (Argentina) donde obtuvo menci\u00f3n especial por\u00a0 la interpretaci\u00f3n de obra contempor\u00e1nea.<\/li>\n<li>En Noviembre del 2010 fue distinguida especialmente por la \u201cFederaci\u00f3n Argentina de Municipios\u201d por su gesti\u00f3n social y por su labor en el desarrollo Art\u00edstico en la Ciudad de R\u00edo Cuarto.<\/li>\n<li>En agosto del 2011 ha recibido el premio Nacional\u00a0 \u201cSanta Clara de Asis\u201d otorgado por la Liga de Madres\u00a0 de Familia, por la Labor art\u00edstica y Social en la comunidad de R\u00edo Cuarto y Regi\u00f3n<\/li>\n<\/ul>\n<p>Ha realizado gira de conciertos en Chile, Brasil y Uruguay as\u00ed como en importantes ciudades de Argentina tales como Salta, Jujuy, Tucum\u00e1n, Rosario, Buenos Aires, Mar del Plata, Miramar, Tandil, Mendoza, San Lu\u00eds, San Juan, C\u00f3rdoba, Catamarca, Villa Mercedes y La Rioja.<\/p>\n<p>Ha interpretado las siguientes obras sinf\u00f3nicos corales: Magn\u00edficat de Antonio Vivaldi, Misa de Coronaci\u00f3n de Wolfang Amadeus Mozart, Messe du R\u00e9quiem de Gabriel Faur\u00e9, Misa Tango de Mart\u00edn Palmeri , Lux Aeterna de Morten Lauridsen y \u201cGloria\u201d de Francis Poulenc y Johnn Rutter entre otros.<\/p>\n<p>Desde su creaci\u00f3n hasta el a\u00f1o 2002 fue dirigida por el Mtro. Clifford Wagner.<\/p>\n<p>Desde el a\u00f1o 2003 hasta la actualidad es dirigida por el Mtro. Juan Ignacio Noro\u00f1a<\/p>\n<p><strong><span style=\"color: #339966;\">Datos del M\u00b0\u00a0Juan Ignacio Noro\u00f1a<\/span><\/strong><\/p>\n<p>Curs\u00f3 estudios musicales en el Conservatorio Provincial de M\u00fasica \u00abJuli\u00e1n Aguirre\u00bb de la ciudad de R\u00edo Cuarto, gradu\u00e1ndose con los t\u00edtulos de Profesor de Piano y Profesor de Canto.<\/p>\n<p>Como cantante ha sido integrante y solista por concurso del prestigioso World Youth Choir durante los a\u00f1os 1999 y 2000 en Eslovenia y Espa\u00f1a respectivamente, bajo la direcci\u00f3n de Frieder Bernius (Alemania), Gary Graden (Suecia), Peter Erdei (Hungr\u00eda) y Paul Smith (U.S.A).<\/p>\n<p>Inici\u00f3 sus estudios en direcci\u00f3n coral con el Maestro Clifford Wagner, continuando su perfeccionamiento en estil\u00edstica, direcci\u00f3n coral y orquestal en Buenos Aires bajo la gu\u00eda del Maestro N\u00e9stor Zadoff.<\/p>\n<p>Ha realizado cursos de especializaci\u00f3n en direcci\u00f3n coral con Joseph Prats (Catalu\u00f1a), Robert Sund , Mikael Wedar y Gary Graden (Suecia) y Anton Armstrong\u00a0 (USA).<\/p>\n<p>Es el fundador y director desde 1997 de la \u00abCantor\u00eda San Ignacio\u00bb, elenco coral femenino perteneciente al St. Ignatius College, de R\u00edo Cuarto.<\/p>\n<p>Es profesor de Direcci\u00f3n e interpretaci\u00f3n Coral y Educaci\u00f3n Vocal en el Conservatorio Provincial de M\u00fasica \u00abJuli\u00e1n Aguirre\u00bb de R\u00edo Cuarto y en el Instituto de Formaci\u00f3n Docente Continua de Villa Mecedes- San Luis.<\/p>\n<p>Es miembro seleccionador del \u00abWorld Youth Choir\u00bb (Coro Mundial de J\u00f3venes) por la Argentina regi\u00f3n centro.<\/p>\n<p>Ha sido distinguido por la \u201cAsociaci\u00f3n Argentina de municipios\u201d como agente de desarrollo cultural en la municipalidad de Rio Cuarto.<\/p>\n<p>En el 2010 fue nominado Ciudadano Ilustre de R\u00edo Cuarto por su labor art\u00edstica y compromiso Social como director de la \u201cCamerata Vocal Arsis\u201d.<\/p>\n<p>Como compositor ha recibido el primer premio por su obra \u201cAtardeceres\u201d en el \u201cI Concurso nacional de composici\u00f3n\u201d organizado por la facultad de Artes de la Universidad de C\u00f3rdoba y el Coro Polif\u00f3nico Delfino Qu\u00edrici, quien la estren\u00f3 en octubre del 2014.<\/p>\n<p>En 2019 fue seleccionado para participar de la primera Master Class en direcci\u00f3n Coral organizado por los prestigiosos. Jakobs Chamber Choir y Snt Jakobs Vokalensamble en Estocolmo SUECIA, bajo la gu\u00eda de los maestros Gary Graden y Mikel Wedar.<\/p>\n<p>Es director de la \u201cCamerata Vocal Arsis\u201d, desde el a\u00f1o 2003, con quien ha realizado giras nacionales e internacionales, ha recibido premios y distinciones y puesto en marcha mas de 30 proyectos de m\u00fasica coral a capella, talleres de especializaci\u00f3n, sinf\u00f3nico corales y obras con puesta en escena.<\/p>\n<p>Publicado el Viernes, 07 de Octubre de 2022<\/p>\n<p>&nbsp;<\/p>\n<p>&nbsp;<\/p>\n","protected":false},"excerpt":{"rendered":"<p>El Domingo, 09 de Octubre, a las 21 hs.; en el Auditorio Juan Victoria, se presenta la Camerata Vocal Arsis<\/p>\n","protected":false},"author":3,"featured_media":53375,"comment_status":"closed","ping_status":"closed","sticky":false,"template":"","format":"video","meta":{"_acf_changed":false,"_seopress_robots_primary_cat":"none","_seopress_titles_title":"","_seopress_titles_desc":"","_seopress_robots_index":"","colormag_page_container_layout":"default_layout","colormag_page_sidebar_layout":"default_layout","footnotes":""},"categories":[1,7],"tags":[],"class_list":["post-53373","post","type-post","status-publish","format-video","has-post-thumbnail","hentry","category-destacadas","category-videos","post_format-post-format-video"],"acf":[],"_links":{"self":[{"href":"https:\/\/vocesparalelas.com.ar\/sitio\/wp-json\/wp\/v2\/posts\/53373","targetHints":{"allow":["GET"]}}],"collection":[{"href":"https:\/\/vocesparalelas.com.ar\/sitio\/wp-json\/wp\/v2\/posts"}],"about":[{"href":"https:\/\/vocesparalelas.com.ar\/sitio\/wp-json\/wp\/v2\/types\/post"}],"author":[{"embeddable":true,"href":"https:\/\/vocesparalelas.com.ar\/sitio\/wp-json\/wp\/v2\/users\/3"}],"replies":[{"embeddable":true,"href":"https:\/\/vocesparalelas.com.ar\/sitio\/wp-json\/wp\/v2\/comments?post=53373"}],"version-history":[{"count":1,"href":"https:\/\/vocesparalelas.com.ar\/sitio\/wp-json\/wp\/v2\/posts\/53373\/revisions"}],"predecessor-version":[{"id":53376,"href":"https:\/\/vocesparalelas.com.ar\/sitio\/wp-json\/wp\/v2\/posts\/53373\/revisions\/53376"}],"wp:featuredmedia":[{"embeddable":true,"href":"https:\/\/vocesparalelas.com.ar\/sitio\/wp-json\/wp\/v2\/media\/53375"}],"wp:attachment":[{"href":"https:\/\/vocesparalelas.com.ar\/sitio\/wp-json\/wp\/v2\/media?parent=53373"}],"wp:term":[{"taxonomy":"category","embeddable":true,"href":"https:\/\/vocesparalelas.com.ar\/sitio\/wp-json\/wp\/v2\/categories?post=53373"},{"taxonomy":"post_tag","embeddable":true,"href":"https:\/\/vocesparalelas.com.ar\/sitio\/wp-json\/wp\/v2\/tags?post=53373"}],"curies":[{"name":"wp","href":"https:\/\/api.w.org\/{rel}","templated":true}]}}