{"id":53350,"date":"2022-10-06T18:30:45","date_gmt":"2022-10-06T21:30:45","guid":{"rendered":"https:\/\/vocesparalelas.com.ar\/sitio\/?p=53350"},"modified":"2022-10-08T20:13:15","modified_gmt":"2022-10-08T23:13:15","slug":"atencion-a-los-afiliados-en-la-farmacia-sindical-de-udap-2","status":"publish","type":"post","link":"https:\/\/vocesparalelas.com.ar\/sitio\/atencion-a-los-afiliados-en-la-farmacia-sindical-de-udap-2\/","title":{"rendered":"Atenci\u00f3n a los afiliados en la Farmacia Sindical de UDAP"},"content":{"rendered":"<p>UDAP informa a los afiliados que su Farmacia Sindical no atiende el Viernes, 07 y el Lunes, 10 de Octubre\u00a0 no atiende al p\u00fablico por ser d\u00edas feriados pero el S\u00e1bado, 08 de Octubre de 9 a 12:30 hs. permanece abierta.<\/p>\n<p>El Camping UDAP en La Bebida, Departamento Rivadavia tiene sus puertas abiertas para que se difrute el espacio verde.<\/p>\n<p><img loading=\"lazy\" decoding=\"async\" class=\"alignnone size-full wp-image-52636\" src=\"https:\/\/vocesparalelas.com.ar\/sitio\/wp-content\/uploads\/2022\/09\/UDAP-CARTEL.jpg\" alt=\"\" width=\"800\" height=\"533\" srcset=\"https:\/\/vocesparalelas.com.ar\/sitio\/wp-content\/uploads\/2022\/09\/UDAP-CARTEL.jpg 800w, https:\/\/vocesparalelas.com.ar\/sitio\/wp-content\/uploads\/2022\/09\/UDAP-CARTEL-300x200.jpg 300w, https:\/\/vocesparalelas.com.ar\/sitio\/wp-content\/uploads\/2022\/09\/UDAP-CARTEL-768x512.jpg 768w\" sizes=\"auto, (max-width: 800px) 100vw, 800px\" \/><\/p>\n<p>Publicado el Jueves, 06 de Octubre de 2022<\/p>\n","protected":false},"excerpt":{"rendered":"<p>UDAP informa a los afiliados que su Farmacia Sindical no atiende el Viernes, 07 y el Lunes, 10 de Octubre\u00a0<\/p>\n","protected":false},"author":3,"featured_media":52627,"comment_status":"closed","ping_status":"closed","sticky":false,"template":"","format":"standard","meta":{"_acf_changed":false,"_seopress_robots_primary_cat":"none","_seopress_titles_title":"","_seopress_titles_desc":"","_seopress_robots_index":"","colormag_page_container_layout":"default_layout","colormag_page_sidebar_layout":"default_layout","footnotes":""},"categories":[5],"tags":[],"class_list":["post-53350","post","type-post","status-publish","format-standard","has-post-thumbnail","hentry","category-ofrecimientos"],"acf":[],"_links":{"self":[{"href":"https:\/\/vocesparalelas.com.ar\/sitio\/wp-json\/wp\/v2\/posts\/53350","targetHints":{"allow":["GET"]}}],"collection":[{"href":"https:\/\/vocesparalelas.com.ar\/sitio\/wp-json\/wp\/v2\/posts"}],"about":[{"href":"https:\/\/vocesparalelas.com.ar\/sitio\/wp-json\/wp\/v2\/types\/post"}],"author":[{"embeddable":true,"href":"https:\/\/vocesparalelas.com.ar\/sitio\/wp-json\/wp\/v2\/users\/3"}],"replies":[{"embeddable":true,"href":"https:\/\/vocesparalelas.com.ar\/sitio\/wp-json\/wp\/v2\/comments?post=53350"}],"version-history":[{"count":1,"href":"https:\/\/vocesparalelas.com.ar\/sitio\/wp-json\/wp\/v2\/posts\/53350\/revisions"}],"predecessor-version":[{"id":53352,"href":"https:\/\/vocesparalelas.com.ar\/sitio\/wp-json\/wp\/v2\/posts\/53350\/revisions\/53352"}],"wp:featuredmedia":[{"embeddable":true,"href":"https:\/\/vocesparalelas.com.ar\/sitio\/wp-json\/wp\/v2\/media\/52627"}],"wp:attachment":[{"href":"https:\/\/vocesparalelas.com.ar\/sitio\/wp-json\/wp\/v2\/media?parent=53350"}],"wp:term":[{"taxonomy":"category","embeddable":true,"href":"https:\/\/vocesparalelas.com.ar\/sitio\/wp-json\/wp\/v2\/categories?post=53350"},{"taxonomy":"post_tag","embeddable":true,"href":"https:\/\/vocesparalelas.com.ar\/sitio\/wp-json\/wp\/v2\/tags?post=53350"}],"curies":[{"name":"wp","href":"https:\/\/api.w.org\/{rel}","templated":true}]}}