{"id":53315,"date":"2022-10-05T21:11:34","date_gmt":"2022-10-06T00:11:34","guid":{"rendered":"https:\/\/vocesparalelas.com.ar\/sitio\/?p=53315"},"modified":"2022-10-05T21:11:34","modified_gmt":"2022-10-06T00:11:34","slug":"subsidio-por-202-millones-a-los-19-departamentos-de-san-juan","status":"publish","type":"post","link":"https:\/\/vocesparalelas.com.ar\/sitio\/subsidio-por-202-millones-a-los-19-departamentos-de-san-juan\/","title":{"rendered":"Subsidio por 202 millones a los 19 departamentos de San Juan"},"content":{"rendered":"<p>El Jueves, 6 de Octubre, se desarrolla la Decimotercera Sesi\u00f3n del per\u00edodo ordinario de la C\u00e1mara de Diputados de San Juan y destaca que adem\u00e1s del Mensaje y proyecto de Ley que incorpora empleados a planta permanente, hay otros temas \u201cimportantes\u201d tales como el subsidio por 202 millones a los 19 departamentos sanjuaninos; la nueva ley que regula los servicios de Vigilancia, Custodia y Seguridad y una nueva acci\u00f3n suscripta por la provincia de San Juan con la Naci\u00f3n en el marco de la lucha contra la polilla de la vid.<\/p>\n<p><span style=\"color: #339966;\"><strong>Sobre el Subsidio a Municipios<\/strong><\/span><\/p>\n<p>A prop\u00f3sito de este tema, de acuerdo con los fundamentos del Mensaje y proyecto de Ley remitido por el Ejecutivo, en el caso de los subsidios a los 19 municipios, el mismo fue calculado: 50% en base a las n\u00f3minas salariales de los municipios y el 50% restante en base al coeficiente de distribuci\u00f3n secundaria de coparticipaci\u00f3n municipal.<\/p>\n<p>Adem\u00e1s, el Poder Ejecutivo aclara que emplea la v\u00eda legislativa a partir de las solicitudes formuladas por las municipalidades, de forma tal que puedan hacer frente a los desequilibrios financieros producidos por el incremento salarial del 35% otorgado por el Gobierno de San Juan en cuatro tramos, 7% en Septiembre, 11% en Octubre, 7% en Noviembre y 10% en Diciembre de 2022, m\u00e1s a\u00fan considerando que los municipios hacen extensivo el citado acuerdo, de manera tal que beneficie a todos los empleados municipales.<\/p>\n<p><img loading=\"lazy\" decoding=\"async\" class=\"alignnone size-large wp-image-53317 aligncenter\" src=\"https:\/\/vocesparalelas.com.ar\/sitio\/wp-content\/uploads\/2022\/10\/SUBSIDIO-MUNICIPALIDADES-01-545x800.jpg\" alt=\"\" width=\"545\" height=\"800\" srcset=\"https:\/\/vocesparalelas.com.ar\/sitio\/wp-content\/uploads\/2022\/10\/SUBSIDIO-MUNICIPALIDADES-01-545x800.jpg 545w, https:\/\/vocesparalelas.com.ar\/sitio\/wp-content\/uploads\/2022\/10\/SUBSIDIO-MUNICIPALIDADES-01-204x300.jpg 204w, https:\/\/vocesparalelas.com.ar\/sitio\/wp-content\/uploads\/2022\/10\/SUBSIDIO-MUNICIPALIDADES-01.jpg 697w\" sizes=\"auto, (max-width: 545px) 100vw, 545px\" \/><\/p>\n<p>Publicado el Mi\u00e9rcoles, 05 de Octubre de 2022<\/p>\n","protected":false},"excerpt":{"rendered":"<p>El Jueves, 6 de Octubre, se desarrolla la Decimotercera Sesi\u00f3n del per\u00edodo ordinario de la C\u00e1mara de Diputados de San<\/p>\n","protected":false},"author":3,"featured_media":8062,"comment_status":"closed","ping_status":"closed","sticky":false,"template":"","format":"standard","meta":{"_acf_changed":false,"_seopress_robots_primary_cat":"none","_seopress_titles_title":"","_seopress_titles_desc":"","_seopress_robots_index":"","colormag_page_container_layout":"default_layout","colormag_page_sidebar_layout":"default_layout","footnotes":""},"categories":[1],"tags":[],"class_list":["post-53315","post","type-post","status-publish","format-standard","has-post-thumbnail","hentry","category-destacadas"],"acf":[],"_links":{"self":[{"href":"https:\/\/vocesparalelas.com.ar\/sitio\/wp-json\/wp\/v2\/posts\/53315","targetHints":{"allow":["GET"]}}],"collection":[{"href":"https:\/\/vocesparalelas.com.ar\/sitio\/wp-json\/wp\/v2\/posts"}],"about":[{"href":"https:\/\/vocesparalelas.com.ar\/sitio\/wp-json\/wp\/v2\/types\/post"}],"author":[{"embeddable":true,"href":"https:\/\/vocesparalelas.com.ar\/sitio\/wp-json\/wp\/v2\/users\/3"}],"replies":[{"embeddable":true,"href":"https:\/\/vocesparalelas.com.ar\/sitio\/wp-json\/wp\/v2\/comments?post=53315"}],"version-history":[{"count":1,"href":"https:\/\/vocesparalelas.com.ar\/sitio\/wp-json\/wp\/v2\/posts\/53315\/revisions"}],"predecessor-version":[{"id":53318,"href":"https:\/\/vocesparalelas.com.ar\/sitio\/wp-json\/wp\/v2\/posts\/53315\/revisions\/53318"}],"wp:featuredmedia":[{"embeddable":true,"href":"https:\/\/vocesparalelas.com.ar\/sitio\/wp-json\/wp\/v2\/media\/8062"}],"wp:attachment":[{"href":"https:\/\/vocesparalelas.com.ar\/sitio\/wp-json\/wp\/v2\/media?parent=53315"}],"wp:term":[{"taxonomy":"category","embeddable":true,"href":"https:\/\/vocesparalelas.com.ar\/sitio\/wp-json\/wp\/v2\/categories?post=53315"},{"taxonomy":"post_tag","embeddable":true,"href":"https:\/\/vocesparalelas.com.ar\/sitio\/wp-json\/wp\/v2\/tags?post=53315"}],"curies":[{"name":"wp","href":"https:\/\/api.w.org\/{rel}","templated":true}]}}