{"id":53308,"date":"2022-10-05T19:36:13","date_gmt":"2022-10-05T22:36:13","guid":{"rendered":"https:\/\/vocesparalelas.com.ar\/sitio\/?p=53308"},"modified":"2022-10-06T00:31:12","modified_gmt":"2022-10-06T03:31:12","slug":"sumate-a-la-feria-solidaria-de-san-juan","status":"publish","type":"post","link":"https:\/\/vocesparalelas.com.ar\/sitio\/sumate-a-la-feria-solidaria-de-san-juan\/","title":{"rendered":"Sumate a la Feria Solidaria de San Juan"},"content":{"rendered":"<p>A trav\u00e9s de la Direcci\u00f3n de Cultos y ONG, la cartera de Gobierno realizar\u00e1 una nueva edici\u00f3n del concurso Expo Solidaria de proyectos destinados a instituciones con asiento en la Provincia. Esta actividad contar\u00e1 con una feria especial, donde las instituciones podr\u00e1n difundir sus actividades, adem\u00e1s de la instalaci\u00f3n de una urna para que el p\u00fablico pueda donar, y con cada donaci\u00f3n se les entrega un n\u00famero para participar de sorteos de diferentes comercios de San Juan.<\/p>\n<p>La Feria Solidaria se realizar\u00e1 los d\u00edas 14 y 15 de octubre en el Parque Belgrano, y las organizaciones que quieran participar deben anotarse en el formulario destinado para este fin\u00a0<a href=\"https:\/\/forms.gle\/qm9uQEFYcLjTrGWh9\">aqu\u00ed<\/a>, cumpliendo con los siguientes requisitos:<\/p>\n<ul>\n<li>Autorizaci\u00f3n estatal para funcionar en calidad de personas jur\u00eddicas y autoridades con mandato vigente.<\/li>\n<li>Inscripci\u00f3n en el Registro \u00danico de Culto y Organizaciones No Gubernamentales (RUCO).<\/li>\n<li>CBU a nombre de la instituci\u00f3n e inscripci\u00f3n en AFIP.<\/li>\n<li>Que las organizaciones participantes del concurso no tengan fines de lucro.<\/li>\n<li>Domicilio legal y sede en el territorio de la Provincia de San Juan.<\/li>\n<li>En el caso de organizaciones cuya sede se encuentre en otra jurisdicci\u00f3n, deben acreditar constituci\u00f3n de delegaci\u00f3n o filial debidamente autorizada para funcionar en la Provincia de San Juan.<\/li>\n<\/ul>\n<div class=\"itemFullText\">\n<p>La Expo Solidaria es un concurso de proyectos destinados a instituciones con asiento en la Provincia. Los mismos ser\u00e1n financiados a trav\u00e9s de los aportes que realicen las empresas locales y los ganadores ser\u00e1n seleccionados, en una primera etapa, por un jurado integrado por representantes de diferentes sectores y luego por la comunidad sanjuanina a trav\u00e9s de redes sociales.<\/p>\n<\/div>\n<div class=\"clr\"><\/div>\n<div class=\"itemContentFooter\"><span class=\"itemDateModified\">Publicado el Mi\u00e9rcoles, 05 de Octubre de 2022<\/span><\/div>\n","protected":false},"excerpt":{"rendered":"<p>A trav\u00e9s de la Direcci\u00f3n de Cultos y ONG, la cartera de Gobierno realizar\u00e1 una nueva edici\u00f3n del concurso Expo<\/p>\n","protected":false},"author":3,"featured_media":53310,"comment_status":"closed","ping_status":"closed","sticky":false,"template":"","format":"standard","meta":{"_acf_changed":false,"_seopress_robots_primary_cat":"none","_seopress_titles_title":"","_seopress_titles_desc":"","_seopress_robots_index":"","colormag_page_container_layout":"default_layout","colormag_page_sidebar_layout":"default_layout","footnotes":""},"categories":[2],"tags":[],"class_list":["post-53308","post","type-post","status-publish","format-standard","has-post-thumbnail","hentry","category-convocatorias"],"acf":[],"_links":{"self":[{"href":"https:\/\/vocesparalelas.com.ar\/sitio\/wp-json\/wp\/v2\/posts\/53308","targetHints":{"allow":["GET"]}}],"collection":[{"href":"https:\/\/vocesparalelas.com.ar\/sitio\/wp-json\/wp\/v2\/posts"}],"about":[{"href":"https:\/\/vocesparalelas.com.ar\/sitio\/wp-json\/wp\/v2\/types\/post"}],"author":[{"embeddable":true,"href":"https:\/\/vocesparalelas.com.ar\/sitio\/wp-json\/wp\/v2\/users\/3"}],"replies":[{"embeddable":true,"href":"https:\/\/vocesparalelas.com.ar\/sitio\/wp-json\/wp\/v2\/comments?post=53308"}],"version-history":[{"count":1,"href":"https:\/\/vocesparalelas.com.ar\/sitio\/wp-json\/wp\/v2\/posts\/53308\/revisions"}],"predecessor-version":[{"id":53311,"href":"https:\/\/vocesparalelas.com.ar\/sitio\/wp-json\/wp\/v2\/posts\/53308\/revisions\/53311"}],"wp:featuredmedia":[{"embeddable":true,"href":"https:\/\/vocesparalelas.com.ar\/sitio\/wp-json\/wp\/v2\/media\/53310"}],"wp:attachment":[{"href":"https:\/\/vocesparalelas.com.ar\/sitio\/wp-json\/wp\/v2\/media?parent=53308"}],"wp:term":[{"taxonomy":"category","embeddable":true,"href":"https:\/\/vocesparalelas.com.ar\/sitio\/wp-json\/wp\/v2\/categories?post=53308"},{"taxonomy":"post_tag","embeddable":true,"href":"https:\/\/vocesparalelas.com.ar\/sitio\/wp-json\/wp\/v2\/tags?post=53308"}],"curies":[{"name":"wp","href":"https:\/\/api.w.org\/{rel}","templated":true}]}}