{"id":53291,"date":"2022-10-05T17:31:17","date_gmt":"2022-10-05T20:31:17","guid":{"rendered":"https:\/\/vocesparalelas.com.ar\/sitio\/?p=53291"},"modified":"2022-10-05T18:07:33","modified_gmt":"2022-10-05T21:07:33","slug":"una-reaccion-de-asog-y-la-osp-convoca-a-reunion-con-prestadores-de-servicios-de-salud-de-san-juan","status":"publish","type":"post","link":"https:\/\/vocesparalelas.com.ar\/sitio\/una-reaccion-de-asog-y-la-osp-convoca-a-reunion-con-prestadores-de-servicios-de-salud-de-san-juan\/","title":{"rendered":"Una reacci\u00f3n de ASOG y la OSP convoca a reuni\u00f3n con prestadores de servicios de salud de San Juan"},"content":{"rendered":"<p>La Asociaci\u00f3n de Obstetricia y Ginecolog\u00eda de San Juan &#8211; ASOG &#8211; emiti\u00f3 un comunicado que afirma que \u201cla Asociaci\u00f3n de Obstetricia y Ginecolog\u00eda de San Juan se dirige a la comunidad para expresar con pesar, que luego de haber agotado sus posibilidades de di\u00e1logo, ha decidido RENUNCIAR a la representaci\u00f3n y cobro de Honorarios M\u00e9dicos a trav\u00e9s de entes intermediarios. Esto implica que, a partir del 01\/11\/2022 NO recibiremos ninguna obra social que no tenga convenio directo con la \u00fanica instituci\u00f3n que nos representa: ASOG<\/p>\n<p>Los m\u00e9dicos sanjuaninos se encuentran OBLIGADOS a cobrar a trav\u00e9s de terceros sin ning\u00fan tipo de beneficio sino al contrario, a expensas de RETRASOS de meses de sus pagos a lo que se le suma un DESCUENTO por el \u00abtrabajo administrativo\u00bb.<\/p>\n<p>Los m\u00e9dicos que trabajan en el sector privado nunca tuvieron la oportunidad de sentarse en una mesa de negociaci\u00f3n como cualquier trabajador. Nunca se les dio el derecho de defender su profesi\u00f3n. Siempre fue el factor de AJUSTE de las empresas prestadoras de salud.<\/p>\n<p>Recomendamos que se ponga en contacto con su obra social para acordar previamente el reintegro en el caso de cirug\u00edas programadas, ya que usted tendr\u00e1 que abonar en forma particular la realizaci\u00f3n de su pr\u00e1ctica.<\/p>\n<p>A continuaci\u00f3n, mencionamos las obras sociales con las que se mantiene convenio: DAMSU, OMINT, MEDIFE, SANCOR SALUD, OSSACRA, ENSALUD, EMA SALUD, OSCA, OSDE, OSPAV, OSPA VIAL, OSPIP, OSPLAD, OSPRERA, OSUOMRA, OSUTHGRA, SALUS, SANIP: MEDISALUD (OSCOEMA), UNIMED, VISITAR, OSDOP, BOREAL, BRAMED, BASA SALUD, ASISTMED, ANDES SALUD, AMISA (OSSSB-OSPIA-OSPIHMP). OBRA SOCIAL DE LA UNION OBRERA METALURGICA, OSCTPCP.<\/p>\n<p>Por ello, la Obra Social Provincia convoc\u00f3 a una reuni\u00f3n en la sede de la Instituci\u00f3n, para el Jueves, 6 de Octubre, a las entidades m\u00e9dicas Intermedias \u2013 Asociaci\u00f3n de Cl\u00ednicas y Sanatorios \u2013ACLISA-; Colegio M\u00e9dico, a la Asociaci\u00f3n M\u00e9dica Sarmiento y al Sector de Ginecolog\u00eda y Obstetricia de San Juan.<\/p>\n<p>Publicado el Mi\u00e9rcoles, 05 de Octubre de 2022<\/p>\n<p>&nbsp;<\/p>\n","protected":false},"excerpt":{"rendered":"<p>La Asociaci\u00f3n de Obstetricia y Ginecolog\u00eda de San Juan &#8211; ASOG &#8211; emiti\u00f3 un comunicado que afirma que \u201cla Asociaci\u00f3n<\/p>\n","protected":false},"author":3,"featured_media":10321,"comment_status":"closed","ping_status":"closed","sticky":false,"template":"","format":"standard","meta":{"_acf_changed":false,"_seopress_robots_primary_cat":"none","_seopress_titles_title":"","_seopress_titles_desc":"","_seopress_robots_index":"","colormag_page_container_layout":"default_layout","colormag_page_sidebar_layout":"default_layout","footnotes":""},"categories":[1],"tags":[],"class_list":["post-53291","post","type-post","status-publish","format-standard","has-post-thumbnail","hentry","category-destacadas"],"acf":[],"_links":{"self":[{"href":"https:\/\/vocesparalelas.com.ar\/sitio\/wp-json\/wp\/v2\/posts\/53291","targetHints":{"allow":["GET"]}}],"collection":[{"href":"https:\/\/vocesparalelas.com.ar\/sitio\/wp-json\/wp\/v2\/posts"}],"about":[{"href":"https:\/\/vocesparalelas.com.ar\/sitio\/wp-json\/wp\/v2\/types\/post"}],"author":[{"embeddable":true,"href":"https:\/\/vocesparalelas.com.ar\/sitio\/wp-json\/wp\/v2\/users\/3"}],"replies":[{"embeddable":true,"href":"https:\/\/vocesparalelas.com.ar\/sitio\/wp-json\/wp\/v2\/comments?post=53291"}],"version-history":[{"count":1,"href":"https:\/\/vocesparalelas.com.ar\/sitio\/wp-json\/wp\/v2\/posts\/53291\/revisions"}],"predecessor-version":[{"id":53293,"href":"https:\/\/vocesparalelas.com.ar\/sitio\/wp-json\/wp\/v2\/posts\/53291\/revisions\/53293"}],"wp:featuredmedia":[{"embeddable":true,"href":"https:\/\/vocesparalelas.com.ar\/sitio\/wp-json\/wp\/v2\/media\/10321"}],"wp:attachment":[{"href":"https:\/\/vocesparalelas.com.ar\/sitio\/wp-json\/wp\/v2\/media?parent=53291"}],"wp:term":[{"taxonomy":"category","embeddable":true,"href":"https:\/\/vocesparalelas.com.ar\/sitio\/wp-json\/wp\/v2\/categories?post=53291"},{"taxonomy":"post_tag","embeddable":true,"href":"https:\/\/vocesparalelas.com.ar\/sitio\/wp-json\/wp\/v2\/tags?post=53291"}],"curies":[{"name":"wp","href":"https:\/\/api.w.org\/{rel}","templated":true}]}}