{"id":53258,"date":"2022-10-04T15:15:58","date_gmt":"2022-10-04T18:15:58","guid":{"rendered":"https:\/\/vocesparalelas.com.ar\/sitio\/?p=53258"},"modified":"2022-10-04T15:16:24","modified_gmt":"2022-10-04T18:16:24","slug":"una-reunion-con-el-consejo-profesional-de-ingenieros-especialistas-de-san-juan","status":"publish","type":"post","link":"https:\/\/vocesparalelas.com.ar\/sitio\/una-reunion-con-el-consejo-profesional-de-ingenieros-especialistas-de-san-juan\/","title":{"rendered":"Una reuni\u00f3n con el Consejo Profesional de Ingenieros Especialistas de San Juan"},"content":{"rendered":"<p>El gobernador de San Juan, Dr. Sergio U\u00f1ac visit\u00f3 en la sede del Consejo de Ingenieros Especialistas de San Juan, a la comisi\u00f3n directiva en el marco de las visitas a distintas instituciones que realiza el mandatario para conocer la realidad y necesidades que presentan.<\/p>\n<p>Al t\u00e9rmino del encuentro el gobernador, Dr. Sergio U\u00f1ac consider\u00f3 que \u00abes el primer gobernador que visita la sede \u00abes un tremendo orgullo\u00bb.<\/p>\n<p>\u201cHemos hablado de todo un poco, de la realidad sanjuanina, del consejo y las cosas que tenemos que seguir haciendo en conjunto. Ellos fueron autores junto al Gobierno de la Ley 2258, que les hace saber que el Estado provincial ha delegado el control de la matriculaci\u00f3n de todos los ingenieros especialistas de San Juan para el ejercicio de la profesi\u00f3n\u201d.<\/p>\n<p>\u201cLa idea es poder trabajar en conjunto porque la ley establece pautas de matriculaci\u00f3n y trabajo que podemos generar desde la provincia y el consejo. Es lo que hemos hablado en la tarde de hoy\u201d.<\/p>\n<p>\u201cLa semana pasada visitamos la C\u00e1mara de Turismo. Las instituciones hacen a la realidad de la provincia y este es un camino transitado que deberemos consolidar. San Juan invierte el 30 por ciento de su presupuesto en obra p\u00fablica y eso me parece que es un compromiso que deberemos seguir manteniendo en el futuro\u201d.<\/p>\n<p>\u00abLa provincia que m\u00e1s construcci\u00f3n de viviendas tiene y en cada una de ellas hay un abogado en un empresa, ingeniero, arquitecto, constructor; en definitiva estamos construyendo la provincia que nos merecemos, la idea es consolidar este camino y qu\u00e9 mejor que quien tiene que definir en el d\u00eda a d\u00eda la realidad pueda escuchar a cada uno de los actores\u00bb &#8211; concluy\u00f3.<\/p>\n<p><iframe loading=\"lazy\" title=\"U\u00f1ac visit\u00f3 el Consejo Profesional de Ingenieros Especialistas de San Juan\" width=\"800\" height=\"450\" src=\"https:\/\/www.youtube.com\/embed\/jsvdFYrFgQU?feature=oembed\" frameborder=\"0\" allow=\"accelerometer; autoplay; clipboard-write; encrypted-media; gyroscope; picture-in-picture\" allowfullscreen><\/iframe><\/p>\n<div class=\"itemFullText\">\n<p>Posteriormente, el presidente de la entidad, Ing. Alfredo R\u00edos, agradeci\u00f3 al gobernador la visita que \u00abnos da la posibilidad de expresarles nuestros problemas y nuestra realidad. Fue una conversaci\u00f3n muy amena y le hemos transmitido que queremos ser parte de la soluci\u00f3n\u00bb.<\/p>\n<p>\u00abSon 550 los matriculados actualmente. Con la nueva ley vamos a tratar de que todos est\u00e9n matriculados; sabemos que no lo hacen por desconocimiento o temor, en algunos casos. Vamos a trabajar para que cuando egrese el profesional sepa que hay un consejo que habilita a desarrollar la actividad profesional\u201d &#8211; puntualiz\u00f3 el Ing. R\u00edos.<\/p>\n<\/div>\n<div class=\"itemContentFooter\"><span class=\"itemDateModified\">Publicado el Martes, 04 de Octubre de 2022<\/span><\/div>\n","protected":false},"excerpt":{"rendered":"<p>El gobernador de San Juan, Dr. Sergio U\u00f1ac visit\u00f3 en la sede del Consejo de Ingenieros Especialistas de San Juan,<\/p>\n","protected":false},"author":3,"featured_media":53260,"comment_status":"closed","ping_status":"closed","sticky":false,"template":"","format":"video","meta":{"_acf_changed":false,"_seopress_robots_primary_cat":"none","_seopress_titles_title":"","_seopress_titles_desc":"","_seopress_robots_index":"","colormag_page_container_layout":"default_layout","colormag_page_sidebar_layout":"default_layout","footnotes":""},"categories":[1,7],"tags":[],"class_list":["post-53258","post","type-post","status-publish","format-video","has-post-thumbnail","hentry","category-destacadas","category-videos","post_format-post-format-video"],"acf":[],"_links":{"self":[{"href":"https:\/\/vocesparalelas.com.ar\/sitio\/wp-json\/wp\/v2\/posts\/53258","targetHints":{"allow":["GET"]}}],"collection":[{"href":"https:\/\/vocesparalelas.com.ar\/sitio\/wp-json\/wp\/v2\/posts"}],"about":[{"href":"https:\/\/vocesparalelas.com.ar\/sitio\/wp-json\/wp\/v2\/types\/post"}],"author":[{"embeddable":true,"href":"https:\/\/vocesparalelas.com.ar\/sitio\/wp-json\/wp\/v2\/users\/3"}],"replies":[{"embeddable":true,"href":"https:\/\/vocesparalelas.com.ar\/sitio\/wp-json\/wp\/v2\/comments?post=53258"}],"version-history":[{"count":1,"href":"https:\/\/vocesparalelas.com.ar\/sitio\/wp-json\/wp\/v2\/posts\/53258\/revisions"}],"predecessor-version":[{"id":53261,"href":"https:\/\/vocesparalelas.com.ar\/sitio\/wp-json\/wp\/v2\/posts\/53258\/revisions\/53261"}],"wp:featuredmedia":[{"embeddable":true,"href":"https:\/\/vocesparalelas.com.ar\/sitio\/wp-json\/wp\/v2\/media\/53260"}],"wp:attachment":[{"href":"https:\/\/vocesparalelas.com.ar\/sitio\/wp-json\/wp\/v2\/media?parent=53258"}],"wp:term":[{"taxonomy":"category","embeddable":true,"href":"https:\/\/vocesparalelas.com.ar\/sitio\/wp-json\/wp\/v2\/categories?post=53258"},{"taxonomy":"post_tag","embeddable":true,"href":"https:\/\/vocesparalelas.com.ar\/sitio\/wp-json\/wp\/v2\/tags?post=53258"}],"curies":[{"name":"wp","href":"https:\/\/api.w.org\/{rel}","templated":true}]}}