{"id":53203,"date":"2022-10-03T20:19:48","date_gmt":"2022-10-03T23:19:48","guid":{"rendered":"https:\/\/vocesparalelas.com.ar\/sitio\/?p=53203"},"modified":"2022-10-03T20:25:01","modified_gmt":"2022-10-03T23:25:01","slug":"inicio-el-curso-instaladores-de-aire-acondicionado-y-plomeria-basica-domiciliaria","status":"publish","type":"post","link":"https:\/\/vocesparalelas.com.ar\/sitio\/inicio-el-curso-instaladores-de-aire-acondicionado-y-plomeria-basica-domiciliaria\/","title":{"rendered":"Inici\u00f3 el Curso \u00abInstaladores de Aire Acondicionado\u00bb y \u00abPlomer\u00eda B\u00e1sica Domiciliaria\u00bb"},"content":{"rendered":"<div class=\"itemFullText\">\n<p>La Secretaria de Estado Ciencia, Tecnolog\u00eda e Innovaci\u00f3n del Gobierno de San Juan, Ing. Marita Benavente, acompa\u00f1\u00f3 al secretario General del Sindicato \u00danico de Trabajadores de Edificios de Renta y Horizontal &#8211; SUTERYH -, Jes\u00fas Alberto Granado, en el inicio de la formaci\u00f3n de Instaladores de Aire Acondicionado y clases pr\u00e1cticas de plomer\u00eda, en la sede sindical.<\/p>\n<p>El temario abarca unidades frigor\u00edficas, conversiones, c\u00e1lculo de intercambio en un ambiente, empalme, aislaciones, refrigerantes, entre otros temas.<\/p>\n<p>Junto a la Subsecretar\u00eda de Promoci\u00f3n Cient\u00edfica y Tecnol\u00f3gica\u00a0Dra. Ing. Sandra Noriega\u00a0y el Director de Promoci\u00f3n Cient\u00edfica y Cooperaci\u00f3n Internacional, Lic. Jorge Baletti\u00a0dirigi\u00f3 unas palabras a los y las estudiantes en torno a los objetivos del\u00a0Programa CODE,\u00a0Conocimiento para el Desarrollo,\u00a0que recientemente lanz\u00f3 la\u00a0SECITI.<\/p>\n<p>Por ello, la Secretaria del SECITI, Ing. Marita Benavente dijo que \u00abla SECITI necesita construir conocimiento vinculado a nuevas tecnolog\u00edas que permitir\u00e1n que m\u00e1s sanjuaninos y sanjuaninas participen de la expansi\u00f3n productiva y social que San Juan vive en el presente y en el futuro cercano. Para democratizar el acceso a este conocimiento y aumentar la empleabilidad en espacios que requieren conocimiento tecnol\u00f3gico, nos apoyamos en las instituciones sindicales, en las instituciones de educaci\u00f3n superior y en las universidades\u201d.<\/p>\n<p>A este curso iniciado, se suman los que ya comenzaron,\u00a0\u201cPlomer\u00eda B\u00e1sica Domiciliaria\u201d,\u00a0\u201cCapacitaci\u00f3n de Conductoras\u201d con capacitaci\u00f3n de ingl\u00e9s b\u00e1sico para conversaci\u00f3n modalidad virtual con certificado avalado por disposici\u00f3n de la direcci\u00f3n de educaci\u00f3n privada y derecho a examen con una duraci\u00f3n de 3 meses, este mi\u00e9rcoles 5 de octubre comienza\u00a0\u201cInstalaci\u00f3n y Mantenimiento de Fibra \u00d3ptica\u201d, en la sede de\u00a0SOESSIT.<\/p>\n<p>De esta manera\u00a0SECITI\u00a0con el\u00a0CODE\u00a0contin\u00faa acercado conocimiento a la comunidad, aportando programas que permitan mejorar la calidad de vida de los sanjuaninos y sanjuaninas.<\/p>\n<p><img loading=\"lazy\" decoding=\"async\" class=\"alignnone size-full wp-image-53206\" src=\"https:\/\/vocesparalelas.com.ar\/sitio\/wp-content\/uploads\/2022\/10\/SUTERYH-LOGO-01.jpg\" alt=\"\" width=\"800\" height=\"534\" srcset=\"https:\/\/vocesparalelas.com.ar\/sitio\/wp-content\/uploads\/2022\/10\/SUTERYH-LOGO-01.jpg 800w, https:\/\/vocesparalelas.com.ar\/sitio\/wp-content\/uploads\/2022\/10\/SUTERYH-LOGO-01-300x200.jpg 300w, https:\/\/vocesparalelas.com.ar\/sitio\/wp-content\/uploads\/2022\/10\/SUTERYH-LOGO-01-768x513.jpg 768w\" sizes=\"auto, (max-width: 800px) 100vw, 800px\" \/><\/p>\n<p>Publicado el Lunes, 03 de Octubre de 2022<\/p>\n<\/div>\n","protected":false},"excerpt":{"rendered":"<p>La Secretaria de Estado Ciencia, Tecnolog\u00eda e Innovaci\u00f3n del Gobierno de San Juan, Ing. Marita Benavente, acompa\u00f1\u00f3 al secretario General<\/p>\n","protected":false},"author":3,"featured_media":53205,"comment_status":"closed","ping_status":"closed","sticky":false,"template":"","format":"standard","meta":{"_acf_changed":false,"_seopress_robots_primary_cat":"none","_seopress_titles_title":"","_seopress_titles_desc":"","_seopress_robots_index":"","colormag_page_container_layout":"default_layout","colormag_page_sidebar_layout":"default_layout","footnotes":""},"categories":[1],"tags":[],"class_list":["post-53203","post","type-post","status-publish","format-standard","has-post-thumbnail","hentry","category-destacadas"],"acf":[],"_links":{"self":[{"href":"https:\/\/vocesparalelas.com.ar\/sitio\/wp-json\/wp\/v2\/posts\/53203","targetHints":{"allow":["GET"]}}],"collection":[{"href":"https:\/\/vocesparalelas.com.ar\/sitio\/wp-json\/wp\/v2\/posts"}],"about":[{"href":"https:\/\/vocesparalelas.com.ar\/sitio\/wp-json\/wp\/v2\/types\/post"}],"author":[{"embeddable":true,"href":"https:\/\/vocesparalelas.com.ar\/sitio\/wp-json\/wp\/v2\/users\/3"}],"replies":[{"embeddable":true,"href":"https:\/\/vocesparalelas.com.ar\/sitio\/wp-json\/wp\/v2\/comments?post=53203"}],"version-history":[{"count":1,"href":"https:\/\/vocesparalelas.com.ar\/sitio\/wp-json\/wp\/v2\/posts\/53203\/revisions"}],"predecessor-version":[{"id":53207,"href":"https:\/\/vocesparalelas.com.ar\/sitio\/wp-json\/wp\/v2\/posts\/53203\/revisions\/53207"}],"wp:featuredmedia":[{"embeddable":true,"href":"https:\/\/vocesparalelas.com.ar\/sitio\/wp-json\/wp\/v2\/media\/53205"}],"wp:attachment":[{"href":"https:\/\/vocesparalelas.com.ar\/sitio\/wp-json\/wp\/v2\/media?parent=53203"}],"wp:term":[{"taxonomy":"category","embeddable":true,"href":"https:\/\/vocesparalelas.com.ar\/sitio\/wp-json\/wp\/v2\/categories?post=53203"},{"taxonomy":"post_tag","embeddable":true,"href":"https:\/\/vocesparalelas.com.ar\/sitio\/wp-json\/wp\/v2\/tags?post=53203"}],"curies":[{"name":"wp","href":"https:\/\/api.w.org\/{rel}","templated":true}]}}