{"id":53189,"date":"2022-10-02T21:03:59","date_gmt":"2022-10-03T00:03:59","guid":{"rendered":"https:\/\/vocesparalelas.com.ar\/sitio\/?p=53189"},"modified":"2022-10-02T22:06:33","modified_gmt":"2022-10-03T01:06:33","slug":"prevencion-bucodental-para-la-comunidad-de-san-juan-en-el-dia-del-odontologo","status":"publish","type":"post","link":"https:\/\/vocesparalelas.com.ar\/sitio\/prevencion-bucodental-para-la-comunidad-de-san-juan-en-el-dia-del-odontologo\/","title":{"rendered":"Prevenci\u00f3n bucodental para la comunidad de San Juan en el D\u00eda del Odont\u00f3logo"},"content":{"rendered":"<div class=\"itemFullText\">\n<p>Cada a\u00f1o, los odont\u00f3logos desde hace casi 97 a\u00f1os celebran su d\u00eda en homenaje al doctor Ra\u00fal Loustal\u00e1n, el que propuso que el 3 de octubre sea considerado como el d\u00eda oficial para celebrar el D\u00eda de la Odontolog\u00eda Latinoamericana.<\/p>\n<p>De acuerdo a los especialistas la mayor\u00eda de los trastornos bucodentales son prevenibles y las recomendaciones y acciones para mantener una boca y dientes sanos se logra teniendo en cuenta las siguientes recomendaciones:<\/p>\n<ul>\n<li>Cepillar los dientes entre 2 y 3 veces por d\u00eda (lo ideal es hacerlo despu\u00e9s de cada comida).<\/li>\n<li>Utilizar hilo dental para limpiar el espacio entre los dientes.<\/li>\n<li>No abusar de golosinas y alimentos ricos en az\u00facar.<\/li>\n<li>Evitar el tabaco y el consumo excesivo de bebidas alcoh\u00f3licas.<\/li>\n<li>Se aconseja visitar al odont\u00f3logo al menos una vez al a\u00f1o para los controles y llegado el caso, realizar un oportuno tratamiento en su etapa inicial.<\/li>\n<\/ul>\n<p>El Departamento de Odontolog\u00eda, a cargo del Dr. Sergio Calvo y de la jefa de Odontolog\u00eda Escolar, Dra. Silvia Rosas, se suma a la celebraci\u00f3n realizando una serie de actividades enfocadas en la prevenci\u00f3n de la salud bucal.<\/p>\n<p>En tal sentido, el Lunes, 3 de Octubre de 9 a 12 hs.; en la Planta Baja del Centro C\u00edvico, se realiza la exposici\u00f3n de banners sobre salud bucal realizada por alumnos coordinados por odont\u00f3logos escolares ,de las 16 escuelas. Adem\u00e1s, cuenta con Consultorio de Odontolog\u00eda que dependen del ministerio de Salud P\u00fablica del Gobierno de San Juan y tambi\u00e9n, la participaci\u00f3n de una escuela de educaci\u00f3n especial.<\/p>\n<p>El Martes, 4 de Octubre la actividad es en las plazas departamentales de la Zona Sanitaria I. Participa el Instituto Odontol\u00f3gico Dr. Cayetano Torcivia y trata tem\u00e1ticas acerca de la concientizaci\u00f3n de la atenci\u00f3n odontol\u00f3gica y su importancia. Se distribuye folleter\u00eda y explicaci\u00f3n de las \u201cT\u00e9cnicas de cepillado e higiene\u201d.<\/p>\n<p>El Mi\u00e9rcoles, 5 de Octubre se desarrolla la misma actividad en los departamentos comprendidos en las zonas sanitarias II y III.<\/p>\n<p>Entre tanto las zonas sanitarias VI y V la actividad est\u00e1 agendada para el Jueves, 6 de Octubre, con las actividades de consejer\u00eda y cuidado de la salud bucal.<\/p>\n<\/div>\n<div class=\"itemContentFooter\"><span class=\"itemDateModified\">Publicado el Domingo, 02 de Octubre de 2022\u00a0<\/span><\/div>\n","protected":false},"excerpt":{"rendered":"<p>Cada a\u00f1o, los odont\u00f3logos desde hace casi 97 a\u00f1os celebran su d\u00eda en homenaje al doctor Ra\u00fal Loustal\u00e1n, el que<\/p>\n","protected":false},"author":3,"featured_media":37082,"comment_status":"closed","ping_status":"closed","sticky":false,"template":"","format":"standard","meta":{"_acf_changed":false,"_seopress_robots_primary_cat":"none","_seopress_titles_title":"","_seopress_titles_desc":"","_seopress_robots_index":"","colormag_page_container_layout":"default_layout","colormag_page_sidebar_layout":"default_layout","footnotes":""},"categories":[1],"tags":[],"class_list":["post-53189","post","type-post","status-publish","format-standard","has-post-thumbnail","hentry","category-destacadas"],"acf":[],"_links":{"self":[{"href":"https:\/\/vocesparalelas.com.ar\/sitio\/wp-json\/wp\/v2\/posts\/53189","targetHints":{"allow":["GET"]}}],"collection":[{"href":"https:\/\/vocesparalelas.com.ar\/sitio\/wp-json\/wp\/v2\/posts"}],"about":[{"href":"https:\/\/vocesparalelas.com.ar\/sitio\/wp-json\/wp\/v2\/types\/post"}],"author":[{"embeddable":true,"href":"https:\/\/vocesparalelas.com.ar\/sitio\/wp-json\/wp\/v2\/users\/3"}],"replies":[{"embeddable":true,"href":"https:\/\/vocesparalelas.com.ar\/sitio\/wp-json\/wp\/v2\/comments?post=53189"}],"version-history":[{"count":2,"href":"https:\/\/vocesparalelas.com.ar\/sitio\/wp-json\/wp\/v2\/posts\/53189\/revisions"}],"predecessor-version":[{"id":53192,"href":"https:\/\/vocesparalelas.com.ar\/sitio\/wp-json\/wp\/v2\/posts\/53189\/revisions\/53192"}],"wp:featuredmedia":[{"embeddable":true,"href":"https:\/\/vocesparalelas.com.ar\/sitio\/wp-json\/wp\/v2\/media\/37082"}],"wp:attachment":[{"href":"https:\/\/vocesparalelas.com.ar\/sitio\/wp-json\/wp\/v2\/media?parent=53189"}],"wp:term":[{"taxonomy":"category","embeddable":true,"href":"https:\/\/vocesparalelas.com.ar\/sitio\/wp-json\/wp\/v2\/categories?post=53189"},{"taxonomy":"post_tag","embeddable":true,"href":"https:\/\/vocesparalelas.com.ar\/sitio\/wp-json\/wp\/v2\/tags?post=53189"}],"curies":[{"name":"wp","href":"https:\/\/api.w.org\/{rel}","templated":true}]}}