{"id":53177,"date":"2022-10-01T23:45:40","date_gmt":"2022-10-02T02:45:40","guid":{"rendered":"https:\/\/vocesparalelas.com.ar\/sitio\/?p=53177"},"modified":"2022-10-02T11:11:15","modified_gmt":"2022-10-02T14:11:15","slug":"se-confirma-el-primer-caso-de-viruela-del-mono-en-san-juan","status":"publish","type":"post","link":"https:\/\/vocesparalelas.com.ar\/sitio\/se-confirma-el-primer-caso-de-viruela-del-mono-en-san-juan\/","title":{"rendered":"Se confirma el primer caso de viruela del mono en San Juan"},"content":{"rendered":"<p>El Ministerio de Salud P\u00fablica del Gobierno de San Juan a trav\u00e9s de la Divisi\u00f3n Epidemiologia confirma el primer caso de viruela s\u00edmica o m\u00e1s conocida como viruela del mono.<\/p>\n<p>El paciente se encuentra en buen estado de salud, contin\u00faa en aislamiento con controles epidemiol\u00f3gicos y m\u00e9dicos.<\/p>\n<p>Por ello, Voces Paralelas entrevist\u00f3 la jefa de la Divisi\u00f3n Epidemiologia del Ministerio de Salud P\u00fablica de San Juan, Dra. M\u00f3nica Jofr\u00e9, quien describi\u00f3 la situaci\u00f3n del paciente que se contagi\u00f3 de la viruela del mono y pone en alerta a la poblaci\u00f3n.<\/p>\n<p><iframe loading=\"lazy\" title=\"DRA M\u00d3NICA JOFR\u00c9\" width=\"800\" height=\"450\" src=\"https:\/\/www.youtube.com\/embed\/4MJlkCLQ3Eo?feature=oembed\" frameborder=\"0\" allow=\"accelerometer; autoplay; clipboard-write; encrypted-media; gyroscope; picture-in-picture\" allowfullscreen><\/iframe><\/p>\n<p>&nbsp;<\/p>\n<p><strong><span style=\"color: #ff0000;\">Viruela s\u00edmica o Viruela del mono<\/span><\/strong><\/p>\n<p><img loading=\"lazy\" decoding=\"async\" class=\"alignnone size-full wp-image-53179\" src=\"https:\/\/vocesparalelas.com.ar\/sitio\/wp-content\/uploads\/2022\/10\/VIRUELA-DEL-MONO.jpg\" alt=\"\" width=\"800\" height=\"444\" srcset=\"https:\/\/vocesparalelas.com.ar\/sitio\/wp-content\/uploads\/2022\/10\/VIRUELA-DEL-MONO.jpg 800w, https:\/\/vocesparalelas.com.ar\/sitio\/wp-content\/uploads\/2022\/10\/VIRUELA-DEL-MONO-300x167.jpg 300w, https:\/\/vocesparalelas.com.ar\/sitio\/wp-content\/uploads\/2022\/10\/VIRUELA-DEL-MONO-768x426.jpg 768w\" sizes=\"auto, (max-width: 800px) 100vw, 800px\" \/><\/p>\n<p><strong><span style=\"color: #ff0000;\">\u00bfQu\u00e9 es?<\/span><\/strong><\/p>\n<p>La viruela s\u00edmica es una enfermedad que se transmite por contacto sexual o por contacto estrecho f\u00edsico. El s\u00edntoma m\u00e1s com\u00fan son las lesiones en la piel parecidas a granos o ampollas, que aparecen en cualquier parte del cuerpo, pero con mayor frecuencia en regiones genitales, perianal, cara, manos y pies.<\/p>\n<p><strong><span style=\"color: #ff0000;\">\u00bfC\u00f3mo se transmite?<\/span><\/strong><\/p>\n<p>La viruela s\u00edmica necesita contacto estrecho, ya sea piel a piel o a trav\u00e9s de las mucosas, para pasar de persona a persona. Por el momento, la v\u00eda principal de transmisi\u00f3n es el contacto estrecho durante las relaciones sexuales. Hay otras v\u00edas menos frecuentes, como el contacto con materiales contaminados de una persona enferma o a trav\u00e9s de secreciones respiratorias en conversaciones cara a cara.<\/p>\n<p><span style=\"color: #ff0000;\"><strong>\u00bfQui\u00e9n tiene riesgo de enfermarse?<\/strong><\/span><\/p>\n<p>Cualquier persona que haya estado en contacto cercano con otra que tenga s\u00edntomas, independientemente de su sexo, su g\u00e9nero, su identidad autopercibida y su orientaci\u00f3n sexual.<\/p>\n<p><strong><span style=\"color: #ff0000;\">\u00bfC\u00f3mo protegerse?<\/span><\/strong><\/p>\n<p>La principal medida de prevenci\u00f3n es evitar el contacto directo, especialmente el sexual, con personas que tienen la infecci\u00f3n o con quienes tienen s\u00edntomas compatibles.<\/p>\n<p>Tambi\u00e9n es aconsejable evitar compartir objetos de uso personal como ropa de cama, toallas, platos y cubiertos o mate.<\/p>\n<p>La mayor\u00eda de las personas transitan la enfermedad de manera leve, pero en algunas puede ser m\u00e1s grave, por ejemplo, en ni\u00f1as y ni\u00f1os, personas gestantes o inmunocomprometidas.<\/p>\n<p><strong><span style=\"color: #ff0000;\">\u00bfQu\u00e9 hacer ante los s\u00edntomas?<\/span><\/strong><\/p>\n<p>Si se detectan las lesiones en el cuerpo, es fundamental consultar r\u00e1pidamente a un centro de salud y evitar el contacto f\u00edsico con otras personas. En el caso de haber estado en contacto con alguna persona con viruela s\u00edmica, prestar atenci\u00f3n a la aparici\u00f3n de los s\u00edntomas para poder actuar de acuerdo con las recomendaciones.<\/p>\n<p>Publicado el S\u00e1bado, 01 de Octubre de 2022<\/p>\n<p>&nbsp;<\/p>\n","protected":false},"excerpt":{"rendered":"<p>El Ministerio de Salud P\u00fablica del Gobierno de San Juan a trav\u00e9s de la Divisi\u00f3n Epidemiologia confirma el primer caso<\/p>\n","protected":false},"author":3,"featured_media":53169,"comment_status":"closed","ping_status":"closed","sticky":false,"template":"","format":"video","meta":{"_acf_changed":false,"_seopress_robots_primary_cat":"none","_seopress_titles_title":"","_seopress_titles_desc":"","_seopress_robots_index":"","colormag_page_container_layout":"default_layout","colormag_page_sidebar_layout":"default_layout","footnotes":""},"categories":[1,7],"tags":[],"class_list":["post-53177","post","type-post","status-publish","format-video","has-post-thumbnail","hentry","category-destacadas","category-videos","post_format-post-format-video"],"acf":[],"_links":{"self":[{"href":"https:\/\/vocesparalelas.com.ar\/sitio\/wp-json\/wp\/v2\/posts\/53177","targetHints":{"allow":["GET"]}}],"collection":[{"href":"https:\/\/vocesparalelas.com.ar\/sitio\/wp-json\/wp\/v2\/posts"}],"about":[{"href":"https:\/\/vocesparalelas.com.ar\/sitio\/wp-json\/wp\/v2\/types\/post"}],"author":[{"embeddable":true,"href":"https:\/\/vocesparalelas.com.ar\/sitio\/wp-json\/wp\/v2\/users\/3"}],"replies":[{"embeddable":true,"href":"https:\/\/vocesparalelas.com.ar\/sitio\/wp-json\/wp\/v2\/comments?post=53177"}],"version-history":[{"count":1,"href":"https:\/\/vocesparalelas.com.ar\/sitio\/wp-json\/wp\/v2\/posts\/53177\/revisions"}],"predecessor-version":[{"id":53180,"href":"https:\/\/vocesparalelas.com.ar\/sitio\/wp-json\/wp\/v2\/posts\/53177\/revisions\/53180"}],"wp:featuredmedia":[{"embeddable":true,"href":"https:\/\/vocesparalelas.com.ar\/sitio\/wp-json\/wp\/v2\/media\/53169"}],"wp:attachment":[{"href":"https:\/\/vocesparalelas.com.ar\/sitio\/wp-json\/wp\/v2\/media?parent=53177"}],"wp:term":[{"taxonomy":"category","embeddable":true,"href":"https:\/\/vocesparalelas.com.ar\/sitio\/wp-json\/wp\/v2\/categories?post=53177"},{"taxonomy":"post_tag","embeddable":true,"href":"https:\/\/vocesparalelas.com.ar\/sitio\/wp-json\/wp\/v2\/tags?post=53177"}],"curies":[{"name":"wp","href":"https:\/\/api.w.org\/{rel}","templated":true}]}}