{"id":53166,"date":"2022-10-01T23:27:10","date_gmt":"2022-10-02T02:27:10","guid":{"rendered":"https:\/\/vocesparalelas.com.ar\/sitio\/?p=53166"},"modified":"2022-10-02T22:05:42","modified_gmt":"2022-10-03T01:05:42","slug":"sumate-a-la-campana-nacional-de-vacunacion-contra-el-sarampion-rubeola-paperas-y-poliomielitis-en-san-juan","status":"publish","type":"post","link":"https:\/\/vocesparalelas.com.ar\/sitio\/sumate-a-la-campana-nacional-de-vacunacion-contra-el-sarampion-rubeola-paperas-y-poliomielitis-en-san-juan\/","title":{"rendered":"Sumate a la Campa\u00f1a Nacional de Vacunaci\u00f3n contra el Sarampi\u00f3n, Rub\u00e9ola, paperas y poliomielitis en San Juan"},"content":{"rendered":"<p>En un encuentro que se desarroll\u00f3 frente al Vacunatorio Central, Espa\u00f1a 87 &#8211; N &#8211; Capital, en la Plaza de Infinito por Descubrir, el Ministerio de Salud P\u00fablica del Gobierno de San Juan inici\u00f3 la Campa\u00f1a Nacional de Vacunaci\u00f3n contra el Sarampi\u00f3n, Rub\u00e9ola, Paperas y Poliomielitis, que la convocatoria se colm\u00f3 de padres, abuelos y ni\u00f1os para recibir la vacuna.<\/p>\n<p>El equipo de Salud del Programa Provincial de Inmunizaciones encabezado por el Lic. Fabio Mu\u00f1oz y dependiente de la Divisi\u00f3n Epidemiolog\u00eda organizaron las diferentes actividades para convocar a los padres con sus hijos y poner en marcha la Campa\u00f1a Nacional de Vacunaci\u00f3n contra el sarampi\u00f3n, rub\u00e9ola, paperas y poliomielitis 2022, que se extender\u00e1 desde el 1 de Octubre al 13 de Noviembre.<\/p>\n<p>La campa\u00f1a incluye a todas las ni\u00f1as y ni\u00f1os de 13 meses a 4 a\u00f1os inclusive, quienes deben recibir las dosis adicionales, gratuitas y obligatorias de las vacunas Triple Viral (contra sarampi\u00f3n, rub\u00e9ola y paperas) e IPV (Vacuna inactivada contra la poliomielitis), m\u00e1s all\u00e1 de las dosis recibidas previamente, sin orden m\u00e9dica, con una poblaci\u00f3n objetivo de 47.024 ni\u00f1os y ni\u00f1as.<\/p>\n<p><img loading=\"lazy\" decoding=\"async\" class=\"alignnone size-full wp-image-53171\" src=\"https:\/\/vocesparalelas.com.ar\/sitio\/wp-content\/uploads\/2022\/10\/CAMPANA-SALUD-04.jpg\" alt=\"\" width=\"800\" height=\"533\" srcset=\"https:\/\/vocesparalelas.com.ar\/sitio\/wp-content\/uploads\/2022\/10\/CAMPANA-SALUD-04.jpg 800w, https:\/\/vocesparalelas.com.ar\/sitio\/wp-content\/uploads\/2022\/10\/CAMPANA-SALUD-04-300x200.jpg 300w, https:\/\/vocesparalelas.com.ar\/sitio\/wp-content\/uploads\/2022\/10\/CAMPANA-SALUD-04-768x512.jpg 768w\" sizes=\"auto, (max-width: 800px) 100vw, 800px\" \/><\/p>\n<p>Por este motivo, Voces Paralelas realiz\u00f3 una entrevista period\u00edstica a la Ministro de Salud P\u00fablica del Gobierno de San Juan, Dra. Alejandra Venerando, quien explic\u00f3 que San Juan se suma a la Campa\u00f1a Nacional de Vacunaci\u00f3n contra el Sarampi\u00f3n, Rub\u00e9ola, paperas y poliomielitis para reforzar la prevenci\u00f3n de las enfermedades en los ni\u00f1os peque\u00f1os.<\/p>\n<p><iframe loading=\"lazy\" title=\"DRA ALEJANDRA VENERANDO\" width=\"800\" height=\"450\" src=\"https:\/\/www.youtube.com\/embed\/asqeNf_7k8s?feature=oembed\" frameborder=\"0\" allow=\"accelerometer; autoplay; clipboard-write; encrypted-media; gyroscope; picture-in-picture\" allowfullscreen><\/iframe><\/p>\n<div class=\"itemFullText\">\n<p>Cada uno de los ni\u00f1os y ni\u00f1as que se acerc\u00f3 al operativo de lanzamiento, recibi\u00f3 por parte del equipo de salud una capa y un antifaz de superh\u00e9roes, galletas, sorpresa, adem\u00e1s disfrutaron de los juegos de la ludoteca y de un obra de t\u00edteres, adem\u00e1s de poder llevarse un malet\u00edn de los segundos mil d\u00edas.<\/p>\n<p><img loading=\"lazy\" decoding=\"async\" class=\"alignnone size-full wp-image-53172\" src=\"https:\/\/vocesparalelas.com.ar\/sitio\/wp-content\/uploads\/2022\/10\/CAMPANA-SALUD-05.jpg\" alt=\"\" width=\"800\" height=\"533\" srcset=\"https:\/\/vocesparalelas.com.ar\/sitio\/wp-content\/uploads\/2022\/10\/CAMPANA-SALUD-05.jpg 800w, https:\/\/vocesparalelas.com.ar\/sitio\/wp-content\/uploads\/2022\/10\/CAMPANA-SALUD-05-300x200.jpg 300w, https:\/\/vocesparalelas.com.ar\/sitio\/wp-content\/uploads\/2022\/10\/CAMPANA-SALUD-05-768x512.jpg 768w\" sizes=\"auto, (max-width: 800px) 100vw, 800px\" \/><\/p>\n<p><img loading=\"lazy\" decoding=\"async\" class=\"alignnone size-full wp-image-53170\" src=\"https:\/\/vocesparalelas.com.ar\/sitio\/wp-content\/uploads\/2022\/10\/CAMPANA-SALUD-03.jpg\" alt=\"\" width=\"800\" height=\"533\" srcset=\"https:\/\/vocesparalelas.com.ar\/sitio\/wp-content\/uploads\/2022\/10\/CAMPANA-SALUD-03.jpg 800w, https:\/\/vocesparalelas.com.ar\/sitio\/wp-content\/uploads\/2022\/10\/CAMPANA-SALUD-03-300x200.jpg 300w, https:\/\/vocesparalelas.com.ar\/sitio\/wp-content\/uploads\/2022\/10\/CAMPANA-SALUD-03-768x512.jpg 768w\" sizes=\"auto, (max-width: 800px) 100vw, 800px\" \/><\/p>\n<p><img loading=\"lazy\" decoding=\"async\" class=\"alignnone size-full wp-image-53173\" src=\"https:\/\/vocesparalelas.com.ar\/sitio\/wp-content\/uploads\/2022\/10\/CAMPANA-SALUD-07.jpg\" alt=\"\" width=\"800\" height=\"533\" srcset=\"https:\/\/vocesparalelas.com.ar\/sitio\/wp-content\/uploads\/2022\/10\/CAMPANA-SALUD-07.jpg 800w, https:\/\/vocesparalelas.com.ar\/sitio\/wp-content\/uploads\/2022\/10\/CAMPANA-SALUD-07-300x200.jpg 300w, https:\/\/vocesparalelas.com.ar\/sitio\/wp-content\/uploads\/2022\/10\/CAMPANA-SALUD-07-768x512.jpg 768w\" sizes=\"auto, (max-width: 800px) 100vw, 800px\" \/><\/p>\n<p>Los pap\u00e1s pueden acercarse por cualquier centro de salud o vacunatorio para que los ni\u00f1os y las ni\u00f1as reciban las vacunas. Tambi\u00e9n se llevaron a cabo acciones de vacunaci\u00f3n en instituciones educativas y puestos m\u00f3viles.<\/p>\n<p>En Argentina el sarampi\u00f3n, la rub\u00e9ola y la poliomielitis son enfermedades que est\u00e1n eliminadas, es decir, que ya no circulan en nuestro pa\u00eds. Sin embargo, a\u00fan provocan brotes en otras partes del mundo. Con estas dosis adicionales se dar\u00e1 mayor protecci\u00f3n y evitar\u00e1 que estas enfermedades resurjan en nuestro pa\u00eds.<\/p>\n<\/div>\n<p>No pod\u00eda faltar la presencia de los t\u00edteres con David Gardiol que se luci\u00f3 ante la presencia de los ni\u00f1os y de los adultos que se transformaron en ni\u00f1os para disfrutar los t\u00edteres que alegraron la jornada.<\/p>\n<p><iframe loading=\"lazy\" title=\"DAVID GARDIOL\" width=\"800\" height=\"450\" src=\"https:\/\/www.youtube.com\/embed\/9x0vNKcn3Yw?feature=oembed\" frameborder=\"0\" allow=\"accelerometer; autoplay; clipboard-write; encrypted-media; gyroscope; picture-in-picture\" allowfullscreen><\/iframe><\/p>\n<div class=\"clr\"><\/div>\n<div class=\"itemContentFooter\"><span class=\"itemDateModified\">Publicado el S\u00e1bado, 01 de Octubre de 2022\u00a0<\/span><\/div>\n","protected":false},"excerpt":{"rendered":"<p>En un encuentro que se desarroll\u00f3 frente al Vacunatorio Central, Espa\u00f1a 87 &#8211; N &#8211; Capital, en la Plaza de<\/p>\n","protected":false},"author":3,"featured_media":53168,"comment_status":"closed","ping_status":"closed","sticky":false,"template":"","format":"video","meta":{"_acf_changed":false,"_seopress_robots_primary_cat":"none","_seopress_titles_title":"","_seopress_titles_desc":"","_seopress_robots_index":"","colormag_page_container_layout":"default_layout","colormag_page_sidebar_layout":"default_layout","footnotes":""},"categories":[1,7],"tags":[],"class_list":["post-53166","post","type-post","status-publish","format-video","has-post-thumbnail","hentry","category-destacadas","category-videos","post_format-post-format-video"],"acf":[],"_links":{"self":[{"href":"https:\/\/vocesparalelas.com.ar\/sitio\/wp-json\/wp\/v2\/posts\/53166","targetHints":{"allow":["GET"]}}],"collection":[{"href":"https:\/\/vocesparalelas.com.ar\/sitio\/wp-json\/wp\/v2\/posts"}],"about":[{"href":"https:\/\/vocesparalelas.com.ar\/sitio\/wp-json\/wp\/v2\/types\/post"}],"author":[{"embeddable":true,"href":"https:\/\/vocesparalelas.com.ar\/sitio\/wp-json\/wp\/v2\/users\/3"}],"replies":[{"embeddable":true,"href":"https:\/\/vocesparalelas.com.ar\/sitio\/wp-json\/wp\/v2\/comments?post=53166"}],"version-history":[{"count":1,"href":"https:\/\/vocesparalelas.com.ar\/sitio\/wp-json\/wp\/v2\/posts\/53166\/revisions"}],"predecessor-version":[{"id":53174,"href":"https:\/\/vocesparalelas.com.ar\/sitio\/wp-json\/wp\/v2\/posts\/53166\/revisions\/53174"}],"wp:featuredmedia":[{"embeddable":true,"href":"https:\/\/vocesparalelas.com.ar\/sitio\/wp-json\/wp\/v2\/media\/53168"}],"wp:attachment":[{"href":"https:\/\/vocesparalelas.com.ar\/sitio\/wp-json\/wp\/v2\/media?parent=53166"}],"wp:term":[{"taxonomy":"category","embeddable":true,"href":"https:\/\/vocesparalelas.com.ar\/sitio\/wp-json\/wp\/v2\/categories?post=53166"},{"taxonomy":"post_tag","embeddable":true,"href":"https:\/\/vocesparalelas.com.ar\/sitio\/wp-json\/wp\/v2\/tags?post=53166"}],"curies":[{"name":"wp","href":"https:\/\/api.w.org\/{rel}","templated":true}]}}