{"id":53126,"date":"2022-09-30T23:17:51","date_gmt":"2022-10-01T02:17:51","guid":{"rendered":"https:\/\/vocesparalelas.com.ar\/sitio\/?p=53126"},"modified":"2023-07-14T12:50:01","modified_gmt":"2023-07-14T15:50:01","slug":"se-inauguro-la-residencia-transitoria-gertrudis-funes-del-hmq-de-san-juan","status":"publish","type":"post","link":"https:\/\/vocesparalelas.com.ar\/sitio\/se-inauguro-la-residencia-transitoria-gertrudis-funes-del-hmq-de-san-juan\/","title":{"rendered":"Se inaugur\u00f3 la residencia transitoria \u00abGertrudis Funes\u00bb del HMQ de San Juan"},"content":{"rendered":"<p>El gobernador de San Juan, Dr. Sergio U\u00f1ac inaugur\u00f3 la residencia transitoria \u00abGertrudis Funes\u00bb, en el Hospital Dr. Marcial Quiroga, Departamento Rivadavia.<\/p>\n<p>A su llegada, recorri\u00f3 las instalaciones del nosocomio en compa\u00f1\u00eda de los ministros de Obras y Servicios P\u00fablicos, Ing. Julio Ortiz Andino y de Salud P\u00fablica, Dra. Alejandra Venerando; el diputado nacional Walberto Allende; funcionarios y personal del \u00e1rea de Salud.<\/p>\n<p>La residencia transitoria est\u00e1 destinada a los acompa\u00f1antes de pacientes de zonas alejadas, especialmente para las personas de escasos recursos econ\u00f3micos y que no poseen familiares en el Gran San Juan.<\/p>\n<p>Las instalaciones est\u00e1n previstas para 20 personas, distribuidas en 2 pabellones, 10 para hombres y la misma cantidad para mujeres, respectivamente, ubicados en 4 dormitorios. Estos est\u00e1n provistos de armarios, sanitarios y otras comodidades, unidos por un n\u00facleo que concentrar\u00e1 una oficina, SUM, cocina, lavadero y dep\u00f3sito. El albergue tiene una ubicaci\u00f3n norte-sur, en paralelo a la avenida Libertador.<\/p>\n<p>El albergue tiene ubicaci\u00f3n norte- sur y est\u00e1 ubicado paralelo a Avenida Libertador.<\/p>\n<p><img loading=\"lazy\" decoding=\"async\" class=\"alignnone size-full wp-image-53128\" src=\"https:\/\/vocesparalelas.com.ar\/sitio\/wp-content\/uploads\/2022\/09\/HMQ-CASITA-03.jpg\" alt=\"\" width=\"800\" height=\"600\" srcset=\"https:\/\/vocesparalelas.com.ar\/sitio\/wp-content\/uploads\/2022\/09\/HMQ-CASITA-03.jpg 800w, https:\/\/vocesparalelas.com.ar\/sitio\/wp-content\/uploads\/2022\/09\/HMQ-CASITA-03-300x225.jpg 300w, https:\/\/vocesparalelas.com.ar\/sitio\/wp-content\/uploads\/2022\/09\/HMQ-CASITA-03-768x576.jpg 768w\" sizes=\"auto, (max-width: 800px) 100vw, 800px\" \/><\/p>\n<p>La ceremonia cont\u00f3 con la bendici\u00f3n de las instalaciones, a cargo del p\u00e1rroco N\u00e9stor Molina.<\/p>\n<p><iframe loading=\"lazy\" title=\"HMQ\" width=\"800\" height=\"450\" src=\"https:\/\/www.youtube.com\/embed\/cnHpwUEVS7c?feature=oembed\" frameborder=\"0\" allow=\"accelerometer; autoplay; clipboard-write; encrypted-media; gyroscope; picture-in-picture; web-share\" allowfullscreen><\/iframe><\/p>\n<p>&nbsp;<\/p>\n<p>En la apertura, el\u00a0gobernador agradeci\u00f3 la tarea de personal del hospital y dem\u00e1s responsables y record\u00f3 una an\u00e9cdota de su paso por la intendencia de Pocito, como corolario de su siguiente reflexi\u00f3n \u00abustedes podr\u00edan haber cumplido estrictamente la tarea por la cual el estado les paga. Lo perif\u00e9rico, que tiene que ver con la vida de los pacientes, lo tomaron como parte de la vida de ustedes como profesionales. Dieron un paso m\u00e1s y se animaron a ponerse en el saco del otro, a que el estado sanjuanino somos todos, los que hemos llevado grandes procesos de transformaci\u00f3n en el \u00faltimo tiempo. Ello me pone muy orgulloso y \u00e9sta es la combinaci\u00f3n perfecta. Lo t\u00e9cnico, lo cient\u00edfico, lo social y lo vinculado al desarrollo de las personas, en este lugar, es la complementaci\u00f3n perfecta\u201d.<\/p>\n<p>\u201cNos hemos animado a hacer una ampliaci\u00f3n del 50 por ciento de la superficie construida, hist\u00f3rico en el Marcial Quiroga, pr\u00f3xima a inaugurar, y esta residencia completa la atenci\u00f3n integral y genera igualdad de oportunidades para todos\u201d, dijo.<\/p>\n<p>Finalmente, U\u00f1ac manifest\u00f3 que realizar\u00e1n en breve una construcci\u00f3n que reemplazar\u00e1 la carpa de espera creada como medida sanitaria durante la pandemia COVID 19 y salud\u00f3 a cada uno de los pacientes que aguardaban en el lugar su turno de atenci\u00f3n en el hospital.<\/p>\n<p>A continuaci\u00f3n, la Dra. Alejandra Venerando agreg\u00f3 que \u201cGertrudis Funes fue la mujer pionera en la atenci\u00f3n de la salud de la mujer, cuando ellas se atend\u00edan en los domicilios. Esta residencia que hoy se inaugura reivindica su obra y pone el foco tambi\u00e9n en la familia de los pacientes. M\u00e1s all\u00e1 de la empat\u00eda que dio forma a este proyecto, hay una decisi\u00f3n pol\u00edtica de realizar la mejor obra para la gente, dentro de los par\u00e1metros de justicia social. Este es un espacio digno para la contenci\u00f3n, alimentaci\u00f3n, higiene y descanso para las personas del interior provincial\u201d.<\/p>\n<p>Luego, el Ing. Ortiz Andino puso el foco en que \u201cdesde un primer momento procedimos con la direcci\u00f3n de arquitectura sobre el proyecto. Les plantee y pregunt\u00e9 cu\u00e1les eran sus necesidades y creo que hemos estado a la altura. Era muy necesario ir terminando esta parte para comenzar con la reestructuraci\u00f3n y remodelaci\u00f3n de la parte vieja\u201d.<\/p>\n<p>\u201cLa gente del interior de nuestra provincia lo va a agradecer much\u00edsimo, as\u00ed como tambi\u00e9n la que vive alejada del Gran San Juan y que de alguna manera tiene que estar casi todo el d\u00eda ac\u00e1 y quiz\u00e1 tomar dos o tres micros para venir, hoy van a tener una verdadera comodidad\u201d.<\/p>\n<p>\u201cLa inversi\u00f3n realizada en el d\u00eda de hoy es importante, pero muy necesaria. La hemos podido llevar adelante, la han podido equipar, la van a saber administrar muy bien y creo que esta va a ser la punta para muchos otros hospitales\u201d, finaliz\u00f3 el ministro.<\/p>\n<p>A su turno, director Ejecutivo del Hospital Dr. Marcial Quiroga, Dr. Andr\u00e9s Escudero dijo que<strong>\u00a0<\/strong>\u201ceste hospital est\u00e1 comprometido con la salud p\u00fablica de la provincia, con personal dedicado a la atenci\u00f3n de los pacientes. El proyecto surge de la observaci\u00f3n del personal del hospital, que detect\u00f3 que los familiares de los pacientes de zonas alejadas permanec\u00edan con ellos todo el tiempo porque no dispon\u00edan de otro lugar para residir. As\u00ed planteada la situaci\u00f3n, surge la idea de crear la casa. Estamos muy orgullosos de la inauguraci\u00f3n, porque significa darles a los familiares calidez humana durante el trance de la internaci\u00f3n de su familiar\u201d, concluy\u00f3 el profesional y agradeci\u00f3 la gesti\u00f3n del personal hospitalario y del gobierno local.<\/p>\n<p><iframe loading=\"lazy\" title=\"HMQ DR ESCUDERO\" width=\"800\" height=\"450\" src=\"https:\/\/www.youtube.com\/embed\/tTLr9hjeZJU?feature=oembed\" frameborder=\"0\" allow=\"accelerometer; autoplay; clipboard-write; encrypted-media; gyroscope; picture-in-picture; web-share\" allowfullscreen><\/iframe><\/p>\n<p>Para cerrar la l\u00ednea de discursos, Lic. Myriam Z\u00e1rate<strong>,\u00a0<\/strong>propulsora del proyecto, explic\u00f3 que la residencia debe servir para que los pacientes se sientan acompa\u00f1ados todo el tiempo y seguidamente agradeci\u00f3 a autoridades del hospital y al resto del personal que trabaja en el lugar.<\/p>\n<div class=\"itemFullText\">\n<p>\u201cEste lugar super\u00f3 nuestras expectativas, ser\u00e1 para reivindicar las tareas de salud que desempe\u00f1amos ac\u00e1. Este proyecto tiene un gran contenido humanitario y social, denominado con el nombre de quien hizo mucho por la salud\u201d, expres\u00f3 la profesional y rememor\u00f3 las dificultades que atravesaron en ocasi\u00f3n de la pandemia. Finalmente, Z\u00e1rate agradeci\u00f3 la intervenci\u00f3n del gobierno local.<\/p>\n<p><iframe loading=\"lazy\" title=\"HMQ\" width=\"800\" height=\"450\" src=\"https:\/\/www.youtube.com\/embed\/_oSocu6S0NY?feature=oembed\" frameborder=\"0\" allow=\"accelerometer; autoplay; clipboard-write; encrypted-media; gyroscope; picture-in-picture; web-share\" allowfullscreen><\/iframe><\/p>\n<p>La iniciativa de la creaci\u00f3n de la residencia transitoria surgi\u00f3 en el a\u00f1o 2016, por voluntad de las Lic. Sandra Garc\u00eda y Myriam Z\u00e1rate y la Dra. Nancy Serer, pertenecientes al hospital Dr. Marcial Quiroga, quienes realizaron un estudio que determin\u00f3 lo vital que ser\u00eda el hogar temporal.<\/p>\n<p>Posteriormente, las profesionales fueron reconocidas por el directorio del nosocomio por ser las impulsoras del importante proyecto solidario.<\/p>\n<p>Adem\u00e1s de los mencionados, asistieron a la inauguraci\u00f3n diputados provinciales; concejales de Rivadavia: Leonardo Lorenzo, Mar\u00eda Villa, Walter V\u00e1zquez, Lucio Rodr\u00edguez; secretario T\u00e9cnico de Salud, Juan Pacheco; secretario Administrativo, CPN Guillermo Benelbaz; de Planificaci\u00f3n, Dra. Alina Almaz\u00e1n; de Obras y Servicios P\u00fablicos, Carlos Roll\u00e1n; Subsecretario de Medicina Preventiva, Dr. Mat\u00edas Espejo; directores del Ministerio de Obras y Servicios P\u00fablicos; director Ejecutivo, Dr. Andr\u00e9s Escudero; de Planificaci\u00f3n y Ejecuci\u00f3n Asistencial, Sergio Albarrac\u00edn y director Administrativo, CPN Daniel Gerveno.<\/p>\n<\/div>\n<p>&nbsp;<\/p>\n<p><iframe loading=\"lazy\" title=\"Sergio U\u00f1ac inaugur\u00f3 la Residencia Transitoria \u201cCasita Gertrudis Funes\u201d en el  Hosp. Marcial Quiroga\" width=\"800\" height=\"450\" src=\"https:\/\/www.youtube.com\/embed\/0zx5wkPWt_A?feature=oembed\" frameborder=\"0\" allow=\"accelerometer; autoplay; clipboard-write; encrypted-media; gyroscope; picture-in-picture\" allowfullscreen><\/iframe><\/p>\n<p>Publicado el <span class=\"itemDateModified\">Viernes, 30 de Septiembre de 2022<\/span><\/p>\n","protected":false},"excerpt":{"rendered":"<p>El gobernador de San Juan, Dr. Sergio U\u00f1ac inaugur\u00f3 la residencia transitoria \u00abGertrudis Funes\u00bb, en el Hospital Dr. Marcial Quiroga,<\/p>\n","protected":false},"author":3,"featured_media":53129,"comment_status":"closed","ping_status":"closed","sticky":false,"template":"","format":"standard","meta":{"_acf_changed":false,"_seopress_robots_primary_cat":"none","_seopress_titles_title":"","_seopress_titles_desc":"","_seopress_robots_index":"","colormag_page_container_layout":"default_layout","colormag_page_sidebar_layout":"default_layout","footnotes":""},"categories":[11,7],"tags":[],"class_list":["post-53126","post","type-post","status-publish","format-standard","has-post-thumbnail","hentry","category-sociales","category-videos"],"acf":[],"_links":{"self":[{"href":"https:\/\/vocesparalelas.com.ar\/sitio\/wp-json\/wp\/v2\/posts\/53126","targetHints":{"allow":["GET"]}}],"collection":[{"href":"https:\/\/vocesparalelas.com.ar\/sitio\/wp-json\/wp\/v2\/posts"}],"about":[{"href":"https:\/\/vocesparalelas.com.ar\/sitio\/wp-json\/wp\/v2\/types\/post"}],"author":[{"embeddable":true,"href":"https:\/\/vocesparalelas.com.ar\/sitio\/wp-json\/wp\/v2\/users\/3"}],"replies":[{"embeddable":true,"href":"https:\/\/vocesparalelas.com.ar\/sitio\/wp-json\/wp\/v2\/comments?post=53126"}],"version-history":[{"count":2,"href":"https:\/\/vocesparalelas.com.ar\/sitio\/wp-json\/wp\/v2\/posts\/53126\/revisions"}],"predecessor-version":[{"id":53187,"href":"https:\/\/vocesparalelas.com.ar\/sitio\/wp-json\/wp\/v2\/posts\/53126\/revisions\/53187"}],"wp:featuredmedia":[{"embeddable":true,"href":"https:\/\/vocesparalelas.com.ar\/sitio\/wp-json\/wp\/v2\/media\/53129"}],"wp:attachment":[{"href":"https:\/\/vocesparalelas.com.ar\/sitio\/wp-json\/wp\/v2\/media?parent=53126"}],"wp:term":[{"taxonomy":"category","embeddable":true,"href":"https:\/\/vocesparalelas.com.ar\/sitio\/wp-json\/wp\/v2\/categories?post=53126"},{"taxonomy":"post_tag","embeddable":true,"href":"https:\/\/vocesparalelas.com.ar\/sitio\/wp-json\/wp\/v2\/tags?post=53126"}],"curies":[{"name":"wp","href":"https:\/\/api.w.org\/{rel}","templated":true}]}}